{"id":9961,"date":"2023-11-10T09:21:43","date_gmt":"2023-11-10T08:21:43","guid":{"rendered":"http:\/\/www.musees-mediterranee.org\/?p=9961"},"modified":"2024-03-05T09:16:07","modified_gmt":"2024-03-05T08:16:07","slug":"gaulois-des-alpes-archeologie-funeraire-et-parures","status":"publish","type":"post","link":"http:\/\/www.musees-mediterranee.org\/index.php\/2023\/11\/10\/gaulois-des-alpes-archeologie-funeraire-et-parures\/","title":{"rendered":"\u00ab Gaulois des Alpes.  Arch\u00e9ologie fun\u00e9raire et parures \u00bb"},"content":{"rendered":"\t\t<div data-elementor-type=\"wp-post\" data-elementor-id=\"9961\" class=\"elementor elementor-9961\" data-elementor-post-type=\"post\">\n\t\t\t\t\t\t<section class=\"elementor-section elementor-top-section elementor-element elementor-element-a1f1e45 elementor-section-boxed elementor-section-height-default elementor-section-height-default exad-glass-effect-no exad-sticky-section-no\" data-id=\"a1f1e45\" data-element_type=\"section\" data-e-type=\"section\">\n\t\t\t\t\t\t<div class=\"elementor-container elementor-column-gap-default\">\n\t\t\t\t\t<div class=\"elementor-column elementor-col-100 elementor-top-column elementor-element elementor-element-9007ad6 exad-glass-effect-no exad-sticky-section-no\" data-id=\"9007ad6\" data-element_type=\"column\" data-e-type=\"column\">\n\t\t\t<div class=\"elementor-widget-wrap elementor-element-populated\">\n\t\t\t\t\t\t<div class=\"elementor-element elementor-element-6dd3f84 exad-sticky-section-no exad-glass-effect-no elementor-widget elementor-widget-text-editor\" data-id=\"6dd3f84\" data-element_type=\"widget\" data-e-type=\"widget\" data-widget_type=\"text-editor.default\">\n\t\t\t\t<div class=\"elementor-widget-container\">\n\t\t\t\t\t\t\t\t\t<p>L\u2019ouvrage \u00ab Gaulois des Alpes. Arch\u00e9ologie fun\u00e9raire et parures \u00bb sous la direction de Nicolas Rouzeau, \u00e9dit\u00e9 par Mus\u00e9es M\u00e9diterran\u00e9e, vient d\u2019\u00eatre publi\u00e9 en cette fin d\u2019ann\u00e9e 2023.<\/p><p>Il est le fruit de sept ann\u00e9es de travail par l\u2019\u00e9quipe du Projet Collectif de Recherche consacr\u00e9 aux n\u00e9cropoles alpines de l\u2019\u00e2ge du Fer, qui a b\u00e9n\u00e9fici\u00e9 du soutien de la DRAC PACA, de la g\u00e9n\u00e9rosit\u00e9 du Pr\u00e9sident de la Sabli\u00e8re du Beynon (m\u00e9c\u00e8ne) et de l\u2019accompagnement de Mus\u00e9es M\u00e9diterran\u00e9e pour la gestion et l\u2019organisation de Journ\u00e9es d\u2019\u00e9tudes. Vingt-trois auteurs ont apport\u00e9 leurs contributions scientifiques pour faire d\u00e9sormais de cet ouvrage une r\u00e9f\u00e9rence, riche d\u2019une documentation abondante provenant de fouilles anciennes et r\u00e9centes, et de collections arch\u00e9ologiques tant publiques que priv\u00e9es, encore m\u00e9connues dont 2500 \u00e9l\u00e9ments de parures sont accessibles sur la base <a href=\"https:\/\/www.culture.eligis-web.com\/?search_hash=16582a4eeb4967\" target=\"_blank\" rel=\"noopener\">Eligis<\/a> de la DRAC PACA.<\/p><p>Consid\u00e9rons cette publication comme une actualisation et un approfondissement de nos connaissances et un nouvel outil pour montrer et expliquer aux publics les collections de leurs terroirs.<\/p>\t\t\t\t\t\t\t\t<\/div>\n\t\t\t\t<\/div>\n\t\t\t\t\t<\/div>\n\t\t<\/div>\n\t\t\t\t\t<\/div>\n\t\t<\/section>\n\t\t\t\t<section class=\"elementor-section elementor-top-section elementor-element elementor-element-e4c6750 elementor-section-boxed elementor-section-height-default elementor-section-height-default exad-glass-effect-no exad-sticky-section-no\" data-id=\"e4c6750\" data-element_type=\"section\" data-e-type=\"section\">\n\t\t\t\t\t\t<div class=\"elementor-container elementor-column-gap-default\">\n\t\t\t\t\t<div class=\"elementor-column elementor-col-100 elementor-top-column elementor-element elementor-element-46677cd exad-glass-effect-no exad-sticky-section-no\" data-id=\"46677cd\" data-element_type=\"column\" data-e-type=\"column\">\n\t\t\t<div class=\"elementor-widget-wrap elementor-element-populated\">\n\t\t\t\t\t\t<div class=\"elementor-element elementor-element-0bdf140 exad-sticky-section-no exad-glass-effect-no elementor-widget elementor-widget-image\" data-id=\"0bdf140\" data-element_type=\"widget\" data-e-type=\"widget\" data-widget_type=\"image.default\">\n\t\t\t\t<div class=\"elementor-widget-container\">\n\t\t\t\t\t\t\t\t\t\t\t\t\t\t\t\t<a href=\"http:\/\/www.musees-mediterranee.org\/wp-content\/uploads\/2023\/11\/Gaulois_Alpes.jpg\" data-elementor-open-lightbox=\"yes\" data-e-action-hash=\"#elementor-action%3Aaction%3Dlightbox%26settings%3DeyJpZCI6OTc3MSwidXJsIjoiaHR0cDpcL1wvd3d3Lm11c2Vlcy1tZWRpdGVycmFuZWUub3JnXC93cC1jb250ZW50XC91cGxvYWRzXC8yMDIzXC8xMVwvR2F1bG9pc19BbHBlcy5qcGcifQ%3D%3D\">\n\t\t\t\t\t\t\t<img fetchpriority=\"high\" decoding=\"async\" width=\"960\" height=\"1134\" src=\"http:\/\/www.musees-mediterranee.org\/wp-content\/uploads\/2023\/11\/Gaulois_Alpes.jpg\" class=\"attachment-full size-full wp-image-9771\" alt=\"\" srcset=\"http:\/\/www.musees-mediterranee.org\/wp-content\/uploads\/2023\/11\/Gaulois_Alpes.jpg 960w, http:\/\/www.musees-mediterranee.org\/wp-content\/uploads\/2023\/11\/Gaulois_Alpes-254x300.jpg 254w, http:\/\/www.musees-mediterranee.org\/wp-content\/uploads\/2023\/11\/Gaulois_Alpes-867x1024.jpg 867w, http:\/\/www.musees-mediterranee.org\/wp-content\/uploads\/2023\/11\/Gaulois_Alpes-768x907.jpg 768w\" sizes=\"(max-width: 960px) 100vw, 960px\" \/>\t\t\t\t\t\t\t\t<\/a>\n\t\t\t\t\t\t\t\t\t\t\t\t\t\t\t<\/div>\n\t\t\t\t<\/div>\n\t\t\t\t\t<\/div>\n\t\t<\/div>\n\t\t\t\t\t<\/div>\n\t\t<\/section>\n\t\t\t\t<\/div>\n\t\t","protected":false},"excerpt":{"rendered":"<p>L\u2019ouvrage \u00ab Gaulois des Alpes. Arch\u00e9ologie fun\u00e9raire et parures \u00bb sous la direction de Nicolas Rouzeau, \u00e9dit\u00e9 par Mus\u00e9es M\u00e9diterran\u00e9e, vient d\u2019\u00eatre publi\u00e9 en cette fin d\u2019ann\u00e9e 2023.<\/p>\n","protected":false},"author":1,"featured_media":9975,"comment_status":"closed","ping_status":"closed","sticky":false,"template":"","format":"standard","meta":{"_acf_changed":false,"_bbp_topic_count":0,"_bbp_reply_count":0,"_bbp_total_topic_count":0,"_bbp_total_reply_count":0,"_bbp_voice_count":0,"_bbp_anonymous_reply_count":0,"_bbp_topic_count_hidden":0,"_bbp_reply_count_hidden":0,"_bbp_forum_subforum_count":0,"iawp_total_views":18,"footnotes":""},"categories":[42,25],"tags":[77],"class_list":["post-9961","post","type-post","status-publish","format-standard","has-post-thumbnail","hentry","category-collections","category-journal","tag-decembre-2023"],"acf":[],"_links":{"self":[{"href":"http:\/\/www.musees-mediterranee.org\/index.php\/wp-json\/wp\/v2\/posts\/9961","targetHints":{"allow":["GET"]}}],"collection":[{"href":"http:\/\/www.musees-mediterranee.org\/index.php\/wp-json\/wp\/v2\/posts"}],"about":[{"href":"http:\/\/www.musees-mediterranee.org\/index.php\/wp-json\/wp\/v2\/types\/post"}],"author":[{"embeddable":true,"href":"http:\/\/www.musees-mediterranee.org\/index.php\/wp-json\/wp\/v2\/users\/1"}],"replies":[{"embeddable":true,"href":"http:\/\/www.musees-mediterranee.org\/index.php\/wp-json\/wp\/v2\/comments?post=9961"}],"version-history":[{"count":0,"href":"http:\/\/www.musees-mediterranee.org\/index.php\/wp-json\/wp\/v2\/posts\/9961\/revisions"}],"wp:featuredmedia":[{"embeddable":true,"href":"http:\/\/www.musees-mediterranee.org\/index.php\/wp-json\/wp\/v2\/media\/9975"}],"wp:attachment":[{"href":"http:\/\/www.musees-mediterranee.org\/index.php\/wp-json\/wp\/v2\/media?parent=9961"}],"wp:term":[{"taxonomy":"category","embeddable":true,"href":"http:\/\/www.musees-mediterranee.org\/index.php\/wp-json\/wp\/v2\/categories?post=9961"},{"taxonomy":"post_tag","embeddable":true,"href":"http:\/\/www.musees-mediterranee.org\/index.php\/wp-json\/wp\/v2\/tags?post=9961"}],"curies":[{"name":"wp","href":"https:\/\/api.w.org\/{rel}","templated":true}]}}