{"id":947,"date":"2017-10-19T15:05:56","date_gmt":"2017-10-19T13:05:56","guid":{"rendered":"http:\/\/www.musees-mediterranee.org\/?p=947"},"modified":"2023-06-20T09:20:40","modified_gmt":"2023-06-20T07:20:40","slug":"journee-atelier-le-catalogue-numerique-dexposition-un-objet-a-inventer","status":"publish","type":"post","link":"http:\/\/www.musees-mediterranee.org\/index.php\/2017\/10\/19\/journee-atelier-le-catalogue-numerique-dexposition-un-objet-a-inventer\/","title":{"rendered":"Journ\u00e9e atelier<br\/>  Le catalogue num\u00e9rique d\u2019exposition,  un objet \u00e0 inventer<br\/>  19 octobre 2017"},"content":{"rendered":"\t\t<div data-elementor-type=\"wp-post\" data-elementor-id=\"947\" class=\"elementor elementor-947\" data-elementor-post-type=\"post\">\n\t\t\t\t\t\t<section class=\"elementor-section elementor-top-section elementor-element elementor-element-5adb82f elementor-section-boxed elementor-section-height-default elementor-section-height-default exad-glass-effect-no exad-sticky-section-no\" data-id=\"5adb82f\" data-element_type=\"section\" data-e-type=\"section\">\n\t\t\t\t\t\t<div class=\"elementor-container elementor-column-gap-default\">\n\t\t\t\t\t<div class=\"elementor-column elementor-col-100 elementor-top-column elementor-element elementor-element-60d509f exad-glass-effect-no exad-sticky-section-no\" data-id=\"60d509f\" data-element_type=\"column\" data-e-type=\"column\">\n\t\t\t<div class=\"elementor-widget-wrap elementor-element-populated\">\n\t\t\t\t\t\t<div class=\"elementor-element elementor-element-89da2ac exad-sticky-section-no exad-glass-effect-no elementor-widget elementor-widget-text-editor\" data-id=\"89da2ac\" data-element_type=\"widget\" data-e-type=\"widget\" data-widget_type=\"text-editor.default\">\n\t\t\t\t<div class=\"elementor-widget-container\">\n\t\t\t\t\t\t\t\t\t<p>L\u2019AGCCPF PACA propose une journ\u00e9e atelier, intitul\u00e9e \u00ab Le catalogue num\u00e9rique d\u2019exposition, un objet \u00e0 inventer \u00bb. Cette journ\u00e9e, organis\u00e9e, en partenariat avec l\u2019\u00c9cole nationale sup\u00e9rieure de la photographie \u00e0 Arles (ENSP), l&#8217;Agence r\u00e9gionale du livre (ARL) et la Ville d\u2019Arles aura lieu le <strong>jeudi 19 octobre 2017<\/strong> de 9h30 \u00e0 17h30 \u00e0 l&#8217;Enclos Saint-C\u00e9saire d\u2019Arles.<\/p><p><a href=\"http:\/\/www.musees-mediterranee.org\/wp-content\/uploads\/2020\/10\/reseauDoc_321_0RFW.pdf\" target=\"_blank\" rel=\"noopener\">T\u00e9l\u00e9charger le programme<\/a><\/p>\t\t\t\t\t\t\t\t<\/div>\n\t\t\t\t<\/div>\n\t\t\t\t\t<\/div>\n\t\t<\/div>\n\t\t\t\t\t<\/div>\n\t\t<\/section>\n\t\t\t\t<\/div>\n\t\t","protected":false},"excerpt":{"rendered":"<p>L\u2019AGCCPF PACA propose une journ\u00e9e atelier, intitul\u00e9e \u00ab Le catalogue num\u00e9rique d\u2019exposition, un objet \u00e0 inventer \u00bb. Cette journ\u00e9e, organis\u00e9e, en partenariat avec l\u2019\u00c9cole nationale sup\u00e9rieure de la photographie \u00e0&hellip; <\/p>\n","protected":false},"author":1,"featured_media":0,"comment_status":"closed","ping_status":"closed","sticky":false,"template":"","format":"standard","meta":{"_acf_changed":false,"_bbp_topic_count":0,"_bbp_reply_count":0,"_bbp_total_topic_count":0,"_bbp_total_reply_count":0,"_bbp_voice_count":0,"_bbp_anonymous_reply_count":0,"_bbp_topic_count_hidden":0,"_bbp_reply_count_hidden":0,"_bbp_forum_subforum_count":0,"iawp_total_views":7,"footnotes":""},"categories":[48,11],"tags":[],"class_list":["post-947","post","type-post","status-publish","format-standard","hentry","category-archive_reseau","category-reseau-2017"],"acf":[],"_links":{"self":[{"href":"http:\/\/www.musees-mediterranee.org\/index.php\/wp-json\/wp\/v2\/posts\/947","targetHints":{"allow":["GET"]}}],"collection":[{"href":"http:\/\/www.musees-mediterranee.org\/index.php\/wp-json\/wp\/v2\/posts"}],"about":[{"href":"http:\/\/www.musees-mediterranee.org\/index.php\/wp-json\/wp\/v2\/types\/post"}],"author":[{"embeddable":true,"href":"http:\/\/www.musees-mediterranee.org\/index.php\/wp-json\/wp\/v2\/users\/1"}],"replies":[{"embeddable":true,"href":"http:\/\/www.musees-mediterranee.org\/index.php\/wp-json\/wp\/v2\/comments?post=947"}],"version-history":[{"count":0,"href":"http:\/\/www.musees-mediterranee.org\/index.php\/wp-json\/wp\/v2\/posts\/947\/revisions"}],"wp:attachment":[{"href":"http:\/\/www.musees-mediterranee.org\/index.php\/wp-json\/wp\/v2\/media?parent=947"}],"wp:term":[{"taxonomy":"category","embeddable":true,"href":"http:\/\/www.musees-mediterranee.org\/index.php\/wp-json\/wp\/v2\/categories?post=947"},{"taxonomy":"post_tag","embeddable":true,"href":"http:\/\/www.musees-mediterranee.org\/index.php\/wp-json\/wp\/v2\/tags?post=947"}],"curies":[{"name":"wp","href":"https:\/\/api.w.org\/{rel}","templated":true}]}}