{"id":9085,"date":"2023-09-29T14:23:47","date_gmt":"2023-09-29T12:23:47","guid":{"rendered":"http:\/\/www.musees-mediterranee.org\/?p=9085"},"modified":"2023-10-30T09:08:54","modified_gmt":"2023-10-30T08:08:54","slug":"journees-detude-sur-le-statut-juridique-des-collections","status":"publish","type":"post","link":"http:\/\/www.musees-mediterranee.org\/index.php\/2023\/09\/29\/journees-detude-sur-le-statut-juridique-des-collections\/","title":{"rendered":"Journ\u00e9es d\u2019\u00e9tude sur le statut juridique des collections"},"content":{"rendered":"\t\t<div data-elementor-type=\"wp-post\" data-elementor-id=\"9085\" class=\"elementor elementor-9085\" data-elementor-post-type=\"post\">\n\t\t\t\t\t\t<section class=\"elementor-section elementor-top-section elementor-element elementor-element-8a91d4f elementor-section-boxed elementor-section-height-default elementor-section-height-default exad-glass-effect-no exad-sticky-section-no\" data-id=\"8a91d4f\" data-element_type=\"section\" data-e-type=\"section\">\n\t\t\t\t\t\t<div class=\"elementor-container elementor-column-gap-default\">\n\t\t\t\t\t<div class=\"elementor-column elementor-col-100 elementor-top-column elementor-element elementor-element-e85e98f exad-glass-effect-no exad-sticky-section-no\" data-id=\"e85e98f\" data-element_type=\"column\" data-e-type=\"column\">\n\t\t\t<div class=\"elementor-widget-wrap elementor-element-populated\">\n\t\t\t\t\t\t<div class=\"elementor-element elementor-element-5364307 exad-sticky-section-no exad-glass-effect-no elementor-widget elementor-widget-text-editor\" data-id=\"5364307\" data-element_type=\"widget\" data-e-type=\"widget\" data-widget_type=\"text-editor.default\">\n\t\t\t\t<div class=\"elementor-widget-container\">\n\t\t\t\t\t\t\t\t\t<p>La DRAC Occitanie, le D\u00e9partement de l\u2019H\u00e9rault et le Pays Haut Languedoc et Vignobles organisent les journ\u00e9es d\u2019\u00e9tude sur le statut juridique des collections.<\/p><p>Elles auront lieu le jeudi 5 octobre 2023 \u00e0 Saint-Pons-de-Thomi\u00e8res et le jeudi 19 octobre 2023 \u00e0 Lod\u00e8ve.<\/p><p>L\u2019inscription \u00e0 ces journ\u00e9es d\u2019\u00e9tude est \u00e0 <strong>renseigner individuellement avant le 2 octobre 2023 par <span style=\"text-decoration: underline; color: #000000;\"><a style=\"color: #000000; text-decoration: underline;\" href=\"https:\/\/docs.google.com\/forms\/d\/e\/1FAIpQLSfGYh1K32tasHl8mDiYnRCMIUH-Cr55VpfDNKbrbtzN5Ho3Ug\/viewform\" target=\"_blank\" rel=\"noopener\">ce lien<\/a><\/span><\/strong> dans lequel vous trouverez le programme d\u00e9taill\u00e9.<\/p><p>Ces journ\u00e9es d&#8217;\u00e9tude sont ouvertes aux gestionnaires de collections patrimoniales : \u00e9lus, agents des collectivit\u00e9s territoriales, personnes b\u00e9n\u00e9voles ou collectionneurs priv\u00e9s.<\/p>\t\t\t\t\t\t\t\t<\/div>\n\t\t\t\t<\/div>\n\t\t\t\t\t<\/div>\n\t\t<\/div>\n\t\t\t\t\t<\/div>\n\t\t<\/section>\n\t\t\t\t<\/div>\n\t\t","protected":false},"excerpt":{"rendered":"<p>La DRAC Occitanie, le D\u00e9partement de l\u2019H\u00e9rault et le Pays Haut Languedoc et Vignobles organisent les journ\u00e9es d\u2019\u00e9tude sur le statut juridique des collections. Elles auront lieu le jeudi 5&hellip; <\/p>\n","protected":false},"author":1,"featured_media":0,"comment_status":"closed","ping_status":"closed","sticky":false,"template":"","format":"standard","meta":{"_acf_changed":false,"_bbp_topic_count":0,"_bbp_reply_count":0,"_bbp_total_topic_count":0,"_bbp_total_reply_count":0,"_bbp_voice_count":0,"_bbp_anonymous_reply_count":0,"_bbp_topic_count_hidden":0,"_bbp_reply_count_hidden":0,"_bbp_forum_subforum_count":0,"iawp_total_views":2,"footnotes":""},"categories":[19],"tags":[],"class_list":["post-9085","post","type-post","status-publish","format-standard","hentry","category-pas-en-ligne"],"acf":[],"_links":{"self":[{"href":"http:\/\/www.musees-mediterranee.org\/index.php\/wp-json\/wp\/v2\/posts\/9085","targetHints":{"allow":["GET"]}}],"collection":[{"href":"http:\/\/www.musees-mediterranee.org\/index.php\/wp-json\/wp\/v2\/posts"}],"about":[{"href":"http:\/\/www.musees-mediterranee.org\/index.php\/wp-json\/wp\/v2\/types\/post"}],"author":[{"embeddable":true,"href":"http:\/\/www.musees-mediterranee.org\/index.php\/wp-json\/wp\/v2\/users\/1"}],"replies":[{"embeddable":true,"href":"http:\/\/www.musees-mediterranee.org\/index.php\/wp-json\/wp\/v2\/comments?post=9085"}],"version-history":[{"count":0,"href":"http:\/\/www.musees-mediterranee.org\/index.php\/wp-json\/wp\/v2\/posts\/9085\/revisions"}],"wp:attachment":[{"href":"http:\/\/www.musees-mediterranee.org\/index.php\/wp-json\/wp\/v2\/media?parent=9085"}],"wp:term":[{"taxonomy":"category","embeddable":true,"href":"http:\/\/www.musees-mediterranee.org\/index.php\/wp-json\/wp\/v2\/categories?post=9085"},{"taxonomy":"post_tag","embeddable":true,"href":"http:\/\/www.musees-mediterranee.org\/index.php\/wp-json\/wp\/v2\/tags?post=9085"}],"curies":[{"name":"wp","href":"https:\/\/api.w.org\/{rel}","templated":true}]}}