{"id":8874,"date":"2023-08-30T09:09:31","date_gmt":"2023-08-30T07:09:31","guid":{"rendered":"http:\/\/www.musees-mediterranee.org\/?p=8874"},"modified":"2023-12-20T10:37:14","modified_gmt":"2023-12-20T09:37:14","slug":"rencontre-au-musee-departemental-des-arts-asiatiques-a-nice30-mai-2023","status":"publish","type":"post","link":"http:\/\/www.musees-mediterranee.org\/index.php\/2023\/08\/30\/rencontre-au-musee-departemental-des-arts-asiatiques-a-nice30-mai-2023\/","title":{"rendered":"Rencontre au mus\u00e9e d\u00e9partemental<br>des Arts asiatiques \u00e0 Nice<br>30 mai 2023"},"content":{"rendered":"\t\t<div data-elementor-type=\"wp-post\" data-elementor-id=\"8874\" class=\"elementor elementor-8874\" data-elementor-post-type=\"post\">\n\t\t\t\t\t\t<section class=\"elementor-section elementor-top-section elementor-element elementor-element-98527fb elementor-section-boxed elementor-section-height-default elementor-section-height-default exad-glass-effect-no exad-sticky-section-no\" data-id=\"98527fb\" data-element_type=\"section\" data-e-type=\"section\">\n\t\t\t\t\t\t<div class=\"elementor-container elementor-column-gap-default\">\n\t\t\t\t\t<div class=\"elementor-column elementor-col-100 elementor-top-column elementor-element elementor-element-4be5022 exad-glass-effect-no exad-sticky-section-no\" data-id=\"4be5022\" data-element_type=\"column\" data-e-type=\"column\">\n\t\t\t<div class=\"elementor-widget-wrap elementor-element-populated\">\n\t\t\t\t\t\t<div class=\"elementor-element elementor-element-91b8d63 exad-sticky-section-no exad-glass-effect-no elementor-widget elementor-widget-text-editor\" data-id=\"91b8d63\" data-element_type=\"widget\" data-e-type=\"widget\" data-widget_type=\"text-editor.default\">\n\t\t\t\t<div class=\"elementor-widget-container\">\n\t\t\t\t\t\t\t\t\t<p>Mus\u00e9es M\u00e9diterran\u00e9e propose des rendez-vous pour communiquer sur ses actions et susciter des liens entre les professionnels en charge des collections et de leur m\u00e9diation. Ces rencontres sont \u00e9galement ouvertes aux coll\u00e8gues non adh\u00e9rents afin de leur pr\u00e9senter les actions et les projets de l&#8217;association, les publications et les ressources en ligne, et les inviter \u00e0 en devenir membre. La p\u00e9rennit\u00e9 des actions conduites depuis de nombreuses ann\u00e9es repose sur la participation de tous les adh\u00e9rents qui sont invit\u00e9s \u00e0 contribuer aux divers projets en cours ou \u00e0 en initier.<br \/>La premi\u00e8re rencontre s&#8217;est tenue \u00e0 Nice, au mus\u00e9e des Arts asiatiques, mus\u00e9e d\u00e9partemental des Alpes-Maritimes, le mardi 30 mai 2023. La matin\u00e9e a \u00e9t\u00e9 consacr\u00e9e \u00e0 des \u00e9changes sympathiques qui se sont poursuivis l&#8217;apr\u00e8s-midi par la visite de l&#8217;exposition temporaire \u00ab L&#8217; Asie sans r\u00e9serve, vol. 1 \u00bb, des salles d&#8217;exposition permanente et des r\u00e9serves, sous la conduite d&#8217;Adrien Bossard, conservateur du patrimoine et directeur du mus\u00e9e. Nous le remercions vivement, ainsi que son \u00e9quipe, pour l&#8217;accueil si agr\u00e9able qui nous a \u00e9t\u00e9 r\u00e9serv\u00e9 tout au long de la journ\u00e9e. Cette visite, passionnante, ne peut qu&#8217;inciter \u00e0 revenir dans ce beau mus\u00e9e.<\/p>\t\t\t\t\t\t\t\t<\/div>\n\t\t\t\t<\/div>\n\t\t\t\t<div class=\"elementor-element elementor-element-577df20 exad-sticky-section-no exad-glass-effect-no elementor-widget elementor-widget-image\" data-id=\"577df20\" data-element_type=\"widget\" data-e-type=\"widget\" data-widget_type=\"image.default\">\n\t\t\t\t<div class=\"elementor-widget-container\">\n\t\t\t\t\t\t\t\t\t\t\t\t<figure class=\"wp-caption\">\n\t\t\t\t\t\t\t\t\t\t\t<a href=\"http:\/\/www.musees-mediterranee.org\/wp-content\/uploads\/2023\/08\/MM_Musee-Arts-asiatiques-Nice_20230530_E.jpg\" data-elementor-open-lightbox=\"yes\" data-e-action-hash=\"#elementor-action%3Aaction%3Dlightbox%26settings%3DeyJpZCI6OTA0MywidXJsIjoiaHR0cDpcL1wvd3d3Lm11c2Vlcy1tZWRpdGVycmFuZWUub3JnXC93cC1jb250ZW50XC91cGxvYWRzXC8yMDIzXC8wOFwvTU1fTXVzZWUtQXJ0cy1hc2lhdGlxdWVzLU5pY2VfMjAyMzA1MzBfRS5qcGcifQ%3D%3D\">\n\t\t\t\t\t\t\t<img fetchpriority=\"high\" decoding=\"async\" width=\"1208\" height=\"907\" src=\"http:\/\/www.musees-mediterranee.org\/wp-content\/uploads\/2023\/08\/MM_Musee-Arts-asiatiques-Nice_20230530_E.jpg\" class=\"attachment-full size-full wp-image-9043\" alt=\"\" srcset=\"http:\/\/www.musees-mediterranee.org\/wp-content\/uploads\/2023\/08\/MM_Musee-Arts-asiatiques-Nice_20230530_E.jpg 1208w, http:\/\/www.musees-mediterranee.org\/wp-content\/uploads\/2023\/08\/MM_Musee-Arts-asiatiques-Nice_20230530_E-300x225.jpg 300w, http:\/\/www.musees-mediterranee.org\/wp-content\/uploads\/2023\/08\/MM_Musee-Arts-asiatiques-Nice_20230530_E-1024x769.jpg 1024w, http:\/\/www.musees-mediterranee.org\/wp-content\/uploads\/2023\/08\/MM_Musee-Arts-asiatiques-Nice_20230530_E-768x577.jpg 768w\" sizes=\"(max-width: 1208px) 100vw, 1208px\" \/>\t\t\t\t\t\t\t\t<\/a>\n\t\t\t\t\t\t\t\t\t\t\t<figcaption class=\"widget-image-caption wp-caption-text\">Pr\u00e9sentation des activit\u00e9s de l\u2019association \u00a9 Mus\u00e9es M\u00e9diterran\u00e9e<\/figcaption>\n\t\t\t\t\t\t\t\t\t\t<\/figure>\n\t\t\t\t\t\t\t\t\t<\/div>\n\t\t\t\t<\/div>\n\t\t\t\t\t<\/div>\n\t\t<\/div>\n\t\t\t\t\t<\/div>\n\t\t<\/section>\n\t\t\t\t<\/div>\n\t\t","protected":false},"excerpt":{"rendered":"<p>Mus\u00e9es M\u00e9diterran\u00e9e propose des rendez-vous pour communiquer sur ses actions et susciter des liens entre les professionnels en charge des collections et de leur m\u00e9diation.<\/p>\n","protected":false},"author":1,"featured_media":9043,"comment_status":"closed","ping_status":"closed","sticky":false,"template":"","format":"standard","meta":{"_acf_changed":false,"_bbp_topic_count":0,"_bbp_reply_count":0,"_bbp_total_topic_count":0,"_bbp_total_reply_count":0,"_bbp_voice_count":0,"_bbp_anonymous_reply_count":0,"_bbp_topic_count_hidden":0,"_bbp_reply_count_hidden":0,"_bbp_forum_subforum_count":0,"iawp_total_views":8,"footnotes":""},"categories":[25,73],"tags":[75],"class_list":["post-8874","post","type-post","status-publish","format-standard","has-post-thumbnail","hentry","category-journal","category-rencontres","tag-octobre-2023"],"acf":[],"_links":{"self":[{"href":"http:\/\/www.musees-mediterranee.org\/index.php\/wp-json\/wp\/v2\/posts\/8874","targetHints":{"allow":["GET"]}}],"collection":[{"href":"http:\/\/www.musees-mediterranee.org\/index.php\/wp-json\/wp\/v2\/posts"}],"about":[{"href":"http:\/\/www.musees-mediterranee.org\/index.php\/wp-json\/wp\/v2\/types\/post"}],"author":[{"embeddable":true,"href":"http:\/\/www.musees-mediterranee.org\/index.php\/wp-json\/wp\/v2\/users\/1"}],"replies":[{"embeddable":true,"href":"http:\/\/www.musees-mediterranee.org\/index.php\/wp-json\/wp\/v2\/comments?post=8874"}],"version-history":[{"count":0,"href":"http:\/\/www.musees-mediterranee.org\/index.php\/wp-json\/wp\/v2\/posts\/8874\/revisions"}],"wp:featuredmedia":[{"embeddable":true,"href":"http:\/\/www.musees-mediterranee.org\/index.php\/wp-json\/wp\/v2\/media\/9043"}],"wp:attachment":[{"href":"http:\/\/www.musees-mediterranee.org\/index.php\/wp-json\/wp\/v2\/media?parent=8874"}],"wp:term":[{"taxonomy":"category","embeddable":true,"href":"http:\/\/www.musees-mediterranee.org\/index.php\/wp-json\/wp\/v2\/categories?post=8874"},{"taxonomy":"post_tag","embeddable":true,"href":"http:\/\/www.musees-mediterranee.org\/index.php\/wp-json\/wp\/v2\/tags?post=8874"}],"curies":[{"name":"wp","href":"https:\/\/api.w.org\/{rel}","templated":true}]}}