{"id":847,"date":"2020-10-28T10:58:22","date_gmt":"2020-10-28T09:58:22","guid":{"rendered":"http:\/\/www.musees-mediterranee.org\/?p=847"},"modified":"2023-07-05T12:05:09","modified_gmt":"2023-07-05T10:05:09","slug":"colloque-loimos-pestis-pestes-regards-croises-sur-les-grands-fleaux-epidemiques-en-direct-sur-la-chaine-youtube-des-musees-de-marseille","status":"publish","type":"post","link":"http:\/\/www.musees-mediterranee.org\/index.php\/2020\/10\/28\/colloque-loimos-pestis-pestes-regards-croises-sur-les-grands-fleaux-epidemiques-en-direct-sur-la-chaine-youtube-des-musees-de-marseille\/","title":{"rendered":"Colloque \u00ab Loimos, pestis, pestes. Regards crois\u00e9s sur les grands fl\u00e9aux \u00e9pid\u00e9miques \u00bb"},"content":{"rendered":"\t\t<div data-elementor-type=\"wp-post\" data-elementor-id=\"847\" class=\"elementor elementor-847\" data-elementor-post-type=\"post\">\n\t\t\t\t\t\t<section class=\"elementor-section elementor-top-section elementor-element elementor-element-1adf elementor-section-boxed elementor-section-height-default elementor-section-height-default exad-glass-effect-no exad-sticky-section-no\" data-id=\"1adf\" data-element_type=\"section\" data-e-type=\"section\">\n\t\t\t\t\t\t<div class=\"elementor-container elementor-column-gap-default\">\n\t\t\t\t\t<div class=\"elementor-column elementor-col-100 elementor-top-column elementor-element elementor-element-132c exad-glass-effect-no exad-sticky-section-no\" data-id=\"132c\" data-element_type=\"column\" data-e-type=\"column\">\n\t\t\t<div class=\"elementor-widget-wrap elementor-element-populated\">\n\t\t\t\t\t\t<div class=\"elementor-element elementor-element-41f5 exad-sticky-section-no exad-glass-effect-no elementor-widget elementor-widget-text-editor\" data-id=\"41f5\" data-element_type=\"widget\" data-e-type=\"widget\" data-widget_type=\"text-editor.default\">\n\t\t\t\t<div class=\"elementor-widget-container\">\n\t\t\t\t\t\t\t\t\t<div><p>Le colloque \u00ab Loimos, pestis, pestes. Regards crois\u00e9s sur les grands fl\u00e9aux \u00e9pid\u00e9miques \u00bb qui a eu lieu du 27 au 30 octobre 2020 est retransmis sur la cha\u00eene YouTube des Mus\u00e9es de Marseille \u00e0 <a href=\"https:\/\/www.youtube.com\/playlist?list=PLok-Exu1uYxUbI_cwhP79RR0c4Un-nYBY\" target=\"_blank\" rel=\"noopener\">ce lien<\/a>.<\/p><p><a href=\"http:\/\/www.musees-mediterranee.org\/wp-content\/uploads\/2020\/10\/programme_colloque_20201030.pdf\" target=\"_blank\" rel=\"noopener\">D\u00e9tails du programme<\/a><\/p><p>L\u2019ouverture de ce colloque est \u00e9galement celle de l\u2019exposition-dossier \u00ab Chercheurs de peste \u00bb, pr\u00e9sent\u00e9e au mus\u00e9e d\u2019Histoire de Marseille dans le cadre de la <a href=\"https:\/\/musees.marseille.fr\/marseille-en-temps-de-peste-1720-1722-2020-2022\" target=\"_blank\" rel=\"noopener\">comm\u00e9moration du tricentenaire de la peste de 1720 \u00e0 Marseille<\/a>.<\/p><\/div>\t\t\t\t\t\t\t\t<\/div>\n\t\t\t\t<\/div>\n\t\t\t\t\t<\/div>\n\t\t<\/div>\n\t\t\t\t\t<\/div>\n\t\t<\/section>\n\t\t\t\t<section class=\"elementor-section elementor-top-section elementor-element elementor-element-df6e194 elementor-section-boxed elementor-section-height-default elementor-section-height-default exad-glass-effect-no exad-sticky-section-no\" data-id=\"df6e194\" data-element_type=\"section\" data-e-type=\"section\">\n\t\t\t\t\t\t<div class=\"elementor-container elementor-column-gap-default\">\n\t\t\t\t\t<div class=\"elementor-column elementor-col-100 elementor-top-column elementor-element elementor-element-5664b95 exad-glass-effect-no exad-sticky-section-no\" data-id=\"5664b95\" data-element_type=\"column\" data-e-type=\"column\">\n\t\t\t<div class=\"elementor-widget-wrap elementor-element-populated\">\n\t\t\t\t\t\t<div class=\"elementor-element elementor-element-22ad0bf exad-sticky-section-no exad-glass-effect-no elementor-widget elementor-widget-spacer\" data-id=\"22ad0bf\" data-element_type=\"widget\" data-e-type=\"widget\" data-widget_type=\"spacer.default\">\n\t\t\t\t<div class=\"elementor-widget-container\">\n\t\t\t\t\t\t\t<div class=\"elementor-spacer\">\n\t\t\t<div class=\"elementor-spacer-inner\"><\/div>\n\t\t<\/div>\n\t\t\t\t\t\t<\/div>\n\t\t\t\t<\/div>\n\t\t\t\t\t<\/div>\n\t\t<\/div>\n\t\t\t\t\t<\/div>\n\t\t<\/section>\n\t\t\t\t<\/div>\n\t\t","protected":false},"excerpt":{"rendered":"<p>Le colloque \u00ab Loimos, pestis, pestes. Regards crois\u00e9s sur les grands fl\u00e9aux \u00e9pid\u00e9miques \u00bb qui a eu lieu du 27 au 30 octobre 2020 est retransmis sur la cha\u00eene YouTube&hellip; <\/p>\n","protected":false},"author":1,"featured_media":0,"comment_status":"closed","ping_status":"closed","sticky":false,"template":"","format":"standard","meta":{"_acf_changed":false,"_bbp_topic_count":0,"_bbp_reply_count":0,"_bbp_total_topic_count":0,"_bbp_total_reply_count":0,"_bbp_voice_count":0,"_bbp_anonymous_reply_count":0,"_bbp_topic_count_hidden":0,"_bbp_reply_count_hidden":0,"_bbp_forum_subforum_count":0,"iawp_total_views":8,"footnotes":""},"categories":[72],"tags":[],"class_list":["post-847","post","type-post","status-publish","format-standard","hentry","category-informations"],"acf":[],"_links":{"self":[{"href":"http:\/\/www.musees-mediterranee.org\/index.php\/wp-json\/wp\/v2\/posts\/847","targetHints":{"allow":["GET"]}}],"collection":[{"href":"http:\/\/www.musees-mediterranee.org\/index.php\/wp-json\/wp\/v2\/posts"}],"about":[{"href":"http:\/\/www.musees-mediterranee.org\/index.php\/wp-json\/wp\/v2\/types\/post"}],"author":[{"embeddable":true,"href":"http:\/\/www.musees-mediterranee.org\/index.php\/wp-json\/wp\/v2\/users\/1"}],"replies":[{"embeddable":true,"href":"http:\/\/www.musees-mediterranee.org\/index.php\/wp-json\/wp\/v2\/comments?post=847"}],"version-history":[{"count":0,"href":"http:\/\/www.musees-mediterranee.org\/index.php\/wp-json\/wp\/v2\/posts\/847\/revisions"}],"wp:attachment":[{"href":"http:\/\/www.musees-mediterranee.org\/index.php\/wp-json\/wp\/v2\/media?parent=847"}],"wp:term":[{"taxonomy":"category","embeddable":true,"href":"http:\/\/www.musees-mediterranee.org\/index.php\/wp-json\/wp\/v2\/categories?post=847"},{"taxonomy":"post_tag","embeddable":true,"href":"http:\/\/www.musees-mediterranee.org\/index.php\/wp-json\/wp\/v2\/tags?post=847"}],"curies":[{"name":"wp","href":"https:\/\/api.w.org\/{rel}","templated":true}]}}