{"id":8287,"date":"2023-06-10T08:55:12","date_gmt":"2023-06-10T06:55:12","guid":{"rendered":"http:\/\/www.musees-mediterranee.org\/?p=8287"},"modified":"2024-10-22T09:12:12","modified_gmt":"2024-10-22T07:12:12","slug":"projet-de-recherche-documentaire-sur-la-necropole-de-lage-du-fer-de-cagnano-haute-corse_2","status":"publish","type":"post","link":"http:\/\/www.musees-mediterranee.org\/index.php\/2023\/06\/10\/projet-de-recherche-documentaire-sur-la-necropole-de-lage-du-fer-de-cagnano-haute-corse_2\/","title":{"rendered":"Projet de recherche documentaire sur la n\u00e9cropole de l&#8217;\u00e2ge du Fer de Cagnano (Haute-Corse)_2"},"content":{"rendered":"\t\t<div data-elementor-type=\"wp-post\" data-elementor-id=\"8287\" class=\"elementor elementor-8287\" data-elementor-post-type=\"post\">\n\t\t\t\t\t\t<section class=\"elementor-section elementor-top-section elementor-element elementor-element-7bb232f elementor-section-boxed elementor-section-height-default elementor-section-height-default exad-glass-effect-no exad-sticky-section-no\" data-id=\"7bb232f\" data-element_type=\"section\" data-e-type=\"section\">\n\t\t\t\t\t\t<div class=\"elementor-container elementor-column-gap-default\">\n\t\t\t\t\t<div class=\"elementor-column elementor-col-100 elementor-top-column elementor-element elementor-element-fe5907f exad-glass-effect-no exad-sticky-section-no\" data-id=\"fe5907f\" data-element_type=\"column\" data-e-type=\"column\">\n\t\t\t<div class=\"elementor-widget-wrap elementor-element-populated\">\n\t\t\t\t\t\t<div class=\"elementor-element elementor-element-c0533c9 exad-sticky-section-no exad-glass-effect-no elementor-widget elementor-widget-image\" data-id=\"c0533c9\" data-element_type=\"widget\" data-e-type=\"widget\" data-widget_type=\"image.default\">\n\t\t\t\t<div class=\"elementor-widget-container\">\n\t\t\t\t\t\t\t\t\t\t\t\t\t\t\t<img fetchpriority=\"high\" decoding=\"async\" width=\"640\" height=\"356\" src=\"http:\/\/www.musees-mediterranee.org\/wp-content\/uploads\/2023\/06\/Visuel-Cagnano.png\" class=\"attachment-full size-full wp-image-8289\" alt=\"\" srcset=\"http:\/\/www.musees-mediterranee.org\/wp-content\/uploads\/2023\/06\/Visuel-Cagnano.png 640w, http:\/\/www.musees-mediterranee.org\/wp-content\/uploads\/2023\/06\/Visuel-Cagnano-300x167.png 300w\" sizes=\"(max-width: 640px) 100vw, 640px\" \/>\t\t\t\t\t\t\t\t\t\t\t\t\t\t\t<\/div>\n\t\t\t\t<\/div>\n\t\t\t\t\t<\/div>\n\t\t<\/div>\n\t\t\t\t\t<\/div>\n\t\t<\/section>\n\t\t\t\t<section class=\"elementor-section elementor-top-section elementor-element elementor-element-ed6bf47 elementor-section-boxed elementor-section-height-default elementor-section-height-default exad-glass-effect-no exad-sticky-section-no\" data-id=\"ed6bf47\" data-element_type=\"section\" data-e-type=\"section\">\n\t\t\t\t\t\t<div class=\"elementor-container elementor-column-gap-default\">\n\t\t\t\t\t<div class=\"elementor-column elementor-col-100 elementor-top-column elementor-element elementor-element-012601f exad-glass-effect-no exad-sticky-section-no\" data-id=\"012601f\" data-element_type=\"column\" data-e-type=\"column\">\n\t\t\t<div class=\"elementor-widget-wrap elementor-element-populated\">\n\t\t\t\t\t\t<div class=\"elementor-element elementor-element-06b498d exad-sticky-section-no exad-glass-effect-no elementor-widget elementor-widget-text-editor\" data-id=\"06b498d\" data-element_type=\"widget\" data-e-type=\"widget\" data-widget_type=\"text-editor.default\">\n\t\t\t\t<div class=\"elementor-widget-container\">\n\t\t\t\t\t\t\t\t\t<p>Le projet collectif de recherches (PCR) sur les s\u00e9pultures de l&#8217;\u00e2ge du Fer a donn\u00e9 l&#8217;opportunit\u00e9 d&#8217;initier l&#8217;inventaire et l&#8217;\u00e9tude de mobiliers d\u00e9couverts dans la n\u00e9cropole protohistorique de Cagnano (Corse) en 1900-1901, puis dispers\u00e9s dans plusieurs mus\u00e9es (Marseille, Lyon, Bastia, mais aussi Bagnols-sur-C\u00e8ze, Florence.)<\/p><p>Mus\u00e9es M\u00e9diterran\u00e9e porte le projet d&#8217;inventaire et de photographie de l&#8217;ensemble de la collection, du d\u00e9pouillement et de la num\u00e9risation des archives relatives \u00e0 sa d\u00e9couverte ainsi que des analyses de restes organiques sur des objets conserv\u00e9s \u00e0 Lyon.<\/p><p>L&#8217;op\u00e9ration vise, d&#8217;une part, \u00e0 constituer une collection virtuelle des objets dispers\u00e9s dans cinq mus\u00e9es par des photographies macroscopiques ; d&#8217;autre part \u00e0 consulter les archives publiques et priv\u00e9es en vue de r\u00e9unir des donn\u00e9es historiographiques sur le gisement de Cagnano et sur Ernest Chantre, \u00e0 qui avait \u00e9t\u00e9 confi\u00e9e, en 1901, l&#8217;\u00e9tude d&#8217;une partie des mobiliers de Cagnano.<\/p><p>Cette \u00e9tude a pour ambition de restituer l&#8217;histoire des recherches arch\u00e9ologiques au d\u00e9but du XXe si\u00e8cle, le r\u00f4le et les \u00e9changes entre les savants, les amateurs d&#8217;arch\u00e9ologie et les conservateurs de mus\u00e9es. Il s&#8217;agit notamment de mettre en exergue la mani\u00e8re dont les collections parviennent dans des mus\u00e9es et de d\u00e9montrer l&#8217;apport des archives dans la connaissance des collections. <br \/>Ce travail se conclura par une publication et une exposition entre les divers mus\u00e9es partenaires mettant en valeur les \u00e9changes entre la Corse, l&#8217;Italie, les Alpes et la Ligurie dans la p\u00e9riode du VIIe-Ve si\u00e8cle avant notre \u00e8re.<\/p><p>Ce projet b\u00e9n\u00e9ficie du soutien financier de l&#8217;\u00c9tat &#8211; Direction r\u00e9gionale des affaires culturelles Corse (Service r\u00e9gional de l\u2019arch\u00e9ologie).<\/p>\t\t\t\t\t\t\t\t<\/div>\n\t\t\t\t<\/div>\n\t\t\t\t\t<\/div>\n\t\t<\/div>\n\t\t\t\t\t<\/div>\n\t\t<\/section>\n\t\t\t\t<section class=\"elementor-section elementor-top-section elementor-element elementor-element-f90dbba elementor-section-boxed elementor-section-height-default elementor-section-height-default exad-glass-effect-no exad-sticky-section-no\" data-id=\"f90dbba\" data-element_type=\"section\" data-e-type=\"section\">\n\t\t\t\t\t\t<div class=\"elementor-container elementor-column-gap-default\">\n\t\t\t\t\t<div class=\"elementor-column elementor-col-100 elementor-top-column elementor-element elementor-element-2a3fec9 exad-glass-effect-no exad-sticky-section-no\" data-id=\"2a3fec9\" data-element_type=\"column\" data-e-type=\"column\">\n\t\t\t<div class=\"elementor-widget-wrap elementor-element-populated\">\n\t\t\t\t\t\t<div class=\"elementor-element elementor-element-02cc746 exad-sticky-section-no exad-glass-effect-no elementor-widget elementor-widget-image\" data-id=\"02cc746\" data-element_type=\"widget\" data-e-type=\"widget\" data-widget_type=\"image.default\">\n\t\t\t\t<div class=\"elementor-widget-container\">\n\t\t\t\t\t\t\t\t\t\t\t\t\t\t\t<img decoding=\"async\" width=\"2909\" height=\"2703\" src=\"http:\/\/www.musees-mediterranee.org\/wp-content\/uploads\/2023\/06\/Logo-Prefet-de-Corse.png\" class=\"attachment-full size-full wp-image-8290\" alt=\"\" srcset=\"http:\/\/www.musees-mediterranee.org\/wp-content\/uploads\/2023\/06\/Logo-Prefet-de-Corse.png 2909w, http:\/\/www.musees-mediterranee.org\/wp-content\/uploads\/2023\/06\/Logo-Prefet-de-Corse-300x279.png 300w, http:\/\/www.musees-mediterranee.org\/wp-content\/uploads\/2023\/06\/Logo-Prefet-de-Corse-1024x951.png 1024w, http:\/\/www.musees-mediterranee.org\/wp-content\/uploads\/2023\/06\/Logo-Prefet-de-Corse-768x714.png 768w, http:\/\/www.musees-mediterranee.org\/wp-content\/uploads\/2023\/06\/Logo-Prefet-de-Corse-1536x1427.png 1536w, http:\/\/www.musees-mediterranee.org\/wp-content\/uploads\/2023\/06\/Logo-Prefet-de-Corse-2048x1903.png 2048w, http:\/\/www.musees-mediterranee.org\/wp-content\/uploads\/2023\/06\/Logo-Prefet-de-Corse-1320x1227.png 1320w\" sizes=\"(max-width: 2909px) 100vw, 2909px\" \/>\t\t\t\t\t\t\t\t\t\t\t\t\t\t\t<\/div>\n\t\t\t\t<\/div>\n\t\t\t\t\t<\/div>\n\t\t<\/div>\n\t\t\t\t\t<\/div>\n\t\t<\/section>\n\t\t\t\t<\/div>\n\t\t","protected":false},"excerpt":{"rendered":"<p>Le projet collectif de recherches (PCR) sur les s\u00e9pultures de l\u2019\u00e2ge du Fer a donn\u00e9 l\u2019opportunit\u00e9 d\u2019initier l\u2019inventaire et l\u2019\u00e9tude de mobiliers d\u00e9couverts dans la n\u00e9cropole protohistorique de Cagnano (Corse) en 1900-1901, puis dispers\u00e9s dans plusieurs mus\u00e9es (Marseille, Lyon, Bastia, mais aussi Bagnols-sur-C\u00e8ze, Florence.)<\/p>\n","protected":false},"author":1,"featured_media":8328,"comment_status":"closed","ping_status":"closed","sticky":false,"template":"","format":"standard","meta":{"_acf_changed":false,"_bbp_topic_count":0,"_bbp_reply_count":0,"_bbp_total_topic_count":0,"_bbp_total_reply_count":0,"_bbp_voice_count":0,"_bbp_anonymous_reply_count":0,"_bbp_topic_count_hidden":0,"_bbp_reply_count_hidden":0,"_bbp_forum_subforum_count":0,"iawp_total_views":32,"footnotes":""},"categories":[1,19],"tags":[79],"class_list":["post-8287","post","type-post","status-publish","format-standard","has-post-thumbnail","hentry","category-non-classe","category-pas-en-ligne","tag-livre"],"acf":[],"_links":{"self":[{"href":"http:\/\/www.musees-mediterranee.org\/index.php\/wp-json\/wp\/v2\/posts\/8287","targetHints":{"allow":["GET"]}}],"collection":[{"href":"http:\/\/www.musees-mediterranee.org\/index.php\/wp-json\/wp\/v2\/posts"}],"about":[{"href":"http:\/\/www.musees-mediterranee.org\/index.php\/wp-json\/wp\/v2\/types\/post"}],"author":[{"embeddable":true,"href":"http:\/\/www.musees-mediterranee.org\/index.php\/wp-json\/wp\/v2\/users\/1"}],"replies":[{"embeddable":true,"href":"http:\/\/www.musees-mediterranee.org\/index.php\/wp-json\/wp\/v2\/comments?post=8287"}],"version-history":[{"count":0,"href":"http:\/\/www.musees-mediterranee.org\/index.php\/wp-json\/wp\/v2\/posts\/8287\/revisions"}],"wp:featuredmedia":[{"embeddable":true,"href":"http:\/\/www.musees-mediterranee.org\/index.php\/wp-json\/wp\/v2\/media\/8328"}],"wp:attachment":[{"href":"http:\/\/www.musees-mediterranee.org\/index.php\/wp-json\/wp\/v2\/media?parent=8287"}],"wp:term":[{"taxonomy":"category","embeddable":true,"href":"http:\/\/www.musees-mediterranee.org\/index.php\/wp-json\/wp\/v2\/categories?post=8287"},{"taxonomy":"post_tag","embeddable":true,"href":"http:\/\/www.musees-mediterranee.org\/index.php\/wp-json\/wp\/v2\/tags?post=8287"}],"curies":[{"name":"wp","href":"https:\/\/api.w.org\/{rel}","templated":true}]}}