{"id":8081,"date":"2023-06-06T09:45:37","date_gmt":"2023-06-06T07:45:37","guid":{"rendered":"http:\/\/www.musees-mediterranee.org\/?p=8081"},"modified":"2023-11-07T09:02:57","modified_gmt":"2023-11-07T08:02:57","slug":"la-conservation-preventive-des-textiles","status":"publish","type":"post","link":"http:\/\/www.musees-mediterranee.org\/index.php\/2023\/06\/06\/la-conservation-preventive-des-textiles\/","title":{"rendered":"La conservation pr\u00e9ventive des textiles"},"content":{"rendered":"\t\t<div data-elementor-type=\"wp-post\" data-elementor-id=\"8081\" class=\"elementor elementor-8081\" data-elementor-post-type=\"post\">\n\t\t\t\t\t\t<section class=\"elementor-section elementor-top-section elementor-element elementor-element-9aa8451 elementor-section-boxed elementor-section-height-default elementor-section-height-default exad-glass-effect-no exad-sticky-section-no\" data-id=\"9aa8451\" data-element_type=\"section\" data-e-type=\"section\">\n\t\t\t\t\t\t<div class=\"elementor-container elementor-column-gap-default\">\n\t\t\t\t\t<div class=\"elementor-column elementor-col-100 elementor-top-column elementor-element elementor-element-4988c81 exad-glass-effect-no exad-sticky-section-no\" data-id=\"4988c81\" data-element_type=\"column\" data-e-type=\"column\">\n\t\t\t<div class=\"elementor-widget-wrap elementor-element-populated\">\n\t\t\t\t\t\t<div class=\"elementor-element elementor-element-ab4a351 exad-sticky-section-no exad-glass-effect-no elementor-widget elementor-widget-text-editor\" data-id=\"ab4a351\" data-element_type=\"widget\" data-e-type=\"widget\" data-widget_type=\"text-editor.default\">\n\t\t\t\t<div class=\"elementor-widget-container\">\n\t\t\t\t\t\t\t\t\t<p>Dans le cadre du projet d\u2019\u00e9valuation des fonds textiles et d\u2019\u00e9tat des lieux dans les collections publiques et priv\u00e9es en partenariat avec la r\u00e9gion Provence-Alpes-C\u00f4te d\u2019Azur, l\u2019association a organis\u00e9, le 29 mars et le 3 mai, des ateliers de sensibilisation \u00e0 la conservation pr\u00e9ventive et \u00e0 la gestion de collections textiles. Les participants, conservateurs de mus\u00e9es, responsables de collections ou collectionneurs priv\u00e9s de l\u2019ensemble de la r\u00e9gion, 12 par cession, ont \u00e9t\u00e9 accueillis au Centre d\u2019\u00c9tudes, de Restauration et de Conservation des \u0152uvres (Cerco) et au Museon Arlaten \u2013 Mus\u00e9e de Provence \u00e0 Arles, par Ghislaine Vall\u00e9e, responsable Collection-Conservation pr\u00e9ventive et par C\u00e9lia Auzillon, r\u00e9gisseuse des fonds textiles.<\/p>\t\t\t\t\t\t\t\t<\/div>\n\t\t\t\t<\/div>\n\t\t\t\t\t<\/div>\n\t\t<\/div>\n\t\t\t\t\t<\/div>\n\t\t<\/section>\n\t\t\t\t<section class=\"elementor-section elementor-top-section elementor-element elementor-element-8c76b9f elementor-section-boxed elementor-section-height-default elementor-section-height-default exad-glass-effect-no exad-sticky-section-no\" data-id=\"8c76b9f\" data-element_type=\"section\" data-e-type=\"section\">\n\t\t\t\t\t\t<div class=\"elementor-container elementor-column-gap-default\">\n\t\t\t\t\t<div class=\"elementor-column elementor-col-100 elementor-top-column elementor-element elementor-element-6cf6341 exad-glass-effect-no exad-sticky-section-no\" data-id=\"6cf6341\" data-element_type=\"column\" data-e-type=\"column\">\n\t\t\t<div class=\"elementor-widget-wrap elementor-element-populated\">\n\t\t\t\t\t\t<div class=\"elementor-element elementor-element-8b9d772 exad-sticky-section-no exad-glass-effect-no elementor-widget elementor-widget-image\" data-id=\"8b9d772\" data-element_type=\"widget\" data-e-type=\"widget\" data-widget_type=\"image.default\">\n\t\t\t\t<div class=\"elementor-widget-container\">\n\t\t\t\t\t\t\t\t\t\t\t\t<figure class=\"wp-caption\">\n\t\t\t\t\t\t\t\t\t\t\t<a href=\"http:\/\/www.musees-mediterranee.org\/wp-content\/uploads\/2023\/06\/Museon-Arlaten_1-1.jpg\" data-elementor-open-lightbox=\"yes\" data-e-action-hash=\"#elementor-action%3Aaction%3Dlightbox%26settings%3DeyJpZCI6ODA4NiwidXJsIjoiaHR0cDpcL1wvd3d3Lm11c2Vlcy1tZWRpdGVycmFuZWUub3JnXC93cC1jb250ZW50XC91cGxvYWRzXC8yMDIzXC8wNlwvTXVzZW9uLUFybGF0ZW5fMS0xLmpwZyJ9\">\n\t\t\t\t\t\t\t<img fetchpriority=\"high\" decoding=\"async\" width=\"855\" height=\"1200\" src=\"http:\/\/www.musees-mediterranee.org\/wp-content\/uploads\/2023\/06\/Museon-Arlaten_1-1.jpg\" class=\"attachment-full size-full wp-image-8086\" alt=\"\" srcset=\"http:\/\/www.musees-mediterranee.org\/wp-content\/uploads\/2023\/06\/Museon-Arlaten_1-1.jpg 855w, http:\/\/www.musees-mediterranee.org\/wp-content\/uploads\/2023\/06\/Museon-Arlaten_1-1-214x300.jpg 214w, http:\/\/www.musees-mediterranee.org\/wp-content\/uploads\/2023\/06\/Museon-Arlaten_1-1-730x1024.jpg 730w, http:\/\/www.musees-mediterranee.org\/wp-content\/uploads\/2023\/06\/Museon-Arlaten_1-1-768x1078.jpg 768w\" sizes=\"(max-width: 855px) 100vw, 855px\" \/>\t\t\t\t\t\t\t\t<\/a>\n\t\t\t\t\t\t\t\t\t\t\t<figcaption class=\"widget-image-caption wp-caption-text\">Visite des r\u00e9serves textiles du Museon Arlaten au Cerco sous la conduite de Ghislaine Vall\u00e9e et C\u00e9lia Auzillon le 3 mai 2023 <br \/> \u00a9 A. Jourdan<\/figcaption>\n\t\t\t\t\t\t\t\t\t\t<\/figure>\n\t\t\t\t\t\t\t\t\t<\/div>\n\t\t\t\t<\/div>\n\t\t\t\t\t<\/div>\n\t\t<\/div>\n\t\t\t\t\t<\/div>\n\t\t<\/section>\n\t\t\t\t<section class=\"elementor-section elementor-top-section elementor-element elementor-element-cba5a07 elementor-section-boxed elementor-section-height-default elementor-section-height-default exad-glass-effect-no exad-sticky-section-no\" data-id=\"cba5a07\" data-element_type=\"section\" data-e-type=\"section\">\n\t\t\t\t\t\t<div class=\"elementor-container elementor-column-gap-default\">\n\t\t\t\t\t<div class=\"elementor-column elementor-col-100 elementor-top-column elementor-element elementor-element-26933b8 exad-glass-effect-no exad-sticky-section-no\" data-id=\"26933b8\" data-element_type=\"column\" data-e-type=\"column\">\n\t\t\t<div class=\"elementor-widget-wrap elementor-element-populated\">\n\t\t\t\t\t\t<div class=\"elementor-element elementor-element-b9dbf79 exad-sticky-section-no exad-glass-effect-no elementor-widget elementor-widget-text-editor\" data-id=\"b9dbf79\" data-element_type=\"widget\" data-e-type=\"widget\" data-widget_type=\"text-editor.default\">\n\t\t\t\t<div class=\"elementor-widget-container\">\n\t\t\t\t\t\t\t\t\t<p>Au cours de la matin\u00e9e, Ghislaine Vall\u00e9e a pr\u00e9sent\u00e9 le travail r\u00e9alis\u00e9 sur les fonds textiles du mus\u00e9e, apr\u00e8s la fermeture en 2009 de l\u2019\u00e9tablissement, en vue de leur rassemblement et de leur transfert dans les nouvelles r\u00e9serves du Cerco. Les deux intervenantes ont ensuite conduit une visite d\u00e9taill\u00e9e des r\u00e9serves ce qui a permis d\u2019\u00e9voquer, \u00e0 partir d\u2019exemples pr\u00e9cis, plusieurs questions importantes :<br \/>&#8211; l\u2019organisation des espaces de r\u00e9serves et leurs contraintes<br \/>&#8211; le choix du mobilier et son implantation <br \/>&#8211; le choix des conditionnements pour les pi\u00e8ces textiles, \u00e0 plat, sur cintre, sur rouleau, en tiroir et les mat\u00e9riaux n\u00e9cessaires \u00e0 leur mise en \u0153uvre<br \/>La visite a \u00e9t\u00e9 compl\u00e9t\u00e9e par celle des salles d\u2019anoxie, de d\u00e9poussi\u00e9rage et de restauration.<\/p>\t\t\t\t\t\t\t\t<\/div>\n\t\t\t\t<\/div>\n\t\t\t\t\t<\/div>\n\t\t<\/div>\n\t\t\t\t\t<\/div>\n\t\t<\/section>\n\t\t\t\t<section class=\"elementor-section elementor-top-section elementor-element elementor-element-921cb4e elementor-section-boxed elementor-section-height-default elementor-section-height-default exad-glass-effect-no exad-sticky-section-no\" data-id=\"921cb4e\" data-element_type=\"section\" data-e-type=\"section\">\n\t\t\t\t\t\t<div class=\"elementor-container elementor-column-gap-default\">\n\t\t\t\t\t<div class=\"elementor-column elementor-col-100 elementor-top-column elementor-element elementor-element-111777c exad-glass-effect-no exad-sticky-section-no\" data-id=\"111777c\" data-element_type=\"column\" data-e-type=\"column\">\n\t\t\t<div class=\"elementor-widget-wrap elementor-element-populated\">\n\t\t\t\t\t\t<div class=\"elementor-element elementor-element-70923fb exad-sticky-section-no exad-glass-effect-no elementor-widget elementor-widget-image\" data-id=\"70923fb\" data-element_type=\"widget\" data-e-type=\"widget\" data-widget_type=\"image.default\">\n\t\t\t\t<div class=\"elementor-widget-container\">\n\t\t\t\t\t\t\t\t\t\t\t\t<figure class=\"wp-caption\">\n\t\t\t\t\t\t\t\t\t\t\t<a href=\"http:\/\/www.musees-mediterranee.org\/wp-content\/uploads\/2023\/06\/Museon-Arlaten_21.jpg\" data-elementor-open-lightbox=\"yes\" data-e-action-hash=\"#elementor-action%3Aaction%3Dlightbox%26settings%3DeyJpZCI6ODEzOSwidXJsIjoiaHR0cDpcL1wvd3d3Lm11c2Vlcy1tZWRpdGVycmFuZWUub3JnXC93cC1jb250ZW50XC91cGxvYWRzXC8yMDIzXC8wNlwvTXVzZW9uLUFybGF0ZW5fMjEuanBnIn0%3D\">\n\t\t\t\t\t\t\t<img decoding=\"async\" width=\"1200\" height=\"1598\" src=\"http:\/\/www.musees-mediterranee.org\/wp-content\/uploads\/2023\/06\/Museon-Arlaten_21.jpg\" class=\"attachment-full size-full wp-image-8139\" alt=\"\" srcset=\"http:\/\/www.musees-mediterranee.org\/wp-content\/uploads\/2023\/06\/Museon-Arlaten_21.jpg 1200w, http:\/\/www.musees-mediterranee.org\/wp-content\/uploads\/2023\/06\/Museon-Arlaten_21-225x300.jpg 225w, http:\/\/www.musees-mediterranee.org\/wp-content\/uploads\/2023\/06\/Museon-Arlaten_21-769x1024.jpg 769w, http:\/\/www.musees-mediterranee.org\/wp-content\/uploads\/2023\/06\/Museon-Arlaten_21-768x1023.jpg 768w, http:\/\/www.musees-mediterranee.org\/wp-content\/uploads\/2023\/06\/Museon-Arlaten_21-1153x1536.jpg 1153w\" sizes=\"(max-width: 1200px) 100vw, 1200px\" \/>\t\t\t\t\t\t\t\t<\/a>\n\t\t\t\t\t\t\t\t\t\t\t<figcaption class=\"widget-image-caption wp-caption-text\">Les rubans d\u2019arl\u00e9siennes sur rouleaux, conditionn\u00e9s en tiroirs \u00a9 A. Jourdan<\/figcaption>\n\t\t\t\t\t\t\t\t\t\t<\/figure>\n\t\t\t\t\t\t\t\t\t<\/div>\n\t\t\t\t<\/div>\n\t\t\t\t\t<\/div>\n\t\t<\/div>\n\t\t\t\t\t<\/div>\n\t\t<\/section>\n\t\t\t\t<section class=\"elementor-section elementor-top-section elementor-element elementor-element-2c1bd1e elementor-section-boxed elementor-section-height-default elementor-section-height-default exad-glass-effect-no exad-sticky-section-no\" data-id=\"2c1bd1e\" data-element_type=\"section\" data-e-type=\"section\">\n\t\t\t\t\t\t<div class=\"elementor-container elementor-column-gap-default\">\n\t\t\t\t\t<div class=\"elementor-column elementor-col-100 elementor-top-column elementor-element elementor-element-edbd52e exad-glass-effect-no exad-sticky-section-no\" data-id=\"edbd52e\" data-element_type=\"column\" data-e-type=\"column\">\n\t\t\t<div class=\"elementor-widget-wrap elementor-element-populated\">\n\t\t\t\t\t\t<div class=\"elementor-element elementor-element-b1a4e19 exad-sticky-section-no exad-glass-effect-no elementor-widget elementor-widget-text-editor\" data-id=\"b1a4e19\" data-element_type=\"widget\" data-e-type=\"widget\" data-widget_type=\"text-editor.default\">\n\t\t\t\t<div class=\"elementor-widget-container\">\n\t\t\t\t\t\t\t\t\t<p>L\u2019apr\u00e8s-midi a \u00e9t\u00e9 consacr\u00e9 \u00e0 la visite du Museon Arlaten sous la conduite de Fran\u00e7oise David et St\u00e9phanie Burli, du secteur Mus\u00e9ographie-Recherches-Exposition et de Ghislaine Vall\u00e9e. L\u2019attention a \u00e9t\u00e9 plus particuli\u00e8rement port\u00e9e \u00e0 la pr\u00e9sentation des costumes install\u00e9s dans le nouveau parcours de visite du Museon Arlaten et \u00e0 la restauration des dioramas, en abordant sp\u00e9cifiquement les questions de mannequinage et de mise en lumi\u00e8re de collections par essence fragiles. <br \/>Plusieurs documents d\u2019aide ont \u00e9t\u00e9 remis aux participants par Ghislaine Vall\u00e9e : consignes pour le marquage, le conditionnement et le mannequinage, fiche d\u2019inventaire d\u2019un ensemble du costume d\u2019une rejoneadora, chantier de restauration des dioramas. Ils sont venus en compl\u00e9ment de fiches pratiques (mat\u00e9riaux et \u00e9quipements n\u00e9cessaires \u00e0 la conservation des textiles en r\u00e9serves) et de dossiers transmis par Aleth Jourdan \u00e0 la suite de ces deux journ\u00e9es de sensibilisation : \u00ab Exposer, conserver et faire restaurer le costume \u00bb INP, 2018 \u2013 \u00ab Aide \u00e0 la d\u00e9cision en conservation pr\u00e9ventive des textiles &#8211; Vademecum \u00bb AGCCPF \u00cele de France, 2020. <\/p>\t\t\t\t\t\t\t\t<\/div>\n\t\t\t\t<\/div>\n\t\t\t\t\t<\/div>\n\t\t<\/div>\n\t\t\t\t\t<\/div>\n\t\t<\/section>\n\t\t\t\t<section class=\"elementor-section elementor-top-section elementor-element elementor-element-b56e10a elementor-section-boxed elementor-section-height-default elementor-section-height-default exad-glass-effect-no exad-sticky-section-no\" data-id=\"b56e10a\" data-element_type=\"section\" data-e-type=\"section\">\n\t\t\t\t\t\t<div class=\"elementor-container elementor-column-gap-default\">\n\t\t\t\t\t<div class=\"elementor-column elementor-col-100 elementor-top-column elementor-element elementor-element-a57681b exad-glass-effect-no exad-sticky-section-no\" data-id=\"a57681b\" data-element_type=\"column\" data-e-type=\"column\">\n\t\t\t<div class=\"elementor-widget-wrap elementor-element-populated\">\n\t\t\t\t\t\t<div class=\"elementor-element elementor-element-b4ca09d exad-sticky-section-no exad-glass-effect-no elementor-widget elementor-widget-image\" data-id=\"b4ca09d\" data-element_type=\"widget\" data-e-type=\"widget\" data-widget_type=\"image.default\">\n\t\t\t\t<div class=\"elementor-widget-container\">\n\t\t\t\t\t\t\t\t\t\t\t\t<figure class=\"wp-caption\">\n\t\t\t\t\t\t\t\t\t\t\t<a href=\"http:\/\/www.musees-mediterranee.org\/wp-content\/uploads\/2023\/06\/Museon-Arlaten_3.jpg\" data-elementor-open-lightbox=\"yes\" data-e-action-hash=\"#elementor-action%3Aaction%3Dlightbox%26settings%3DeyJpZCI6ODA4OCwidXJsIjoiaHR0cDpcL1wvd3d3Lm11c2Vlcy1tZWRpdGVycmFuZWUub3JnXC93cC1jb250ZW50XC91cGxvYWRzXC8yMDIzXC8wNlwvTXVzZW9uLUFybGF0ZW5fMy5qcGcifQ%3D%3D\">\n\t\t\t\t\t\t\t<img decoding=\"async\" width=\"1004\" height=\"1200\" src=\"http:\/\/www.musees-mediterranee.org\/wp-content\/uploads\/2023\/06\/Museon-Arlaten_3.jpg\" class=\"attachment-full size-full wp-image-8088\" alt=\"\" srcset=\"http:\/\/www.musees-mediterranee.org\/wp-content\/uploads\/2023\/06\/Museon-Arlaten_3.jpg 1004w, http:\/\/www.musees-mediterranee.org\/wp-content\/uploads\/2023\/06\/Museon-Arlaten_3-251x300.jpg 251w, http:\/\/www.musees-mediterranee.org\/wp-content\/uploads\/2023\/06\/Museon-Arlaten_3-857x1024.jpg 857w, http:\/\/www.musees-mediterranee.org\/wp-content\/uploads\/2023\/06\/Museon-Arlaten_3-768x918.jpg 768w\" sizes=\"(max-width: 1004px) 100vw, 1004px\" \/>\t\t\t\t\t\t\t\t<\/a>\n\t\t\t\t\t\t\t\t\t\t\t<figcaption class=\"widget-image-caption wp-caption-text\">Exemple de mise en forme pour le conditionnement de coiffes \u00a9 A. Jourdan<\/figcaption>\n\t\t\t\t\t\t\t\t\t\t<\/figure>\n\t\t\t\t\t\t\t\t\t<\/div>\n\t\t\t\t<\/div>\n\t\t\t\t\t<\/div>\n\t\t<\/div>\n\t\t\t\t\t<\/div>\n\t\t<\/section>\n\t\t\t\t<\/div>\n\t\t","protected":false},"excerpt":{"rendered":"<p>Dans le cadre du projet d\u2019\u00e9valuation des fonds textiles et d\u2019\u00e9tat des lieux dans les collections publiques et priv\u00e9es en partenariat avec la r\u00e9gion Provence-Alpes-C\u00f4te d\u2019Azur, l\u2019association a organis\u00e9, le 29 mars et le 3 mai, des ateliers de sensibilisation \u00e0 la conservation pr\u00e9ventive et \u00e0 la gestion de collections textiles.<\/p>\n","protected":false},"author":1,"featured_media":8082,"comment_status":"closed","ping_status":"closed","sticky":false,"template":"","format":"standard","meta":{"_acf_changed":false,"_bbp_topic_count":0,"_bbp_reply_count":0,"_bbp_total_topic_count":0,"_bbp_total_reply_count":0,"_bbp_voice_count":0,"_bbp_anonymous_reply_count":0,"_bbp_topic_count_hidden":0,"_bbp_reply_count_hidden":0,"_bbp_forum_subforum_count":0,"iawp_total_views":19,"footnotes":""},"categories":[25,73],"tags":[71],"class_list":["post-8081","post","type-post","status-publish","format-standard","has-post-thumbnail","hentry","category-journal","category-rencontres","tag-juin-2023"],"acf":[],"_links":{"self":[{"href":"http:\/\/www.musees-mediterranee.org\/index.php\/wp-json\/wp\/v2\/posts\/8081","targetHints":{"allow":["GET"]}}],"collection":[{"href":"http:\/\/www.musees-mediterranee.org\/index.php\/wp-json\/wp\/v2\/posts"}],"about":[{"href":"http:\/\/www.musees-mediterranee.org\/index.php\/wp-json\/wp\/v2\/types\/post"}],"author":[{"embeddable":true,"href":"http:\/\/www.musees-mediterranee.org\/index.php\/wp-json\/wp\/v2\/users\/1"}],"replies":[{"embeddable":true,"href":"http:\/\/www.musees-mediterranee.org\/index.php\/wp-json\/wp\/v2\/comments?post=8081"}],"version-history":[{"count":0,"href":"http:\/\/www.musees-mediterranee.org\/index.php\/wp-json\/wp\/v2\/posts\/8081\/revisions"}],"wp:featuredmedia":[{"embeddable":true,"href":"http:\/\/www.musees-mediterranee.org\/index.php\/wp-json\/wp\/v2\/media\/8082"}],"wp:attachment":[{"href":"http:\/\/www.musees-mediterranee.org\/index.php\/wp-json\/wp\/v2\/media?parent=8081"}],"wp:term":[{"taxonomy":"category","embeddable":true,"href":"http:\/\/www.musees-mediterranee.org\/index.php\/wp-json\/wp\/v2\/categories?post=8081"},{"taxonomy":"post_tag","embeddable":true,"href":"http:\/\/www.musees-mediterranee.org\/index.php\/wp-json\/wp\/v2\/tags?post=8081"}],"curies":[{"name":"wp","href":"https:\/\/api.w.org\/{rel}","templated":true}]}}