{"id":7989,"date":"2023-06-06T10:40:14","date_gmt":"2023-06-06T08:40:14","guid":{"rendered":"http:\/\/www.musees-mediterranee.org\/?p=7989"},"modified":"2023-12-05T12:37:34","modified_gmt":"2023-12-05T11:37:34","slug":"illustration-des-collections-naturalistes","status":"publish","type":"post","link":"http:\/\/www.musees-mediterranee.org\/index.php\/2023\/06\/06\/illustration-des-collections-naturalistes\/","title":{"rendered":"Illustration des collections naturalistes"},"content":{"rendered":"\t\t<div data-elementor-type=\"wp-post\" data-elementor-id=\"7989\" class=\"elementor elementor-7989\" data-elementor-post-type=\"post\">\n\t\t\t\t\t\t<section class=\"elementor-section elementor-top-section elementor-element elementor-element-cf8b499 elementor-section-boxed elementor-section-height-default elementor-section-height-default exad-glass-effect-no exad-sticky-section-no\" data-id=\"cf8b499\" data-element_type=\"section\" data-e-type=\"section\">\n\t\t\t\t\t\t<div class=\"elementor-container elementor-column-gap-default\">\n\t\t\t\t\t<div class=\"elementor-column elementor-col-100 elementor-top-column elementor-element elementor-element-0775a6a exad-glass-effect-no exad-sticky-section-no\" data-id=\"0775a6a\" data-element_type=\"column\" data-e-type=\"column\">\n\t\t\t<div class=\"elementor-widget-wrap elementor-element-populated\">\n\t\t\t\t\t\t<div class=\"elementor-element elementor-element-ec7caf9 exad-sticky-section-no exad-glass-effect-no elementor-widget elementor-widget-text-editor\" data-id=\"ec7caf9\" data-element_type=\"widget\" data-e-type=\"widget\" data-widget_type=\"text-editor.default\">\n\t\t\t\t<div class=\"elementor-widget-container\">\n\t\t\t\t\t\t\t\t\t<p>Le 2 f\u00e9vrier 2023, Mus\u00e9es M\u00e9diterran\u00e9e tenait une journ\u00e9e d\u2019\u00e9tude intitul\u00e9e \u00ab Illustration des collections naturalistes \u00bb, qui s\u2019est d\u00e9roul\u00e9e \u00e0 Hy\u00e8res, au Forum du Casino et dans les salles d&#8217;exposition de La Banque, mus\u00e9e des Cultures et du Paysage.<\/p><p>Dans le parcours permanent de ce mus\u00e9e municipal, situ\u00e9 dans les locaux de l\u2019ancienne Banque de France, les collections d\u2019histoire naturelle dialoguent avec les riches collections de peintures et d\u2019arts graphiques consacr\u00e9es \u00e0 la nature varoise.<\/p><p>Les participants ont eu le privil\u00e8ge de d\u00e9couvrir quelques tr\u00e9sors de la M\u00e9diath\u00e8que, expos\u00e9s dans la salle des coffres de l&#8217;ancienne banque \u00e0 l&#8217;occasion de cette rencontre, tels que le codex de Georges Cuvier, le <em>Diarium zoologicum primum<\/em>, dat\u00e9 entre 1786 et 1787 et le <em>Livre des Poissons<\/em> par Guillaume Rondelet de 1554. Nous remercions Franck Mei, directeur du mus\u00e9e, et l&#8217;ensemble de son \u00e9quipe, pour leur accueil, notamment en nous r\u00e9v\u00e9lant ces fabuleuses collections. La publication des actes de ces rencontres livrera des pr\u00e9cisions sur ces admirables fonds.<\/p>\t\t\t\t\t\t\t\t<\/div>\n\t\t\t\t<\/div>\n\t\t\t\t\t<\/div>\n\t\t<\/div>\n\t\t\t\t\t<\/div>\n\t\t<\/section>\n\t\t\t\t<section class=\"elementor-section elementor-top-section elementor-element elementor-element-355226b elementor-section-boxed elementor-section-height-default elementor-section-height-default exad-glass-effect-no exad-sticky-section-no\" data-id=\"355226b\" data-element_type=\"section\" data-e-type=\"section\">\n\t\t\t\t\t\t<div class=\"elementor-container elementor-column-gap-default\">\n\t\t\t\t\t<div class=\"elementor-column elementor-col-100 elementor-top-column elementor-element elementor-element-58c5ffe exad-glass-effect-no exad-sticky-section-no\" data-id=\"58c5ffe\" data-element_type=\"column\" data-e-type=\"column\">\n\t\t\t<div class=\"elementor-widget-wrap elementor-element-populated\">\n\t\t\t\t\t\t<div class=\"elementor-element elementor-element-1122dde exad-sticky-section-no exad-glass-effect-no elementor-widget elementor-widget-image\" data-id=\"1122dde\" data-element_type=\"widget\" data-e-type=\"widget\" data-widget_type=\"image.default\">\n\t\t\t\t<div class=\"elementor-widget-container\">\n\t\t\t\t\t\t\t\t\t\t\t\t<figure class=\"wp-caption\">\n\t\t\t\t\t\t\t\t\t\t\t<a href=\"http:\/\/www.musees-mediterranee.org\/wp-content\/uploads\/2023\/05\/IMG-5777_R.jpg\" data-elementor-open-lightbox=\"yes\" data-e-action-hash=\"#elementor-action%3Aaction%3Dlightbox%26settings%3DeyJpZCI6Nzk5MCwidXJsIjoiaHR0cDpcL1wvd3d3Lm11c2Vlcy1tZWRpdGVycmFuZWUub3JnXC93cC1jb250ZW50XC91cGxvYWRzXC8yMDIzXC8wNVwvSU1HLTU3NzdfUi5qcGcifQ%3D%3D\">\n\t\t\t\t\t\t\t<img fetchpriority=\"high\" decoding=\"async\" width=\"1186\" height=\"1166\" src=\"http:\/\/www.musees-mediterranee.org\/wp-content\/uploads\/2023\/05\/IMG-5777_R.jpg\" class=\"attachment-full size-full wp-image-7990\" alt=\"\" srcset=\"http:\/\/www.musees-mediterranee.org\/wp-content\/uploads\/2023\/05\/IMG-5777_R.jpg 1186w, http:\/\/www.musees-mediterranee.org\/wp-content\/uploads\/2023\/05\/IMG-5777_R-300x295.jpg 300w, http:\/\/www.musees-mediterranee.org\/wp-content\/uploads\/2023\/05\/IMG-5777_R-1024x1007.jpg 1024w, http:\/\/www.musees-mediterranee.org\/wp-content\/uploads\/2023\/05\/IMG-5777_R-768x755.jpg 768w\" sizes=\"(max-width: 1186px) 100vw, 1186px\" \/>\t\t\t\t\t\t\t\t<\/a>\n\t\t\t\t\t\t\t\t\t\t\t<figcaption class=\"widget-image-caption wp-caption-text\">Salle d\u2019exposition, La Banque, mus\u00e9e des Cultures et du Paysage, Hy\u00e8res \u00a9 C. Borrely<\/figcaption>\n\t\t\t\t\t\t\t\t\t\t<\/figure>\n\t\t\t\t\t\t\t\t\t<\/div>\n\t\t\t\t<\/div>\n\t\t\t\t\t<\/div>\n\t\t<\/div>\n\t\t\t\t\t<\/div>\n\t\t<\/section>\n\t\t\t\t<\/div>\n\t\t","protected":false},"excerpt":{"rendered":"<p>Le 2 f\u00e9vrier 2023, Mus\u00e9es M\u00e9diterran\u00e9e tenait une journ\u00e9e d\u2019\u00e9tude intitul\u00e9e \u00ab Illustration des collections naturalistes \u00bb, qui s\u2019est d\u00e9roul\u00e9e \u00e0 Hy\u00e8res, au Forum du Casino et dans les salles d\u2019exposition de La Banque, mus\u00e9e des Cultures et du Paysage.<\/p>\n","protected":false},"author":1,"featured_media":7990,"comment_status":"closed","ping_status":"closed","sticky":false,"template":"","format":"standard","meta":{"_acf_changed":false,"_bbp_topic_count":0,"_bbp_reply_count":0,"_bbp_total_topic_count":0,"_bbp_total_reply_count":0,"_bbp_voice_count":0,"_bbp_anonymous_reply_count":0,"_bbp_topic_count_hidden":0,"_bbp_reply_count_hidden":0,"_bbp_forum_subforum_count":0,"iawp_total_views":17,"footnotes":""},"categories":[25,73],"tags":[71],"class_list":["post-7989","post","type-post","status-publish","format-standard","has-post-thumbnail","hentry","category-journal","category-rencontres","tag-juin-2023"],"acf":[],"_links":{"self":[{"href":"http:\/\/www.musees-mediterranee.org\/index.php\/wp-json\/wp\/v2\/posts\/7989","targetHints":{"allow":["GET"]}}],"collection":[{"href":"http:\/\/www.musees-mediterranee.org\/index.php\/wp-json\/wp\/v2\/posts"}],"about":[{"href":"http:\/\/www.musees-mediterranee.org\/index.php\/wp-json\/wp\/v2\/types\/post"}],"author":[{"embeddable":true,"href":"http:\/\/www.musees-mediterranee.org\/index.php\/wp-json\/wp\/v2\/users\/1"}],"replies":[{"embeddable":true,"href":"http:\/\/www.musees-mediterranee.org\/index.php\/wp-json\/wp\/v2\/comments?post=7989"}],"version-history":[{"count":0,"href":"http:\/\/www.musees-mediterranee.org\/index.php\/wp-json\/wp\/v2\/posts\/7989\/revisions"}],"wp:featuredmedia":[{"embeddable":true,"href":"http:\/\/www.musees-mediterranee.org\/index.php\/wp-json\/wp\/v2\/media\/7990"}],"wp:attachment":[{"href":"http:\/\/www.musees-mediterranee.org\/index.php\/wp-json\/wp\/v2\/media?parent=7989"}],"wp:term":[{"taxonomy":"category","embeddable":true,"href":"http:\/\/www.musees-mediterranee.org\/index.php\/wp-json\/wp\/v2\/categories?post=7989"},{"taxonomy":"post_tag","embeddable":true,"href":"http:\/\/www.musees-mediterranee.org\/index.php\/wp-json\/wp\/v2\/tags?post=7989"}],"curies":[{"name":"wp","href":"https:\/\/api.w.org\/{rel}","templated":true}]}}