{"id":7968,"date":"2023-05-30T09:38:15","date_gmt":"2023-05-30T07:38:15","guid":{"rendered":"http:\/\/www.musees-mediterranee.org\/?p=7968"},"modified":"2023-11-07T09:00:20","modified_gmt":"2023-11-07T08:00:20","slug":"lassemblee-generale-de-musees-mediterranee-a-carpentras","status":"publish","type":"post","link":"http:\/\/www.musees-mediterranee.org\/index.php\/2023\/05\/30\/lassemblee-generale-de-musees-mediterranee-a-carpentras\/","title":{"rendered":"Assembl\u00e9e g\u00e9n\u00e9rale de Mus\u00e9es M\u00e9diterran\u00e9e \u00e0 Carpentras"},"content":{"rendered":"\t\t<div data-elementor-type=\"wp-post\" data-elementor-id=\"7968\" class=\"elementor elementor-7968\" data-elementor-post-type=\"post\">\n\t\t\t\t\t\t<section class=\"elementor-section elementor-top-section elementor-element elementor-element-78f2d60 elementor-section-boxed elementor-section-height-default elementor-section-height-default exad-glass-effect-no exad-sticky-section-no\" data-id=\"78f2d60\" data-element_type=\"section\" data-e-type=\"section\">\n\t\t\t\t\t\t<div class=\"elementor-container elementor-column-gap-default\">\n\t\t\t\t\t<div class=\"elementor-column elementor-col-100 elementor-top-column elementor-element elementor-element-324d72e exad-glass-effect-no exad-sticky-section-no\" data-id=\"324d72e\" data-element_type=\"column\" data-e-type=\"column\">\n\t\t\t<div class=\"elementor-widget-wrap elementor-element-populated\">\n\t\t\t\t\t\t<div class=\"elementor-element elementor-element-c58f0c4 exad-sticky-section-no exad-glass-effect-no elementor-widget elementor-widget-image\" data-id=\"c58f0c4\" data-element_type=\"widget\" data-e-type=\"widget\" data-widget_type=\"image.default\">\n\t\t\t\t<div class=\"elementor-widget-container\">\n\t\t\t\t\t\t\t\t\t\t\t\t<figure class=\"wp-caption\">\n\t\t\t\t\t\t\t\t\t\t\t<a href=\"http:\/\/www.musees-mediterranee.org\/wp-content\/uploads\/2023\/05\/Inguimbertine_Carpentras_140423_F.jpg\" data-elementor-open-lightbox=\"yes\" data-e-action-hash=\"#elementor-action%3Aaction%3Dlightbox%26settings%3DeyJpZCI6ODA3NywidXJsIjoiaHR0cDpcL1wvd3d3Lm11c2Vlcy1tZWRpdGVycmFuZWUub3JnXC93cC1jb250ZW50XC91cGxvYWRzXC8yMDIzXC8wNVwvSW5ndWltYmVydGluZV9DYXJwZW50cmFzXzE0MDQyM19GLmpwZyJ9\">\n\t\t\t\t\t\t\t<img fetchpriority=\"high\" decoding=\"async\" width=\"901\" height=\"1200\" src=\"http:\/\/www.musees-mediterranee.org\/wp-content\/uploads\/2023\/05\/Inguimbertine_Carpentras_140423_F.jpg\" class=\"attachment-full size-full wp-image-8077\" alt=\"\" srcset=\"http:\/\/www.musees-mediterranee.org\/wp-content\/uploads\/2023\/05\/Inguimbertine_Carpentras_140423_F.jpg 901w, http:\/\/www.musees-mediterranee.org\/wp-content\/uploads\/2023\/05\/Inguimbertine_Carpentras_140423_F-225x300.jpg 225w, http:\/\/www.musees-mediterranee.org\/wp-content\/uploads\/2023\/05\/Inguimbertine_Carpentras_140423_F-769x1024.jpg 769w, http:\/\/www.musees-mediterranee.org\/wp-content\/uploads\/2023\/05\/Inguimbertine_Carpentras_140423_F-768x1023.jpg 768w\" sizes=\"(max-width: 901px) 100vw, 901px\" \/>\t\t\t\t\t\t\t\t<\/a>\n\t\t\t\t\t\t\t\t\t\t\t<figcaption class=\"widget-image-caption wp-caption-text\">Visite des salles en cours d\u2019am\u00e9nagement \u00a9 Mus\u00e9es M\u00e9diterran\u00e9e<\/figcaption>\n\t\t\t\t\t\t\t\t\t\t<\/figure>\n\t\t\t\t\t\t\t\t\t<\/div>\n\t\t\t\t<\/div>\n\t\t\t\t\t<\/div>\n\t\t<\/div>\n\t\t\t\t\t<\/div>\n\t\t<\/section>\n\t\t\t\t<section class=\"elementor-section elementor-top-section elementor-element elementor-element-b53c76e elementor-section-boxed elementor-section-height-default elementor-section-height-default exad-glass-effect-no exad-sticky-section-no\" data-id=\"b53c76e\" data-element_type=\"section\" data-e-type=\"section\">\n\t\t\t\t\t\t<div class=\"elementor-container elementor-column-gap-default\">\n\t\t\t\t\t<div class=\"elementor-column elementor-col-100 elementor-top-column elementor-element elementor-element-99cfada exad-glass-effect-no exad-sticky-section-no\" data-id=\"99cfada\" data-element_type=\"column\" data-e-type=\"column\">\n\t\t\t<div class=\"elementor-widget-wrap elementor-element-populated\">\n\t\t\t\t\t\t<div class=\"elementor-element elementor-element-6fac1ea exad-sticky-section-no exad-glass-effect-no elementor-widget elementor-widget-text-editor\" data-id=\"6fac1ea\" data-element_type=\"widget\" data-e-type=\"widget\" data-widget_type=\"text-editor.default\">\n\t\t\t\t<div class=\"elementor-widget-container\">\n\t\t\t\t\t\t\t\t\t<p>L&#8217;assembl\u00e9e g\u00e9n\u00e9rale de l&#8217;association Mus\u00e9es M\u00e9diterran\u00e9e s&#8217;est tenue le vendredi 14 avril 2023 apr\u00e8s-midi, \u00e0 l&#8217;auditorium de la biblioth\u00e8que-mus\u00e9e Inguimbertine, sur son nouveau site de l&#8217;H\u00f4tel-Dieu, \u00e0 Carpentras. L&#8217;exp\u00e9rience de ces deux ann\u00e9es de r\u00e9unions en webinaire nous a incit\u00e9s \u00e0 combiner les modes pr\u00e9sentiel et distanciel, afin que les membres dans l&#8217;impossibilit\u00e9 de se d\u00e9placer puissent n\u00e9anmoins participer \u00e0 l&#8217;\u00e9lection du nouveau <a href=\"http:\/\/www.musees-mediterranee.org\/index.php\/qui-sommes-nous\/\" target=\"_blank\" rel=\"noopener\">conseil d&#8217;administration<\/a>.<\/p><p>Les adh\u00e9rents pr\u00e9sents ont eu le plaisir de visiter ce bel \u00e9difice, \u00e9galement d\u00fb \u00e0 Joseph-Dominique d&#8217;Inguimbert, de d\u00e9couvrir les espaces actuellement accessibles au public ainsi que les salles en cours d&#8217;am\u00e9nagement, sous la conduite de Jean-Yves Baudouy, directeur de l&#8217;\u00e9tablissement et membre de Mus\u00e9es M\u00e9diterran\u00e9e. Nous exprimons nos vifs remerciements \u00e0 notre coll\u00e8gue pour son tr\u00e8s aimable accueil, dans l&#8217;attente de la future pr\u00e9sentation des collections.<\/p><p><blockquote class=\"wp-embedded-content\" data-secret=\"tKhjHT0jQr\"><a href=\"http:\/\/www.musees-mediterranee.org\/index.php\/2021\/07\/06\/transfert-de-la-bibliotheque-musee-inguimbertine\/\">Transfert de la biblioth\u00e8que-mus\u00e9e Inguimbertine<\/a><\/blockquote><iframe class=\"wp-embedded-content\" sandbox=\"allow-scripts\" security=\"restricted\" style=\"position: absolute; clip: rect(1px, 1px, 1px, 1px);\" title=\"\u00ab\u00a0Transfert de la biblioth\u00e8que-mus\u00e9e Inguimbertine\u00a0\u00bb &#8212; \" src=\"http:\/\/www.musees-mediterranee.org\/index.php\/2021\/07\/06\/transfert-de-la-bibliotheque-musee-inguimbertine\/embed\/#?secret=GAupFGKaOJ#?secret=tKhjHT0jQr\" data-secret=\"tKhjHT0jQr\" width=\"600\" height=\"338\" frameborder=\"0\" marginwidth=\"0\" marginheight=\"0\" scrolling=\"no\"><\/iframe><\/p>\t\t\t\t\t\t\t\t<\/div>\n\t\t\t\t<\/div>\n\t\t\t\t\t<\/div>\n\t\t<\/div>\n\t\t\t\t\t<\/div>\n\t\t<\/section>\n\t\t\t\t<\/div>\n\t\t","protected":false},"excerpt":{"rendered":"<p>L\u2019assembl\u00e9e g\u00e9n\u00e9rale de l\u2019association Mus\u00e9es M\u00e9diterran\u00e9e s\u2019est tenue le vendredi 14 avril 2023 apr\u00e8s-midi, \u00e0 l\u2019auditorium de la biblioth\u00e8que-mus\u00e9e Inguimbertine, sur son nouveau site de l\u2019H\u00f4tel-Dieu, \u00e0 Carpentras. <\/p>\n","protected":false},"author":1,"featured_media":8077,"comment_status":"closed","ping_status":"closed","sticky":false,"template":"","format":"standard","meta":{"_acf_changed":false,"_bbp_topic_count":0,"_bbp_reply_count":0,"_bbp_total_topic_count":0,"_bbp_total_reply_count":0,"_bbp_voice_count":0,"_bbp_anonymous_reply_count":0,"_bbp_topic_count_hidden":0,"_bbp_reply_count_hidden":0,"_bbp_forum_subforum_count":0,"iawp_total_views":10,"footnotes":""},"categories":[25,73],"tags":[71],"class_list":["post-7968","post","type-post","status-publish","format-standard","has-post-thumbnail","hentry","category-journal","category-rencontres","tag-juin-2023"],"acf":[],"_links":{"self":[{"href":"http:\/\/www.musees-mediterranee.org\/index.php\/wp-json\/wp\/v2\/posts\/7968","targetHints":{"allow":["GET"]}}],"collection":[{"href":"http:\/\/www.musees-mediterranee.org\/index.php\/wp-json\/wp\/v2\/posts"}],"about":[{"href":"http:\/\/www.musees-mediterranee.org\/index.php\/wp-json\/wp\/v2\/types\/post"}],"author":[{"embeddable":true,"href":"http:\/\/www.musees-mediterranee.org\/index.php\/wp-json\/wp\/v2\/users\/1"}],"replies":[{"embeddable":true,"href":"http:\/\/www.musees-mediterranee.org\/index.php\/wp-json\/wp\/v2\/comments?post=7968"}],"version-history":[{"count":0,"href":"http:\/\/www.musees-mediterranee.org\/index.php\/wp-json\/wp\/v2\/posts\/7968\/revisions"}],"wp:featuredmedia":[{"embeddable":true,"href":"http:\/\/www.musees-mediterranee.org\/index.php\/wp-json\/wp\/v2\/media\/8077"}],"wp:attachment":[{"href":"http:\/\/www.musees-mediterranee.org\/index.php\/wp-json\/wp\/v2\/media?parent=7968"}],"wp:term":[{"taxonomy":"category","embeddable":true,"href":"http:\/\/www.musees-mediterranee.org\/index.php\/wp-json\/wp\/v2\/categories?post=7968"},{"taxonomy":"post_tag","embeddable":true,"href":"http:\/\/www.musees-mediterranee.org\/index.php\/wp-json\/wp\/v2\/tags?post=7968"}],"curies":[{"name":"wp","href":"https:\/\/api.w.org\/{rel}","templated":true}]}}