{"id":7724,"date":"2023-05-15T10:20:14","date_gmt":"2023-05-15T08:20:14","guid":{"rendered":"http:\/\/www.musees-mediterranee.org\/?p=7724"},"modified":"2023-11-07T09:00:08","modified_gmt":"2023-11-07T08:00:08","slug":"picot-de-lapeyrouse-voyage-au-coeur-des-pierres","status":"publish","type":"post","link":"http:\/\/www.musees-mediterranee.org\/index.php\/2023\/05\/15\/picot-de-lapeyrouse-voyage-au-coeur-des-pierres\/","title":{"rendered":"Picot de Lapeyrouse <br\/>voyage au c\u0153ur des pierres"},"content":{"rendered":"\t\t<div data-elementor-type=\"wp-post\" data-elementor-id=\"7724\" class=\"elementor elementor-7724\" data-elementor-post-type=\"post\">\n\t\t\t\t\t\t<section class=\"elementor-section elementor-top-section elementor-element elementor-element-b9996c3 elementor-section-boxed elementor-section-height-default elementor-section-height-default exad-glass-effect-no exad-sticky-section-no\" data-id=\"b9996c3\" data-element_type=\"section\" data-e-type=\"section\">\n\t\t\t\t\t\t<div class=\"elementor-container elementor-column-gap-default\">\n\t\t\t\t\t<div class=\"elementor-column elementor-col-100 elementor-top-column elementor-element elementor-element-00c0680 exad-glass-effect-no exad-sticky-section-no\" data-id=\"00c0680\" data-element_type=\"column\" data-e-type=\"column\">\n\t\t\t<div class=\"elementor-widget-wrap elementor-element-populated\">\n\t\t\t\t\t\t<div class=\"elementor-element elementor-element-317478a exad-sticky-section-no exad-glass-effect-no elementor-widget elementor-widget-text-editor\" data-id=\"317478a\" data-element_type=\"widget\" data-e-type=\"widget\" data-widget_type=\"text-editor.default\">\n\t\t\t\t<div class=\"elementor-widget-container\">\n\t\t\t\t\t\t\t\t\t<p>Philippe Picot de Lapeyrouse (1744-1818) est un naturaliste toulousain, qui a constitu\u00e9 d\u2019importantes collections scientifiques au fil de ses recherches. Le Service commun d\u2019\u00e9tude et de conservation des collections patrimoniales (SCECCP) de l\u2019Universit\u00e9 Toulouse III \u2013 Paul Sabatier conserve sa collection de min\u00e9ralogie.<\/p><p>L\u2019exposition <em>Picot de Lapeyrouse, voyage au c\u0153ur des pierres<\/em>, d\u00e9voile ses terrains de recherche, le travail d\u2019un naturaliste au XVIIIe si\u00e8cle, r\u00e9v\u00e8le l\u2019\u00e9volution de la discipline, le renouvellement ou la permanence de certaines questions\u2026<br \/>\u00c0 travers des panneaux et des vitrines, elle s\u2019adresse \u00e0 un public curieux de min\u00e9ralogie et de science.<\/p><p>Cette exposition, programm\u00e9e en partenariat avec le Parc Naturel R\u00e9gional Corbi\u00e8res Fenouill\u00e8des, est l\u2019occasion de pr\u00e9senter le tr\u00e8s riche patrimoine g\u00e9ologique du territoire, notamment au travers de sublimes photographies des sites g\u00e9ologiques remarquables.<\/p><p>\u00ab Je sens bien que je n\u2019ai ni tout vu, ni tout dit. Mais il fallait commencer \u00bb ainsi parlait Philippe Picot de Lapeyrouse&#8230;<\/p>\t\t\t\t\t\t\t\t<\/div>\n\t\t\t\t<\/div>\n\t\t\t\t\t<\/div>\n\t\t<\/div>\n\t\t\t\t\t<\/div>\n\t\t<\/section>\n\t\t\t\t<section class=\"elementor-section elementor-top-section elementor-element elementor-element-5242e0a elementor-section-boxed elementor-section-height-default elementor-section-height-default exad-glass-effect-no exad-sticky-section-no\" data-id=\"5242e0a\" data-element_type=\"section\" data-e-type=\"section\">\n\t\t\t\t\t\t<div class=\"elementor-container elementor-column-gap-default\">\n\t\t\t\t\t<div class=\"elementor-column elementor-col-100 elementor-top-column elementor-element elementor-element-6c19b88 exad-glass-effect-no exad-sticky-section-no\" data-id=\"6c19b88\" data-element_type=\"column\" data-e-type=\"column\">\n\t\t\t<div class=\"elementor-widget-wrap elementor-element-populated\">\n\t\t\t\t\t\t<div class=\"elementor-element elementor-element-c27acd4 exad-sticky-section-no exad-glass-effect-no elementor-widget elementor-widget-image\" data-id=\"c27acd4\" data-element_type=\"widget\" data-e-type=\"widget\" data-widget_type=\"image.default\">\n\t\t\t\t<div class=\"elementor-widget-container\">\n\t\t\t\t\t\t\t\t\t\t\t\t<figure class=\"wp-caption\">\n\t\t\t\t\t\t\t\t\t\t\t<a href=\"http:\/\/www.musees-mediterranee.org\/wp-content\/uploads\/2023\/05\/quartz_2.jpg\" data-elementor-open-lightbox=\"yes\" data-e-action-hash=\"#elementor-action%3Aaction%3Dlightbox%26settings%3DeyJpZCI6NzcyNywidXJsIjoiaHR0cDpcL1wvd3d3Lm11c2Vlcy1tZWRpdGVycmFuZWUub3JnXC93cC1jb250ZW50XC91cGxvYWRzXC8yMDIzXC8wNVwvcXVhcnR6XzIuanBnIn0%3D\">\n\t\t\t\t\t\t\t<img fetchpriority=\"high\" decoding=\"async\" width=\"800\" height=\"1200\" src=\"http:\/\/www.musees-mediterranee.org\/wp-content\/uploads\/2023\/05\/quartz_2.jpg\" class=\"attachment-full size-full wp-image-7727\" alt=\"\" srcset=\"http:\/\/www.musees-mediterranee.org\/wp-content\/uploads\/2023\/05\/quartz_2.jpg 800w, http:\/\/www.musees-mediterranee.org\/wp-content\/uploads\/2023\/05\/quartz_2-200x300.jpg 200w, http:\/\/www.musees-mediterranee.org\/wp-content\/uploads\/2023\/05\/quartz_2-683x1024.jpg 683w, http:\/\/www.musees-mediterranee.org\/wp-content\/uploads\/2023\/05\/quartz_2-768x1152.jpg 768w\" sizes=\"(max-width: 800px) 100vw, 800px\" \/>\t\t\t\t\t\t\t\t<\/a>\n\t\t\t\t\t\t\t\t\t\t\t<figcaption class=\"widget-image-caption wp-caption-text\">Quartz \u00a9 David Maugendre, Service de la Connaissance et de l\u2019Inventaire des Patrimoines, R\u00e9gion Occitanie<\/figcaption>\n\t\t\t\t\t\t\t\t\t\t<\/figure>\n\t\t\t\t\t\t\t\t\t<\/div>\n\t\t\t\t<\/div>\n\t\t\t\t\t<\/div>\n\t\t<\/div>\n\t\t\t\t\t<\/div>\n\t\t<\/section>\n\t\t\t\t<section class=\"elementor-section elementor-top-section elementor-element elementor-element-35e3e1d elementor-section-boxed elementor-section-height-default elementor-section-height-default exad-glass-effect-no exad-sticky-section-no\" data-id=\"35e3e1d\" data-element_type=\"section\" data-e-type=\"section\">\n\t\t\t\t\t\t<div class=\"elementor-container elementor-column-gap-default\">\n\t\t\t\t\t<div class=\"elementor-column elementor-col-100 elementor-top-column elementor-element elementor-element-485eaf3 exad-glass-effect-no exad-sticky-section-no\" data-id=\"485eaf3\" data-element_type=\"column\" data-e-type=\"column\">\n\t\t\t<div class=\"elementor-widget-wrap elementor-element-populated\">\n\t\t\t\t\t\t<div class=\"elementor-element elementor-element-8a2f7a8 exad-sticky-section-no exad-glass-effect-no elementor-widget elementor-widget-spacer\" data-id=\"8a2f7a8\" data-element_type=\"widget\" data-e-type=\"widget\" data-widget_type=\"spacer.default\">\n\t\t\t\t<div class=\"elementor-widget-container\">\n\t\t\t\t\t\t\t<div class=\"elementor-spacer\">\n\t\t\t<div class=\"elementor-spacer-inner\"><\/div>\n\t\t<\/div>\n\t\t\t\t\t\t<\/div>\n\t\t\t\t<\/div>\n\t\t\t\t\t<\/div>\n\t\t<\/div>\n\t\t\t\t\t<\/div>\n\t\t<\/section>\n\t\t\t\t<\/div>\n\t\t","protected":false},"excerpt":{"rendered":"<p><b>Mus\u00e9e de Tautavel<br \/>\nJusqu\u2019au 18 juin 2023<\/b><br \/>\n<br \/>Philippe Picot de Lapeyrouse (1744-1818) est un naturaliste toulousain, qui a constitu\u00e9 d\u2019importantes collections scientifiques au fil de ses recherches.<\/p>\n","protected":false},"author":1,"featured_media":8239,"comment_status":"closed","ping_status":"closed","sticky":false,"template":"","format":"standard","meta":{"_acf_changed":false,"_bbp_topic_count":0,"_bbp_reply_count":0,"_bbp_total_topic_count":0,"_bbp_total_reply_count":0,"_bbp_voice_count":0,"_bbp_anonymous_reply_count":0,"_bbp_topic_count_hidden":0,"_bbp_reply_count_hidden":0,"_bbp_forum_subforum_count":0,"iawp_total_views":5,"footnotes":""},"categories":[32,25],"tags":[71],"class_list":["post-7724","post","type-post","status-publish","format-standard","has-post-thumbnail","hentry","category-exposition","category-journal","tag-juin-2023"],"acf":[],"_links":{"self":[{"href":"http:\/\/www.musees-mediterranee.org\/index.php\/wp-json\/wp\/v2\/posts\/7724","targetHints":{"allow":["GET"]}}],"collection":[{"href":"http:\/\/www.musees-mediterranee.org\/index.php\/wp-json\/wp\/v2\/posts"}],"about":[{"href":"http:\/\/www.musees-mediterranee.org\/index.php\/wp-json\/wp\/v2\/types\/post"}],"author":[{"embeddable":true,"href":"http:\/\/www.musees-mediterranee.org\/index.php\/wp-json\/wp\/v2\/users\/1"}],"replies":[{"embeddable":true,"href":"http:\/\/www.musees-mediterranee.org\/index.php\/wp-json\/wp\/v2\/comments?post=7724"}],"version-history":[{"count":0,"href":"http:\/\/www.musees-mediterranee.org\/index.php\/wp-json\/wp\/v2\/posts\/7724\/revisions"}],"wp:featuredmedia":[{"embeddable":true,"href":"http:\/\/www.musees-mediterranee.org\/index.php\/wp-json\/wp\/v2\/media\/8239"}],"wp:attachment":[{"href":"http:\/\/www.musees-mediterranee.org\/index.php\/wp-json\/wp\/v2\/media?parent=7724"}],"wp:term":[{"taxonomy":"category","embeddable":true,"href":"http:\/\/www.musees-mediterranee.org\/index.php\/wp-json\/wp\/v2\/categories?post=7724"},{"taxonomy":"post_tag","embeddable":true,"href":"http:\/\/www.musees-mediterranee.org\/index.php\/wp-json\/wp\/v2\/tags?post=7724"}],"curies":[{"name":"wp","href":"https:\/\/api.w.org\/{rel}","templated":true}]}}