{"id":7621,"date":"2023-05-10T09:57:50","date_gmt":"2023-05-10T07:57:50","guid":{"rendered":"http:\/\/www.musees-mediterranee.org\/?p=7621"},"modified":"2023-05-10T11:16:03","modified_gmt":"2023-05-10T09:16:03","slug":"04-patrimoine-et-collections-liees-aux-activites-militaires-pourquoi-et-pour-quels-amenagements-du-territoire-2004","status":"publish","type":"post","link":"http:\/\/www.musees-mediterranee.org\/index.php\/2023\/05\/10\/04-patrimoine-et-collections-liees-aux-activites-militaires-pourquoi-et-pour-quels-amenagements-du-territoire-2004\/","title":{"rendered":"04 &#8211; Patrimoine et collections li\u00e9es aux activit\u00e9s militaires : pourquoi et pour quels am\u00e9nagements du territoire [2004]"},"content":{"rendered":"\t\t<div data-elementor-type=\"wp-post\" data-elementor-id=\"7621\" class=\"elementor elementor-7621\" data-elementor-post-type=\"post\">\n\t\t\t\t\t\t<section class=\"elementor-section elementor-top-section elementor-element elementor-element-170c37e elementor-section-boxed elementor-section-height-default elementor-section-height-default exad-glass-effect-no exad-sticky-section-no\" data-id=\"170c37e\" data-element_type=\"section\" data-e-type=\"section\">\n\t\t\t\t\t\t<div class=\"elementor-container elementor-column-gap-default\">\n\t\t\t\t\t<div class=\"elementor-column elementor-col-100 elementor-top-column elementor-element elementor-element-c2447f2 exad-glass-effect-no exad-sticky-section-no\" data-id=\"c2447f2\" data-element_type=\"column\" data-e-type=\"column\">\n\t\t\t<div class=\"elementor-widget-wrap elementor-element-populated\">\n\t\t\t\t\t\t<div class=\"elementor-element elementor-element-331b37b exad-sticky-section-no exad-glass-effect-no elementor-widget elementor-widget-text-editor\" data-id=\"331b37b\" data-element_type=\"widget\" data-e-type=\"widget\" data-widget_type=\"text-editor.default\">\n\t\t\t\t<div class=\"elementor-widget-container\">\n\t\t\t\t\t\t\t\t\t<p>Ce N\u00b0 4 de la collection EXOS fait suite \u00e0 la journ\u00e9e d\u2019\u00e9tudes \u00ab Patrimoine et collections li\u00e9es aux activit\u00e9s militaires: pourquoi et pour quels am\u00e9nagements du territoire \u00bb du 6 novembre 2003 au mus\u00e9e de l\u2019Artillerie de Draguignan, pilot\u00e9e par le LCL Gilles Aubagnac, conservateur du mus\u00e9e de l\u2019Artillerie de Draguignan.<\/p><p>Suivant les termes de la loi mus\u00e9e de 2002, un mus\u00e9e est avant toute chose une collection et c\u2019est suivant cette d\u00e9finition qu\u2019il faut concevoir aujourd\u2019hui les mus\u00e9es dits militaires. S\u2019ils sont de statut diff\u00e9rent associatif, de collectivit\u00e9s territoriales ou du Minist\u00e8re de la D\u00e9fense, leur point commun r\u00e9side dans la sp\u00e9cificit\u00e9 des collections.<\/p>\t\t\t\t\t\t\t\t<\/div>\n\t\t\t\t<\/div>\n\t\t\t\t\t<\/div>\n\t\t<\/div>\n\t\t\t\t\t<\/div>\n\t\t<\/section>\n\t\t\t\t<\/div>\n\t\t","protected":false},"excerpt":{"rendered":"<p>Ce N\u00b0 4 de la collection EXOS fait suite \u00e0 la journ\u00e9e d\u2019\u00e9tudes \u00ab Patrimoine et collections li\u00e9es aux activit\u00e9s militaires: pourquoi et pour quels am\u00e9nagements du territoire \u00bb du&hellip; <\/p>\n","protected":false},"author":1,"featured_media":156,"comment_status":"closed","ping_status":"closed","sticky":false,"template":"","format":"standard","meta":{"_acf_changed":false,"_bbp_topic_count":0,"_bbp_reply_count":0,"_bbp_total_topic_count":0,"_bbp_total_reply_count":0,"_bbp_voice_count":0,"_bbp_anonymous_reply_count":0,"_bbp_topic_count_hidden":0,"_bbp_reply_count_hidden":0,"_bbp_forum_subforum_count":0,"iawp_total_views":8,"footnotes":""},"categories":[67],"tags":[],"class_list":["post-7621","post","type-post","status-publish","format-standard","has-post-thumbnail","hentry","category-exos"],"acf":[],"_links":{"self":[{"href":"http:\/\/www.musees-mediterranee.org\/index.php\/wp-json\/wp\/v2\/posts\/7621","targetHints":{"allow":["GET"]}}],"collection":[{"href":"http:\/\/www.musees-mediterranee.org\/index.php\/wp-json\/wp\/v2\/posts"}],"about":[{"href":"http:\/\/www.musees-mediterranee.org\/index.php\/wp-json\/wp\/v2\/types\/post"}],"author":[{"embeddable":true,"href":"http:\/\/www.musees-mediterranee.org\/index.php\/wp-json\/wp\/v2\/users\/1"}],"replies":[{"embeddable":true,"href":"http:\/\/www.musees-mediterranee.org\/index.php\/wp-json\/wp\/v2\/comments?post=7621"}],"version-history":[{"count":0,"href":"http:\/\/www.musees-mediterranee.org\/index.php\/wp-json\/wp\/v2\/posts\/7621\/revisions"}],"wp:featuredmedia":[{"embeddable":true,"href":"http:\/\/www.musees-mediterranee.org\/index.php\/wp-json\/wp\/v2\/media\/156"}],"wp:attachment":[{"href":"http:\/\/www.musees-mediterranee.org\/index.php\/wp-json\/wp\/v2\/media?parent=7621"}],"wp:term":[{"taxonomy":"category","embeddable":true,"href":"http:\/\/www.musees-mediterranee.org\/index.php\/wp-json\/wp\/v2\/categories?post=7621"},{"taxonomy":"post_tag","embeddable":true,"href":"http:\/\/www.musees-mediterranee.org\/index.php\/wp-json\/wp\/v2\/tags?post=7621"}],"curies":[{"name":"wp","href":"https:\/\/api.w.org\/{rel}","templated":true}]}}