{"id":7567,"date":"2023-05-09T11:52:11","date_gmt":"2023-05-09T09:52:11","guid":{"rendered":"http:\/\/www.musees-mediterranee.org\/?p=7567"},"modified":"2023-05-09T11:52:36","modified_gmt":"2023-05-09T09:52:36","slug":"11-dimension-conflictuelle-du-patrimoine-2008","status":"publish","type":"post","link":"http:\/\/www.musees-mediterranee.org\/index.php\/2023\/05\/09\/11-dimension-conflictuelle-du-patrimoine-2008\/","title":{"rendered":"11 &#8211; Dimension conflictuelle du patrimoine [2008]"},"content":{"rendered":"\t\t<div data-elementor-type=\"wp-post\" data-elementor-id=\"7567\" class=\"elementor elementor-7567\" data-elementor-post-type=\"post\">\n\t\t\t\t\t\t<section class=\"elementor-section elementor-top-section elementor-element elementor-element-170c37e elementor-section-boxed elementor-section-height-default elementor-section-height-default exad-glass-effect-no exad-sticky-section-no\" data-id=\"170c37e\" data-element_type=\"section\" data-e-type=\"section\">\n\t\t\t\t\t\t<div class=\"elementor-container elementor-column-gap-default\">\n\t\t\t\t\t<div class=\"elementor-column elementor-col-100 elementor-top-column elementor-element elementor-element-c2447f2 exad-glass-effect-no exad-sticky-section-no\" data-id=\"c2447f2\" data-element_type=\"column\" data-e-type=\"column\">\n\t\t\t<div class=\"elementor-widget-wrap elementor-element-populated\">\n\t\t\t\t\t\t<div class=\"elementor-element elementor-element-331b37b exad-sticky-section-no exad-glass-effect-no elementor-widget elementor-widget-text-editor\" data-id=\"331b37b\" data-element_type=\"widget\" data-e-type=\"widget\" data-widget_type=\"text-editor.default\">\n\t\t\t\t<div class=\"elementor-widget-container\">\n\t\t\t\t\t\t\t\t\t<p>Le premier s\u00e9minaire de Peyresq a \u00e9t\u00e9 organis\u00e9 par deux conserva\u00adteurs exer\u00e7ant \u00e0 Marseille: Christine Breton, du programme europ\u00e9en de patrimoine int\u00e9gr\u00e9 et Mireille Jacotin, du mus\u00e9e des civilisations de l\u2019Europe et de la M\u00e9diterran\u00e9e. Depuis 2002, l\u2019association AGCCPF interroge les rapports entre le patrimoine et l\u2019Europe en construction. Dimension conflictuelle du patrimoine s\u2019inscrit dans ce cadre.<\/p>\t\t\t\t\t\t\t\t<\/div>\n\t\t\t\t<\/div>\n\t\t\t\t\t<\/div>\n\t\t<\/div>\n\t\t\t\t\t<\/div>\n\t\t<\/section>\n\t\t\t\t<\/div>\n\t\t","protected":false},"excerpt":{"rendered":"<p>Le premier s\u00e9minaire de Peyresq a \u00e9t\u00e9 organis\u00e9 par deux conserva\u00adteurs exer\u00e7ant \u00e0 Marseille: Christine Breton, du programme europ\u00e9en de patrimoine int\u00e9gr\u00e9 et Mireille Jacotin, du mus\u00e9e des civilisations de&hellip; <\/p>\n","protected":false},"author":1,"featured_media":123,"comment_status":"closed","ping_status":"closed","sticky":false,"template":"","format":"standard","meta":{"_acf_changed":false,"_bbp_topic_count":0,"_bbp_reply_count":0,"_bbp_total_topic_count":0,"_bbp_total_reply_count":0,"_bbp_voice_count":0,"_bbp_anonymous_reply_count":0,"_bbp_topic_count_hidden":0,"_bbp_reply_count_hidden":0,"_bbp_forum_subforum_count":0,"iawp_total_views":10,"footnotes":""},"categories":[67],"tags":[],"class_list":["post-7567","post","type-post","status-publish","format-standard","has-post-thumbnail","hentry","category-exos"],"acf":[],"_links":{"self":[{"href":"http:\/\/www.musees-mediterranee.org\/index.php\/wp-json\/wp\/v2\/posts\/7567","targetHints":{"allow":["GET"]}}],"collection":[{"href":"http:\/\/www.musees-mediterranee.org\/index.php\/wp-json\/wp\/v2\/posts"}],"about":[{"href":"http:\/\/www.musees-mediterranee.org\/index.php\/wp-json\/wp\/v2\/types\/post"}],"author":[{"embeddable":true,"href":"http:\/\/www.musees-mediterranee.org\/index.php\/wp-json\/wp\/v2\/users\/1"}],"replies":[{"embeddable":true,"href":"http:\/\/www.musees-mediterranee.org\/index.php\/wp-json\/wp\/v2\/comments?post=7567"}],"version-history":[{"count":0,"href":"http:\/\/www.musees-mediterranee.org\/index.php\/wp-json\/wp\/v2\/posts\/7567\/revisions"}],"wp:featuredmedia":[{"embeddable":true,"href":"http:\/\/www.musees-mediterranee.org\/index.php\/wp-json\/wp\/v2\/media\/123"}],"wp:attachment":[{"href":"http:\/\/www.musees-mediterranee.org\/index.php\/wp-json\/wp\/v2\/media?parent=7567"}],"wp:term":[{"taxonomy":"category","embeddable":true,"href":"http:\/\/www.musees-mediterranee.org\/index.php\/wp-json\/wp\/v2\/categories?post=7567"},{"taxonomy":"post_tag","embeddable":true,"href":"http:\/\/www.musees-mediterranee.org\/index.php\/wp-json\/wp\/v2\/tags?post=7567"}],"curies":[{"name":"wp","href":"https:\/\/api.w.org\/{rel}","templated":true}]}}