{"id":7534,"date":"2023-05-09T11:33:53","date_gmt":"2023-05-09T09:33:53","guid":{"rendered":"http:\/\/www.musees-mediterranee.org\/?p=7534"},"modified":"2023-05-09T11:34:09","modified_gmt":"2023-05-09T09:34:09","slug":"16-actualite-des-pratiques-de-la-conservation-restauration-en-france-et-en-europe-2010","status":"publish","type":"post","link":"http:\/\/www.musees-mediterranee.org\/index.php\/2023\/05\/09\/16-actualite-des-pratiques-de-la-conservation-restauration-en-france-et-en-europe-2010\/","title":{"rendered":"16 &#8211; Actualit\u00e9 des pratiques de la conservation-restauration en France et en Europe [2010]"},"content":{"rendered":"\t\t<div data-elementor-type=\"wp-post\" data-elementor-id=\"7534\" class=\"elementor elementor-7534\" data-elementor-post-type=\"post\">\n\t\t\t\t\t\t<section class=\"elementor-section elementor-top-section elementor-element elementor-element-170c37e elementor-section-boxed elementor-section-height-default elementor-section-height-default exad-glass-effect-no exad-sticky-section-no\" data-id=\"170c37e\" data-element_type=\"section\" data-e-type=\"section\">\n\t\t\t\t\t\t<div class=\"elementor-container elementor-column-gap-default\">\n\t\t\t\t\t<div class=\"elementor-column elementor-col-100 elementor-top-column elementor-element elementor-element-c2447f2 exad-glass-effect-no exad-sticky-section-no\" data-id=\"c2447f2\" data-element_type=\"column\" data-e-type=\"column\">\n\t\t\t<div class=\"elementor-widget-wrap elementor-element-populated\">\n\t\t\t\t\t\t<div class=\"elementor-element elementor-element-331b37b exad-sticky-section-no exad-glass-effect-no elementor-widget elementor-widget-text-editor\" data-id=\"331b37b\" data-element_type=\"widget\" data-e-type=\"widget\" data-widget_type=\"text-editor.default\">\n\t\t\t\t<div class=\"elementor-widget-container\">\n\t\t\t\t\t\t\t\t\t<p>L\u2019activit\u00e9 de la conservation-restauration des biens culturels et le fonctionnement des institutions mus\u00e9ales ont connu ces derni\u00e8res ann\u00e9es des \u00e9volutions qui requi\u00e8rent, outre l\u2019harmonisation d\u2019une terminologie professionnelle, de lancer de nouveaux ponts institutionnels entre les deux entit\u00e9s afin d\u2019en am\u00e9liorer les collaborations futures. D\u00e8s 2008, le R\u00e9f\u00e9rentiel europ\u00e9en des professions mus\u00e9ales \u00e9labor\u00e9 par I\u2019ICTOP-ICOM d\u00e9finit en termes g\u00e9n\u00e9ralistes les orientations futures qu\u2019il convient d\u2019adapter aux situations locales et aux contextes concrets.<\/p>\t\t\t\t\t\t\t\t<\/div>\n\t\t\t\t<\/div>\n\t\t\t\t\t<\/div>\n\t\t<\/div>\n\t\t\t\t\t<\/div>\n\t\t<\/section>\n\t\t\t\t<\/div>\n\t\t","protected":false},"excerpt":{"rendered":"<p>L\u2019activit\u00e9 de la conservation-restauration des biens culturels et le fonctionnement des institutions mus\u00e9ales ont connu ces derni\u00e8res ann\u00e9es des \u00e9volutions qui requi\u00e8rent, outre l\u2019harmonisation d\u2019une terminologie professionnelle, de lancer de&hellip; <\/p>\n","protected":false},"author":1,"featured_media":128,"comment_status":"closed","ping_status":"closed","sticky":false,"template":"","format":"standard","meta":{"_acf_changed":false,"_bbp_topic_count":0,"_bbp_reply_count":0,"_bbp_total_topic_count":0,"_bbp_total_reply_count":0,"_bbp_voice_count":0,"_bbp_anonymous_reply_count":0,"_bbp_topic_count_hidden":0,"_bbp_reply_count_hidden":0,"_bbp_forum_subforum_count":0,"iawp_total_views":9,"footnotes":""},"categories":[67],"tags":[],"class_list":["post-7534","post","type-post","status-publish","format-standard","has-post-thumbnail","hentry","category-exos"],"acf":[],"_links":{"self":[{"href":"http:\/\/www.musees-mediterranee.org\/index.php\/wp-json\/wp\/v2\/posts\/7534","targetHints":{"allow":["GET"]}}],"collection":[{"href":"http:\/\/www.musees-mediterranee.org\/index.php\/wp-json\/wp\/v2\/posts"}],"about":[{"href":"http:\/\/www.musees-mediterranee.org\/index.php\/wp-json\/wp\/v2\/types\/post"}],"author":[{"embeddable":true,"href":"http:\/\/www.musees-mediterranee.org\/index.php\/wp-json\/wp\/v2\/users\/1"}],"replies":[{"embeddable":true,"href":"http:\/\/www.musees-mediterranee.org\/index.php\/wp-json\/wp\/v2\/comments?post=7534"}],"version-history":[{"count":0,"href":"http:\/\/www.musees-mediterranee.org\/index.php\/wp-json\/wp\/v2\/posts\/7534\/revisions"}],"wp:featuredmedia":[{"embeddable":true,"href":"http:\/\/www.musees-mediterranee.org\/index.php\/wp-json\/wp\/v2\/media\/128"}],"wp:attachment":[{"href":"http:\/\/www.musees-mediterranee.org\/index.php\/wp-json\/wp\/v2\/media?parent=7534"}],"wp:term":[{"taxonomy":"category","embeddable":true,"href":"http:\/\/www.musees-mediterranee.org\/index.php\/wp-json\/wp\/v2\/categories?post=7534"},{"taxonomy":"post_tag","embeddable":true,"href":"http:\/\/www.musees-mediterranee.org\/index.php\/wp-json\/wp\/v2\/tags?post=7534"}],"curies":[{"name":"wp","href":"https:\/\/api.w.org\/{rel}","templated":true}]}}