{"id":735,"date":"2020-10-15T08:57:01","date_gmt":"2020-10-15T06:57:01","guid":{"rendered":"http:\/\/www.musees-mediterranee.org\/?p=735"},"modified":"2023-06-20T09:16:21","modified_gmt":"2023-06-20T07:16:21","slug":"journee-detude-art-contemporain-collections-naturalistes","status":"publish","type":"post","link":"http:\/\/www.musees-mediterranee.org\/index.php\/2020\/10\/15\/journee-detude-art-contemporain-collections-naturalistes\/","title":{"rendered":"Journ\u00e9e d\u2019\u00e9tude<br\/> Art contemporain et  collections naturalistes<br\/> 15 octobre 2020"},"content":{"rendered":"\t\t<div data-elementor-type=\"wp-post\" data-elementor-id=\"735\" class=\"elementor elementor-735\" data-elementor-post-type=\"post\">\n\t\t\t\t\t\t<section class=\"elementor-section elementor-top-section elementor-element elementor-element-1adf elementor-section-boxed elementor-section-height-default elementor-section-height-default exad-glass-effect-no exad-sticky-section-no\" data-id=\"1adf\" data-element_type=\"section\" data-e-type=\"section\">\n\t\t\t\t\t\t<div class=\"elementor-container elementor-column-gap-default\">\n\t\t\t\t\t<div class=\"elementor-column elementor-col-100 elementor-top-column elementor-element elementor-element-132c exad-glass-effect-no exad-sticky-section-no\" data-id=\"132c\" data-element_type=\"column\" data-e-type=\"column\">\n\t\t\t<div class=\"elementor-widget-wrap elementor-element-populated\">\n\t\t\t\t\t\t<div class=\"elementor-element elementor-element-41f5 exad-sticky-section-no exad-glass-effect-no elementor-widget elementor-widget-text-editor\" data-id=\"41f5\" data-element_type=\"widget\" data-e-type=\"widget\" data-widget_type=\"text-editor.default\">\n\t\t\t\t<div class=\"elementor-widget-container\">\n\t\t\t\t\t\t\t\t\t<p>L\u2019association Mus\u00e9es M\u00e9diterran\u00e9e a organis\u00e9 une journ\u00e9e d\u2019\u00e9tude intitul\u00e9e : \u00ab Art contemporain et collections naturalistes \u00bb le 15 octobre 2020 \u00e0 la M\u00e9diath\u00e8que Chalucet de Toulon, pilot\u00e9e par Christophe Borrely, secr\u00e9taire g\u00e9n\u00e9ral de Mus\u00e9es M\u00e9diterran\u00e9e, adjoint au responsable des collections, Mus\u00e9um d\u2019histoire naturelle de Marseille et Andr\u00e9a Par\u00e9s, membre de Mus\u00e9es M\u00e9diterran\u00e9e, conservatrice du Mus\u00e9um d\u00e9partemental du Var.<\/p><p>Cette journ\u00e9e d\u2019\u00e9tude a interrog\u00e9 la rencontre entre deux univers que tout semble opposer, la Science et l\u2019Art, l\u2019objet d\u2019\u00e9tude et la cr\u00e9ation.<\/p><p>Nous vous invitons \u00e0 <a href=\"http:\/\/www.musees-mediterranee.org\/wp-content\/uploads\/2022\/07\/Pre-actes-JE_-20201015-min.pdf\" target=\"_blank\" rel=\"noopener\">t\u00e9l\u00e9charger les pr\u00e9-actes<\/a> de cette rencontre professionnelle.<\/p>\t\t\t\t\t\t\t\t<\/div>\n\t\t\t\t<\/div>\n\t\t\t\t\t<\/div>\n\t\t<\/div>\n\t\t\t\t\t<\/div>\n\t\t<\/section>\n\t\t\t\t<section class=\"elementor-section elementor-top-section elementor-element elementor-element-df6e194 elementor-section-boxed elementor-section-height-default elementor-section-height-default exad-glass-effect-no exad-sticky-section-no\" data-id=\"df6e194\" data-element_type=\"section\" data-e-type=\"section\">\n\t\t\t\t\t\t<div class=\"elementor-container elementor-column-gap-default\">\n\t\t\t\t\t<div class=\"elementor-column elementor-col-100 elementor-top-column elementor-element elementor-element-5664b95 exad-glass-effect-no exad-sticky-section-no\" data-id=\"5664b95\" data-element_type=\"column\" data-e-type=\"column\">\n\t\t\t<div class=\"elementor-widget-wrap elementor-element-populated\">\n\t\t\t\t\t\t<div class=\"elementor-element elementor-element-22ad0bf exad-sticky-section-no exad-glass-effect-no elementor-widget elementor-widget-spacer\" data-id=\"22ad0bf\" data-element_type=\"widget\" data-e-type=\"widget\" data-widget_type=\"spacer.default\">\n\t\t\t\t<div class=\"elementor-widget-container\">\n\t\t\t\t\t\t\t<div class=\"elementor-spacer\">\n\t\t\t<div class=\"elementor-spacer-inner\"><\/div>\n\t\t<\/div>\n\t\t\t\t\t\t<\/div>\n\t\t\t\t<\/div>\n\t\t\t\t\t<\/div>\n\t\t<\/div>\n\t\t\t\t\t<\/div>\n\t\t<\/section>\n\t\t\t\t<\/div>\n\t\t","protected":false},"excerpt":{"rendered":"<p>L\u2019association Mus\u00e9es M\u00e9diterran\u00e9e a organis\u00e9 une journ\u00e9e d\u2019\u00e9tude intitul\u00e9e : \u00ab Art contemporain et collections naturalistes \u00bb le 15 octobre 2020 \u00e0 la M\u00e9diath\u00e8que Chalucet de Toulon, pilot\u00e9e par Christophe&hellip; <\/p>\n","protected":false},"author":1,"featured_media":0,"comment_status":"closed","ping_status":"closed","sticky":false,"template":"","format":"standard","meta":{"_acf_changed":false,"_bbp_topic_count":0,"_bbp_reply_count":0,"_bbp_total_topic_count":0,"_bbp_total_reply_count":0,"_bbp_voice_count":0,"_bbp_anonymous_reply_count":0,"_bbp_topic_count_hidden":0,"_bbp_reply_count_hidden":0,"_bbp_forum_subforum_count":0,"iawp_total_views":11,"footnotes":""},"categories":[48,4,15],"tags":[],"class_list":["post-735","post","type-post","status-publish","format-standard","hentry","category-archive_reseau","category-journee-detude","category-reseau-2020"],"acf":[],"_links":{"self":[{"href":"http:\/\/www.musees-mediterranee.org\/index.php\/wp-json\/wp\/v2\/posts\/735","targetHints":{"allow":["GET"]}}],"collection":[{"href":"http:\/\/www.musees-mediterranee.org\/index.php\/wp-json\/wp\/v2\/posts"}],"about":[{"href":"http:\/\/www.musees-mediterranee.org\/index.php\/wp-json\/wp\/v2\/types\/post"}],"author":[{"embeddable":true,"href":"http:\/\/www.musees-mediterranee.org\/index.php\/wp-json\/wp\/v2\/users\/1"}],"replies":[{"embeddable":true,"href":"http:\/\/www.musees-mediterranee.org\/index.php\/wp-json\/wp\/v2\/comments?post=735"}],"version-history":[{"count":0,"href":"http:\/\/www.musees-mediterranee.org\/index.php\/wp-json\/wp\/v2\/posts\/735\/revisions"}],"wp:attachment":[{"href":"http:\/\/www.musees-mediterranee.org\/index.php\/wp-json\/wp\/v2\/media?parent=735"}],"wp:term":[{"taxonomy":"category","embeddable":true,"href":"http:\/\/www.musees-mediterranee.org\/index.php\/wp-json\/wp\/v2\/categories?post=735"},{"taxonomy":"post_tag","embeddable":true,"href":"http:\/\/www.musees-mediterranee.org\/index.php\/wp-json\/wp\/v2\/tags?post=735"}],"curies":[{"name":"wp","href":"https:\/\/api.w.org\/{rel}","templated":true}]}}