{"id":6611,"date":"2023-02-07T09:33:13","date_gmt":"2023-02-07T08:33:13","guid":{"rendered":"http:\/\/www.musees-mediterranee.org\/?p=6611"},"modified":"2023-06-28T09:37:40","modified_gmt":"2023-06-28T07:37:40","slug":"plan-de-sauvegarde-des-biens-culturels-manuel-psbc","status":"publish","type":"post","link":"http:\/\/www.musees-mediterranee.org\/index.php\/2023\/02\/07\/plan-de-sauvegarde-des-biens-culturels-manuel-psbc\/","title":{"rendered":"Plan de Sauvegarde des Biens Culturels &#8211; Manuel PSBC"},"content":{"rendered":"\t\t<div data-elementor-type=\"wp-post\" data-elementor-id=\"6611\" class=\"elementor elementor-6611\" data-elementor-post-type=\"post\">\n\t\t\t\t\t\t<section class=\"elementor-section elementor-top-section elementor-element elementor-element-cace41c elementor-section-boxed elementor-section-height-default elementor-section-height-default exad-glass-effect-no exad-sticky-section-no\" data-id=\"cace41c\" data-element_type=\"section\" data-e-type=\"section\">\n\t\t\t\t\t\t<div class=\"elementor-container elementor-column-gap-default\">\n\t\t\t\t\t<div class=\"elementor-column elementor-col-100 elementor-top-column elementor-element elementor-element-6e4c13f exad-glass-effect-no exad-sticky-section-no\" data-id=\"6e4c13f\" data-element_type=\"column\" data-e-type=\"column\">\n\t\t\t<div class=\"elementor-widget-wrap elementor-element-populated\">\n\t\t\t\t\t\t<div class=\"elementor-element elementor-element-5078a1c exad-sticky-section-no exad-glass-effect-no elementor-widget elementor-widget-text-editor\" data-id=\"5078a1c\" data-element_type=\"widget\" data-e-type=\"widget\" data-widget_type=\"text-editor.default\">\n\t\t\t\t<div class=\"elementor-widget-container\">\n\t\t\t\t\t\t\t\t\t<p>Le manuel \u00ab Plan de sauvegarde des biens culturels \u2013 Accompagnement de la r\u00e9daction \u00bb r\u00e9dig\u00e9 par le D\u00e9partement de la conservation pr\u00e9ventive du Centre de recherche et de restauration des mus\u00e9es de France (C2RMF) synth\u00e9tise l\u2019ensemble du travail entrepris depuis 2019, entre le C2RMF, les DRAC, les services de secours (BSPP et SDIS) et les acteurs locaux, dans le cadre des ateliers PSBC.<\/p><p>Ce document \u00e9dit\u00e9 avec le soutien du Service des mus\u00e9es de France (SMF), est con\u00e7u comme un guide qui permet d\u2019avancer pas \u00e0 pas, sur l\u2019ensemble des \u00e9tapes cl\u00e9s pour aboutir \u00e0 un document op\u00e9rationnel.<\/p><p>Ce manuel, qui peut \u00eatre t\u00e9l\u00e9charg\u00e9 et imprim\u00e9, est propos\u00e9 en ligne \u00e0 ce lien : <a href=\"https:\/\/c2rmf.fr\/le-plan-de-sauvegarde-des-biens-culturels\" target=\"_blank\" rel=\"noopener\">https:\/\/c2rmf.fr\/le-plan-de-sauvegarde-des-biens-culturels<\/a><\/p>\t\t\t\t\t\t\t\t<\/div>\n\t\t\t\t<\/div>\n\t\t\t\t\t<\/div>\n\t\t<\/div>\n\t\t\t\t\t<\/div>\n\t\t<\/section>\n\t\t\t\t<\/div>\n\t\t","protected":false},"excerpt":{"rendered":"<p>Le manuel \u00ab Plan de sauvegarde des biens culturels \u2013 Accompagnement de la r\u00e9daction \u00bb r\u00e9dig\u00e9 par le D\u00e9partement de la conservation pr\u00e9ventive du Centre de recherche et de restauration&hellip; <\/p>\n","protected":false},"author":1,"featured_media":0,"comment_status":"closed","ping_status":"closed","sticky":false,"template":"","format":"standard","meta":{"_acf_changed":false,"_bbp_topic_count":0,"_bbp_reply_count":0,"_bbp_total_topic_count":0,"_bbp_total_reply_count":0,"_bbp_voice_count":0,"_bbp_anonymous_reply_count":0,"_bbp_topic_count_hidden":0,"_bbp_reply_count_hidden":0,"_bbp_forum_subforum_count":0,"iawp_total_views":71,"footnotes":""},"categories":[72],"tags":[],"class_list":["post-6611","post","type-post","status-publish","format-standard","hentry","category-informations"],"acf":[],"_links":{"self":[{"href":"http:\/\/www.musees-mediterranee.org\/index.php\/wp-json\/wp\/v2\/posts\/6611","targetHints":{"allow":["GET"]}}],"collection":[{"href":"http:\/\/www.musees-mediterranee.org\/index.php\/wp-json\/wp\/v2\/posts"}],"about":[{"href":"http:\/\/www.musees-mediterranee.org\/index.php\/wp-json\/wp\/v2\/types\/post"}],"author":[{"embeddable":true,"href":"http:\/\/www.musees-mediterranee.org\/index.php\/wp-json\/wp\/v2\/users\/1"}],"replies":[{"embeddable":true,"href":"http:\/\/www.musees-mediterranee.org\/index.php\/wp-json\/wp\/v2\/comments?post=6611"}],"version-history":[{"count":0,"href":"http:\/\/www.musees-mediterranee.org\/index.php\/wp-json\/wp\/v2\/posts\/6611\/revisions"}],"wp:attachment":[{"href":"http:\/\/www.musees-mediterranee.org\/index.php\/wp-json\/wp\/v2\/media?parent=6611"}],"wp:term":[{"taxonomy":"category","embeddable":true,"href":"http:\/\/www.musees-mediterranee.org\/index.php\/wp-json\/wp\/v2\/categories?post=6611"},{"taxonomy":"post_tag","embeddable":true,"href":"http:\/\/www.musees-mediterranee.org\/index.php\/wp-json\/wp\/v2\/tags?post=6611"}],"curies":[{"name":"wp","href":"https:\/\/api.w.org\/{rel}","templated":true}]}}