{"id":6441,"date":"2023-06-14T09:00:11","date_gmt":"2023-06-14T07:00:11","guid":{"rendered":"http:\/\/www.musees-mediterranee.org\/?p=6441"},"modified":"2023-11-14T10:47:19","modified_gmt":"2023-11-14T09:47:19","slug":"evaluation-des-fonds-textiles-et-etat-des-lieux-dans-les-collections-publiques-et-privees-en-region-paca","status":"publish","type":"post","link":"http:\/\/www.musees-mediterranee.org\/index.php\/2023\/06\/14\/evaluation-des-fonds-textiles-et-etat-des-lieux-dans-les-collections-publiques-et-privees-en-region-paca\/","title":{"rendered":"\u00c9valuation des fonds textiles et \u00e9tat des lieux dans les collections publiques et priv\u00e9es en r\u00e9gion PACA"},"content":{"rendered":"\t\t<div data-elementor-type=\"wp-post\" data-elementor-id=\"6441\" class=\"elementor elementor-6441\" data-elementor-post-type=\"post\">\n\t\t\t\t\t\t<section class=\"elementor-section elementor-top-section elementor-element elementor-element-336d97a elementor-section-boxed elementor-section-height-default elementor-section-height-default exad-glass-effect-no exad-sticky-section-no\" data-id=\"336d97a\" data-element_type=\"section\" data-e-type=\"section\">\n\t\t\t\t\t\t<div class=\"elementor-container elementor-column-gap-default\">\n\t\t\t\t\t<div class=\"elementor-column elementor-col-100 elementor-top-column elementor-element elementor-element-699d019 exad-glass-effect-no exad-sticky-section-no\" data-id=\"699d019\" data-element_type=\"column\" data-e-type=\"column\">\n\t\t\t<div class=\"elementor-widget-wrap elementor-element-populated\">\n\t\t\t\t\t\t<div class=\"elementor-element elementor-element-3825910 exad-sticky-section-no exad-glass-effect-no elementor-widget elementor-widget-text-editor\" data-id=\"3825910\" data-element_type=\"widget\" data-e-type=\"widget\" data-widget_type=\"text-editor.default\">\n\t\t\t\t<div class=\"elementor-widget-container\">\n\t\t\t\t\t\t\t\t\t<p>L\u2019association Mus\u00e9es M\u00e9diterran\u00e9e a choisi de porter une attention plus particuli\u00e8re aux collections de textiles conserv\u00e9es dans les mus\u00e9es de la r\u00e9gion Provence-Alpes-C\u00f4te d\u2019Azur. Si certaines de ces collections sont bien identifi\u00e9es, du fait de leur mise en valeur dans le cadre d\u2019une r\u00e9novation de mus\u00e9e ou d\u2019une politique d\u2019actions particuli\u00e8res li\u00e9es \u00e0 ces fonds, une \u00e9valuation des fonds textiles dans les collections publiques reste \u00e0 entreprendre afin de juger de leur importance, de leur qualit\u00e9 et de la n\u00e9cessit\u00e9 d\u2019une mise en place de mesures de conservation pr\u00e9ventive.<\/p><p>L\u2019association a par ailleurs choisi d\u2019\u00e9largir ce travail d\u2019enqu\u00eate et d\u2019\u00e9valuation aux collections priv\u00e9es et aux mus\u00e9es d\u2019association afin de dresser un panorama le plus exhaustif possible des fonds textiles conserv\u00e9s. Ce projet est ainsi destin\u00e9 aux responsables des collections de textiles publiques, priv\u00e9es et associatives en r\u00e9gion PACA.<\/p>\t\t\t\t\t\t\t\t<\/div>\n\t\t\t\t<\/div>\n\t\t\t\t<div class=\"elementor-element elementor-element-12e253b exad-sticky-section-no exad-glass-effect-no elementor-widget elementor-widget-image\" data-id=\"12e253b\" data-element_type=\"widget\" data-e-type=\"widget\" data-widget_type=\"image.default\">\n\t\t\t\t<div class=\"elementor-widget-container\">\n\t\t\t\t\t\t\t\t\t\t\t\t<figure class=\"wp-caption\">\n\t\t\t\t\t\t\t\t\t\t\t<a href=\"http:\/\/www.musees-mediterranee.org\/wp-content\/uploads\/2022\/06\/V1_Sollies_R.jpg\" data-elementor-open-lightbox=\"yes\" data-e-action-hash=\"#elementor-action%3Aaction%3Dlightbox%26settings%3DeyJpZCI6NTM0MiwidXJsIjoiaHR0cDpcL1wvd3d3Lm11c2Vlcy1tZWRpdGVycmFuZWUub3JnXC93cC1jb250ZW50XC91cGxvYWRzXC8yMDIyXC8wNlwvVjFfU29sbGllc19SLmpwZyJ9\">\n\t\t\t\t\t\t\t<img fetchpriority=\"high\" decoding=\"async\" width=\"1049\" height=\"1400\" src=\"http:\/\/www.musees-mediterranee.org\/wp-content\/uploads\/2022\/06\/V1_Sollies_R.jpg\" class=\"attachment-full size-full wp-image-5342\" alt=\"\" srcset=\"http:\/\/www.musees-mediterranee.org\/wp-content\/uploads\/2022\/06\/V1_Sollies_R.jpg 1049w, http:\/\/www.musees-mediterranee.org\/wp-content\/uploads\/2022\/06\/V1_Sollies_R-225x300.jpg 225w, http:\/\/www.musees-mediterranee.org\/wp-content\/uploads\/2022\/06\/V1_Sollies_R-767x1024.jpg 767w, http:\/\/www.musees-mediterranee.org\/wp-content\/uploads\/2022\/06\/V1_Sollies_R-768x1025.jpg 768w\" sizes=\"(max-width: 1049px) 100vw, 1049px\" \/>\t\t\t\t\t\t\t\t<\/a>\n\t\t\t\t\t\t\t\t\t\t\t<figcaption class=\"widget-image-caption wp-caption-text\">Jupes piqu\u00e9es, Solli\u00e8s, Mus\u00e9e du V\u00eatement Proven\u00e7al<br \/> \u00a9 Aleth Jourdan<\/figcaption>\n\t\t\t\t\t\t\t\t\t\t<\/figure>\n\t\t\t\t\t\t\t\t\t<\/div>\n\t\t\t\t<\/div>\n\t\t\t\t\t<\/div>\n\t\t<\/div>\n\t\t\t\t\t<\/div>\n\t\t<\/section>\n\t\t\t\t<section class=\"elementor-section elementor-top-section elementor-element elementor-element-60175c4 elementor-section-boxed elementor-section-height-default elementor-section-height-default exad-glass-effect-no exad-sticky-section-no\" data-id=\"60175c4\" data-element_type=\"section\" data-e-type=\"section\">\n\t\t\t\t\t\t<div class=\"elementor-container elementor-column-gap-default\">\n\t\t\t\t\t<div class=\"elementor-column elementor-col-100 elementor-top-column elementor-element elementor-element-2553065 exad-glass-effect-no exad-sticky-section-no\" data-id=\"2553065\" data-element_type=\"column\" data-e-type=\"column\">\n\t\t\t<div class=\"elementor-widget-wrap elementor-element-populated\">\n\t\t\t\t\t\t<div class=\"elementor-element elementor-element-d7787eb exad-sticky-section-no exad-glass-effect-no elementor-widget elementor-widget-text-editor\" data-id=\"d7787eb\" data-element_type=\"widget\" data-e-type=\"widget\" data-widget_type=\"text-editor.default\">\n\t\t\t\t<div class=\"elementor-widget-container\">\n\t\t\t\t\t\t\t\t\t<p>Cette \u00e9valuation et l\u2019\u00e9tat des lieux qui en d\u00e9coule induit un travail \u00e0 long terme pr\u00e9vu en 2022 et 2023. Aleth Jourdan, historienne de l\u2019art, conservateur en chef du patrimoine en charge des collections textiles du Mus\u00e9e du Vieux N\u00eemes et du Mus\u00e9e des cultures taurines entre 2011 et 2021, membre de Mus\u00e9es M\u00e9diterran\u00e9e, assure la mise en \u0153uvre de ce projet en \u00e9troite collaboration avec le bureau de l\u2019association.<\/p><p>Celui-ci, soutenu par le Conseil R\u00e9gional PACA et la DRAC, comprend plusieurs \u00e9tapes : un travail d\u2019enqu\u00eates, une restitution de celles-ci et une participation \u00e0 la cartographie nationale des collections textiles mise en place par le Palais Galliera &#8211; mus\u00e9e de la Mode \u00e0 Paris, une \u00e9valuation des besoins en formation conservation pr\u00e9ventive et, enfin, la valorisation d\u2019un patrimoine r\u00e9gional.<\/p>\t\t\t\t\t\t\t\t<\/div>\n\t\t\t\t<\/div>\n\t\t\t\t<div class=\"elementor-element elementor-element-e542fe6 exad-sticky-section-no exad-glass-effect-no elementor-widget elementor-widget-image\" data-id=\"e542fe6\" data-element_type=\"widget\" data-e-type=\"widget\" data-widget_type=\"image.default\">\n\t\t\t\t<div class=\"elementor-widget-container\">\n\t\t\t\t\t\t\t\t\t\t\t\t<figure class=\"wp-caption\">\n\t\t\t\t\t\t\t\t\t\t\t<a href=\"http:\/\/www.musees-mediterranee.org\/wp-content\/uploads\/2022\/06\/V2_Ziem.jpg\" data-elementor-open-lightbox=\"yes\" data-e-action-hash=\"#elementor-action%3Aaction%3Dlightbox%26settings%3DeyJpZCI6NTM0MCwidXJsIjoiaHR0cDpcL1wvd3d3Lm11c2Vlcy1tZWRpdGVycmFuZWUub3JnXC93cC1jb250ZW50XC91cGxvYWRzXC8yMDIyXC8wNlwvVjJfWmllbS5qcGcifQ%3D%3D\">\n\t\t\t\t\t\t\t<img decoding=\"async\" width=\"750\" height=\"1000\" src=\"http:\/\/www.musees-mediterranee.org\/wp-content\/uploads\/2022\/06\/V2_Ziem.jpg\" class=\"attachment-full size-full wp-image-5340\" alt=\"\" srcset=\"http:\/\/www.musees-mediterranee.org\/wp-content\/uploads\/2022\/06\/V2_Ziem.jpg 750w, http:\/\/www.musees-mediterranee.org\/wp-content\/uploads\/2022\/06\/V2_Ziem-225x300.jpg 225w\" sizes=\"(max-width: 750px) 100vw, 750px\" \/>\t\t\t\t\t\t\t\t<\/a>\n\t\t\t\t\t\t\t\t\t\t\t<figcaption class=\"widget-image-caption wp-caption-text\">Vue de l\u2019exposition <i>De la r\u00e9alit\u00e9 au r\u00eave. L\u2019objet ethnographique et sa repr\u00e9sentation<\/i>,<br \/>Mus\u00e9e Ziem, 2011 \u00a9 Mus\u00e9e Ziem, Martigues<\/figcaption>\n\t\t\t\t\t\t\t\t\t\t<\/figure>\n\t\t\t\t\t\t\t\t\t<\/div>\n\t\t\t\t<\/div>\n\t\t\t\t\t<\/div>\n\t\t<\/div>\n\t\t\t\t\t<\/div>\n\t\t<\/section>\n\t\t\t\t<section class=\"elementor-section elementor-top-section elementor-element elementor-element-aae313b elementor-section-boxed elementor-section-height-default elementor-section-height-default exad-glass-effect-no exad-sticky-section-no\" data-id=\"aae313b\" data-element_type=\"section\" data-e-type=\"section\">\n\t\t\t\t\t\t<div class=\"elementor-container elementor-column-gap-default\">\n\t\t\t\t\t<div class=\"elementor-column elementor-col-100 elementor-top-column elementor-element elementor-element-f6a89d3 exad-glass-effect-no exad-sticky-section-no\" data-id=\"f6a89d3\" data-element_type=\"column\" data-e-type=\"column\">\n\t\t\t<div class=\"elementor-widget-wrap elementor-element-populated\">\n\t\t\t\t\t\t<div class=\"elementor-element elementor-element-47003e4 exad-sticky-section-no exad-glass-effect-no elementor-widget elementor-widget-text-editor\" data-id=\"47003e4\" data-element_type=\"widget\" data-e-type=\"widget\" data-widget_type=\"text-editor.default\">\n\t\t\t\t<div class=\"elementor-widget-container\">\n\t\t\t\t\t\t\t\t\t<p>Parmi les actions envisag\u00e9es par l\u2019association, sont pr\u00e9vues une journ\u00e9e de formation sous la forme d\u2019un atelier de sensibilisation \u00e0 la gestion des collections textiles, une journ\u00e9e d\u2019\u00e9tude sur le th\u00e8me du textile en Provence et une publication. Un volet sp\u00e9cifique \u00ab r\u00e9seau textile \u00bb est \u00e9galement envisag\u00e9 sur le site internet de l\u2019association afin de permettre une meilleure connaissance des collections, des \u00e9changes de savoirs et de m\u00e9thodes entre mus\u00e9es.<\/p>\t\t\t\t\t\t\t\t<\/div>\n\t\t\t\t<\/div>\n\t\t\t\t<div class=\"elementor-element elementor-element-ed75bf0 exad-sticky-section-no exad-glass-effect-no elementor-widget elementor-widget-image\" data-id=\"ed75bf0\" data-element_type=\"widget\" data-e-type=\"widget\" data-widget_type=\"image.default\">\n\t\t\t\t<div class=\"elementor-widget-container\">\n\t\t\t\t\t\t\t\t\t\t\t\t<figure class=\"wp-caption\">\n\t\t\t\t\t\t\t\t\t\t\t<a href=\"http:\/\/www.musees-mediterranee.org\/wp-content\/uploads\/2022\/06\/V3_Marseille.jpg\" data-elementor-open-lightbox=\"yes\" data-e-action-hash=\"#elementor-action%3Aaction%3Dlightbox%26settings%3DeyJpZCI6NTM0MSwidXJsIjoiaHR0cDpcL1wvd3d3Lm11c2Vlcy1tZWRpdGVycmFuZWUub3JnXC93cC1jb250ZW50XC91cGxvYWRzXC8yMDIyXC8wNlwvVjNfTWFyc2VpbGxlLmpwZyJ9\">\n\t\t\t\t\t\t\t<img decoding=\"async\" width=\"1600\" height=\"1200\" src=\"http:\/\/www.musees-mediterranee.org\/wp-content\/uploads\/2022\/06\/V3_Marseille.jpg\" class=\"attachment-full size-full wp-image-5341\" alt=\"\" srcset=\"http:\/\/www.musees-mediterranee.org\/wp-content\/uploads\/2022\/06\/V3_Marseille.jpg 1600w, http:\/\/www.musees-mediterranee.org\/wp-content\/uploads\/2022\/06\/V3_Marseille-300x225.jpg 300w, http:\/\/www.musees-mediterranee.org\/wp-content\/uploads\/2022\/06\/V3_Marseille-1024x768.jpg 1024w, http:\/\/www.musees-mediterranee.org\/wp-content\/uploads\/2022\/06\/V3_Marseille-768x576.jpg 768w, http:\/\/www.musees-mediterranee.org\/wp-content\/uploads\/2022\/06\/V3_Marseille-1536x1152.jpg 1536w, http:\/\/www.musees-mediterranee.org\/wp-content\/uploads\/2022\/06\/V3_Marseille-1320x990.jpg 1320w\" sizes=\"(max-width: 1600px) 100vw, 1600px\" \/>\t\t\t\t\t\t\t\t<\/a>\n\t\t\t\t\t\t\t\t\t\t\t<figcaption class=\"widget-image-caption wp-caption-text\">Chape ou pluvial, soie fa\u00e7onn\u00e9e, d\u00e9cor de motifs v\u00e9g\u00e9taux en soies polychromes et fils m\u00e9talliques (argent dor\u00e9 et argent), <br \/>XVIIIe si\u00e8cle. Conserv\u00e9e repli\u00e9e sur des rouleaux dans une bo\u00eete de rangement neutre. <br \/>Collection Mus\u00e9e d'Histoire de Marseille \u00a9 M\u00e9lodie Ravel-Chapuis<\/figcaption>\n\t\t\t\t\t\t\t\t\t\t<\/figure>\n\t\t\t\t\t\t\t\t\t<\/div>\n\t\t\t\t<\/div>\n\t\t\t\t\t<\/div>\n\t\t<\/div>\n\t\t\t\t\t<\/div>\n\t\t<\/section>\n\t\t\t\t<section class=\"elementor-section elementor-top-section elementor-element elementor-element-d316da9 elementor-section-boxed elementor-section-height-default elementor-section-height-default exad-glass-effect-no exad-sticky-section-no\" data-id=\"d316da9\" data-element_type=\"section\" data-e-type=\"section\">\n\t\t\t\t\t\t<div class=\"elementor-container elementor-column-gap-default\">\n\t\t\t\t\t<div class=\"elementor-column elementor-col-100 elementor-top-column elementor-element elementor-element-9d176e3 exad-glass-effect-no exad-sticky-section-no\" data-id=\"9d176e3\" data-element_type=\"column\" data-e-type=\"column\">\n\t\t\t<div class=\"elementor-widget-wrap elementor-element-populated\">\n\t\t\t\t\t\t<div class=\"elementor-element elementor-element-4c07902 exad-sticky-section-no exad-glass-effect-no elementor-widget elementor-widget-text-editor\" data-id=\"4c07902\" data-element_type=\"widget\" data-e-type=\"widget\" data-widget_type=\"text-editor.default\">\n\t\t\t\t<div class=\"elementor-widget-container\">\n\t\t\t\t\t\t\t\t\t<p>Aleth Jourdan se tient par ailleurs \u00e0 votre disposition pour toutes questions relatives \u00e0 cette enqu\u00eate et pour une visite \u00e9ventuelle de vos collections.<\/p><p>Ce projet est destin\u00e9 \u00e0 une mise en lumi\u00e8re des fonds textile dans les mus\u00e9es et les collections de la r\u00e9gion Provence-Alpes-C\u00f4te d\u2019Azur.<\/p>\t\t\t\t\t\t\t\t<\/div>\n\t\t\t\t<\/div>\n\t\t\t\t\t<\/div>\n\t\t<\/div>\n\t\t\t\t\t<\/div>\n\t\t<\/section>\n\t\t\t\t<\/div>\n\t\t","protected":false},"excerpt":{"rendered":"<p>L\u2019association Mus\u00e9es M\u00e9diterran\u00e9e a choisi de porter une attention plus particuli\u00e8re aux collections de textiles conserv\u00e9es dans les mus\u00e9es de la r\u00e9gion Provence-Alpes-C\u00f4te d\u2019Azur.<\/p>\n","protected":false},"author":1,"featured_media":5342,"comment_status":"closed","ping_status":"closed","sticky":false,"template":"","format":"standard","meta":{"_acf_changed":false,"_bbp_topic_count":0,"_bbp_reply_count":0,"_bbp_total_topic_count":0,"_bbp_total_reply_count":0,"_bbp_voice_count":0,"_bbp_anonymous_reply_count":0,"_bbp_topic_count_hidden":0,"_bbp_reply_count_hidden":0,"_bbp_forum_subforum_count":0,"iawp_total_views":30,"footnotes":""},"categories":[17],"tags":[37],"class_list":["post-6441","post","type-post","status-publish","format-standard","has-post-thumbnail","hentry","category-projet","tag-divers"],"acf":[],"_links":{"self":[{"href":"http:\/\/www.musees-mediterranee.org\/index.php\/wp-json\/wp\/v2\/posts\/6441","targetHints":{"allow":["GET"]}}],"collection":[{"href":"http:\/\/www.musees-mediterranee.org\/index.php\/wp-json\/wp\/v2\/posts"}],"about":[{"href":"http:\/\/www.musees-mediterranee.org\/index.php\/wp-json\/wp\/v2\/types\/post"}],"author":[{"embeddable":true,"href":"http:\/\/www.musees-mediterranee.org\/index.php\/wp-json\/wp\/v2\/users\/1"}],"replies":[{"embeddable":true,"href":"http:\/\/www.musees-mediterranee.org\/index.php\/wp-json\/wp\/v2\/comments?post=6441"}],"version-history":[{"count":0,"href":"http:\/\/www.musees-mediterranee.org\/index.php\/wp-json\/wp\/v2\/posts\/6441\/revisions"}],"wp:featuredmedia":[{"embeddable":true,"href":"http:\/\/www.musees-mediterranee.org\/index.php\/wp-json\/wp\/v2\/media\/5342"}],"wp:attachment":[{"href":"http:\/\/www.musees-mediterranee.org\/index.php\/wp-json\/wp\/v2\/media?parent=6441"}],"wp:term":[{"taxonomy":"category","embeddable":true,"href":"http:\/\/www.musees-mediterranee.org\/index.php\/wp-json\/wp\/v2\/categories?post=6441"},{"taxonomy":"post_tag","embeddable":true,"href":"http:\/\/www.musees-mediterranee.org\/index.php\/wp-json\/wp\/v2\/tags?post=6441"}],"curies":[{"name":"wp","href":"https:\/\/api.w.org\/{rel}","templated":true}]}}