{"id":6112,"date":"2022-11-29T09:16:51","date_gmt":"2022-11-29T08:16:51","guid":{"rendered":"http:\/\/www.musees-mediterranee.org\/?p=6112"},"modified":"2023-06-20T11:43:34","modified_gmt":"2023-06-20T09:43:34","slug":"journee-detude-illustration-des-collections-naturalistes-02-fevrier-2023-hyeres","status":"publish","type":"post","link":"http:\/\/www.musees-mediterranee.org\/index.php\/2022\/11\/29\/journee-detude-illustration-des-collections-naturalistes-02-fevrier-2023-hyeres\/","title":{"rendered":"Journ\u00e9e d\u2019\u00e9tude \u00ab\u00a0Illustration des collections naturalistes\u00a0\u00bb \u2022 2 f\u00e9vrier 2023 \u2022 Hy\u00e8res"},"content":{"rendered":"\t\t<div data-elementor-type=\"wp-post\" data-elementor-id=\"6112\" class=\"elementor elementor-6112\" data-elementor-post-type=\"post\">\n\t\t\t\t\t\t<section class=\"elementor-section elementor-top-section elementor-element elementor-element-bee4cbf elementor-section-boxed elementor-section-height-default elementor-section-height-default exad-glass-effect-no exad-sticky-section-no\" data-id=\"bee4cbf\" data-element_type=\"section\" data-e-type=\"section\">\n\t\t\t\t\t\t<div class=\"elementor-container elementor-column-gap-default\">\n\t\t\t\t\t<div class=\"elementor-column elementor-col-50 elementor-top-column elementor-element elementor-element-b23b6ad exad-glass-effect-no exad-sticky-section-no\" data-id=\"b23b6ad\" data-element_type=\"column\" data-e-type=\"column\">\n\t\t\t<div class=\"elementor-widget-wrap elementor-element-populated\">\n\t\t\t\t\t\t<div class=\"elementor-element elementor-element-1e8f906 exad-sticky-section-no exad-glass-effect-no elementor-widget elementor-widget-image\" data-id=\"1e8f906\" data-element_type=\"widget\" data-e-type=\"widget\" data-widget_type=\"image.default\">\n\t\t\t\t<div class=\"elementor-widget-container\">\n\t\t\t\t\t\t\t\t\t\t\t\t<figure class=\"wp-caption\">\n\t\t\t\t\t\t\t\t\t\t\t<a href=\"http:\/\/www.musees-mediterranee.org\/wp-content\/uploads\/2022\/11\/Planche-par-F.-Levaillant.jpg\" data-elementor-open-lightbox=\"yes\" data-e-action-hash=\"#elementor-action%3Aaction%3Dlightbox%26settings%3DeyJpZCI6NjExNCwidXJsIjoiaHR0cDpcL1wvd3d3Lm11c2Vlcy1tZWRpdGVycmFuZWUub3JnXC93cC1jb250ZW50XC91cGxvYWRzXC8yMDIyXC8xMVwvUGxhbmNoZS1wYXItRi4tTGV2YWlsbGFudC5qcGcifQ%3D%3D\">\n\t\t\t\t\t\t\t<img fetchpriority=\"high\" decoding=\"async\" width=\"683\" height=\"1024\" src=\"http:\/\/www.musees-mediterranee.org\/wp-content\/uploads\/2022\/11\/Planche-par-F.-Levaillant-683x1024.jpg\" class=\"attachment-large size-large wp-image-6114\" alt=\"\" srcset=\"http:\/\/www.musees-mediterranee.org\/wp-content\/uploads\/2022\/11\/Planche-par-F.-Levaillant-683x1024.jpg 683w, http:\/\/www.musees-mediterranee.org\/wp-content\/uploads\/2022\/11\/Planche-par-F.-Levaillant-200x300.jpg 200w, http:\/\/www.musees-mediterranee.org\/wp-content\/uploads\/2022\/11\/Planche-par-F.-Levaillant-768x1152.jpg 768w, http:\/\/www.musees-mediterranee.org\/wp-content\/uploads\/2022\/11\/Planche-par-F.-Levaillant.jpg 800w\" sizes=\"(max-width: 683px) 100vw, 683px\" \/>\t\t\t\t\t\t\t\t<\/a>\n\t\t\t\t\t\t\t\t\t\t\t<figcaption class=\"widget-image-caption wp-caption-text\">Planche issue de l'Histoire naturelle des Perroquets, par Fran\u00e7ois Levaillant, 1801<br \/>Collection du Mus\u00e9um d\u2019histoire naturelle de Marseille \u00a9 C. Borrely<\/figcaption>\n\t\t\t\t\t\t\t\t\t\t<\/figure>\n\t\t\t\t\t\t\t\t\t<\/div>\n\t\t\t\t<\/div>\n\t\t\t\t\t<\/div>\n\t\t<\/div>\n\t\t\t\t<div class=\"elementor-column elementor-col-50 elementor-top-column elementor-element elementor-element-d3e948c exad-glass-effect-no exad-sticky-section-no\" data-id=\"d3e948c\" data-element_type=\"column\" data-e-type=\"column\">\n\t\t\t<div class=\"elementor-widget-wrap elementor-element-populated\">\n\t\t\t\t\t\t<div class=\"elementor-element elementor-element-de9c49a exad-sticky-section-no exad-glass-effect-no elementor-widget elementor-widget-text-editor\" data-id=\"de9c49a\" data-element_type=\"widget\" data-e-type=\"widget\" data-widget_type=\"text-editor.default\">\n\t\t\t\t<div class=\"elementor-widget-container\">\n\t\t\t\t\t\t\t\t\t<p>Une journ\u00e9e d\u2019\u00e9tude intitul\u00e9e\u00a0\u00ab\u00a0<strong>Illustration des collections naturalistes<\/strong>\u00a0\u00bb organis\u00e9e par Mus\u00e9es M\u00e9diterran\u00e9e\u00a0\u2013 Conservation et Valorisation en PACA,\u00a0en partenariat avec La Banque, mus\u00e9e des Cultures et du Paysage \u00e0 Hy\u00e8res a eu lieu le <strong>jeudi 2 f\u00e9vrier 2023 au Forum du Casino \u00e0 Hy\u00e8res.<\/strong><\/p><p>Le dessin d\u2019observation, le dessin d\u2019interpr\u00e9tation ont toute leur importance dans les Sciences naturelles du XXIe si\u00e8cle malgr\u00e9 la part non n\u00e9gligeable de la photographie et autres outils.\u00a0<\/p><p>Nous nous sommes interrog\u00e9s sur les diff\u00e9rentes conceptions que les hommes ont eues de la nature et de quelles mani\u00e8res cette derni\u00e8re a \u00e9t\u00e9 repr\u00e9sent\u00e9e dans les arts \u00e0 diff\u00e9rentes p\u00e9riodes.<\/p><p>Nous vous invitons \u00e0 t\u00e9l\u00e9charger le <a href=\"http:\/\/www.musees-mediterranee.org\/wp-content\/uploads\/2023\/01\/Programme_JE_Illustration_collections_naturalistes_2.pdf\" target=\"_blank\" rel=\"noopener\">programme<\/a> de cette rencontre et \u00e0 consulter les <a href=\"http:\/\/www.musees-mediterranee.org\/wp-content\/uploads\/2023\/01\/Pre-actes_JE_20230202.pdf\" target=\"_blank\" rel=\"noopener\">pr\u00e9-actes<\/a>.<\/p><p><a href=\"http:\/\/www.musees-mediterranee.org\/index.php\/2023\/06\/06\/illustration-des-collections-naturalistes\/\" target=\"_blank\" rel=\"noopener\">Lettre de Mus\u00e9es M\u00e9diterran\u00e9e n\u00b0 08<\/a><\/p>\t\t\t\t\t\t\t\t<\/div>\n\t\t\t\t<\/div>\n\t\t\t\t\t<\/div>\n\t\t<\/div>\n\t\t\t\t\t<\/div>\n\t\t<\/section>\n\t\t\t\t<\/div>\n\t\t","protected":false},"excerpt":{"rendered":"<p>Planche issue de l&#8217;Histoire naturelle des Perroquets, par Fran\u00e7ois Levaillant, 1801Collection du Mus\u00e9um d\u2019histoire naturelle de Marseille \u00a9 C. Borrely Une journ\u00e9e d\u2019\u00e9tude intitul\u00e9e\u00a0\u00ab\u00a0Illustration des collections naturalistes\u00a0\u00bb organis\u00e9e par Mus\u00e9es&hellip; <\/p>\n","protected":false},"author":1,"featured_media":0,"comment_status":"closed","ping_status":"closed","sticky":false,"template":"","format":"standard","meta":{"_acf_changed":false,"_bbp_topic_count":0,"_bbp_reply_count":0,"_bbp_total_topic_count":0,"_bbp_total_reply_count":0,"_bbp_voice_count":0,"_bbp_anonymous_reply_count":0,"_bbp_topic_count_hidden":0,"_bbp_reply_count_hidden":0,"_bbp_forum_subforum_count":0,"iawp_total_views":26,"footnotes":""},"categories":[48,4,62],"tags":[],"class_list":["post-6112","post","type-post","status-publish","format-standard","hentry","category-archive_reseau","category-journee-detude","category-reseau_2023"],"acf":[],"_links":{"self":[{"href":"http:\/\/www.musees-mediterranee.org\/index.php\/wp-json\/wp\/v2\/posts\/6112","targetHints":{"allow":["GET"]}}],"collection":[{"href":"http:\/\/www.musees-mediterranee.org\/index.php\/wp-json\/wp\/v2\/posts"}],"about":[{"href":"http:\/\/www.musees-mediterranee.org\/index.php\/wp-json\/wp\/v2\/types\/post"}],"author":[{"embeddable":true,"href":"http:\/\/www.musees-mediterranee.org\/index.php\/wp-json\/wp\/v2\/users\/1"}],"replies":[{"embeddable":true,"href":"http:\/\/www.musees-mediterranee.org\/index.php\/wp-json\/wp\/v2\/comments?post=6112"}],"version-history":[{"count":0,"href":"http:\/\/www.musees-mediterranee.org\/index.php\/wp-json\/wp\/v2\/posts\/6112\/revisions"}],"wp:attachment":[{"href":"http:\/\/www.musees-mediterranee.org\/index.php\/wp-json\/wp\/v2\/media?parent=6112"}],"wp:term":[{"taxonomy":"category","embeddable":true,"href":"http:\/\/www.musees-mediterranee.org\/index.php\/wp-json\/wp\/v2\/categories?post=6112"},{"taxonomy":"post_tag","embeddable":true,"href":"http:\/\/www.musees-mediterranee.org\/index.php\/wp-json\/wp\/v2\/tags?post=6112"}],"curies":[{"name":"wp","href":"https:\/\/api.w.org\/{rel}","templated":true}]}}