{"id":5907,"date":"2022-10-25T09:06:49","date_gmt":"2022-10-25T07:06:49","guid":{"rendered":"http:\/\/www.musees-mediterranee.org\/?p=5907"},"modified":"2023-03-07T10:36:54","modified_gmt":"2023-03-07T09:36:54","slug":"les-donations-charles-eric-simeoni-1996","status":"publish","type":"post","link":"http:\/\/www.musees-mediterranee.org\/index.php\/2022\/10\/25\/les-donations-charles-eric-simeoni-1996\/","title":{"rendered":"Les donations Charles-\u00c9ric Sim\u00e9oni 1996 \u02c3 2021"},"content":{"rendered":"\t\t<div data-elementor-type=\"wp-post\" data-elementor-id=\"5907\" class=\"elementor elementor-5907\" data-elementor-post-type=\"post\">\n\t\t\t\t\t\t<section class=\"elementor-section elementor-top-section elementor-element elementor-element-971475f elementor-section-boxed elementor-section-height-default elementor-section-height-default exad-glass-effect-no exad-sticky-section-no\" data-id=\"971475f\" data-element_type=\"section\" data-e-type=\"section\">\n\t\t\t\t\t\t<div class=\"elementor-container elementor-column-gap-default\">\n\t\t\t\t\t<div class=\"elementor-column elementor-col-100 elementor-top-column elementor-element elementor-element-d1bc9ce exad-glass-effect-no exad-sticky-section-no\" data-id=\"d1bc9ce\" data-element_type=\"column\" data-e-type=\"column\">\n\t\t\t<div class=\"elementor-widget-wrap elementor-element-populated\">\n\t\t\t\t\t\t<div class=\"elementor-element elementor-element-c885805 exad-sticky-section-no exad-glass-effect-no elementor-widget elementor-widget-text-editor\" data-id=\"c885805\" data-element_type=\"widget\" data-e-type=\"widget\" data-widget_type=\"text-editor.default\">\n\t\t\t\t<div class=\"elementor-widget-container\">\n\t\t\t\t\t\t\t\t\t<p><strong>Charles-\u00c9ric Sim\u00e9oni : itin\u00e9raire d\u2019une passion<\/strong><\/p><p>Issu d\u2019une famille marseillaise, la relation entre Martigues et Charles-\u00c9ric Sim\u00e9oni est ancienne. Fils de chirurgien, il y accompagne son p\u00e8re lors de ses interventions dans la clinique locale et part \u00e0 la d\u00e9couverte de la ville. Dans les ann\u00e9es 1980, il d\u00e9couvre le mus\u00e9e Ziem et est agr\u00e9ablement surpris par la programmation qui met en valeur de jeunes artistes, peu connus.<\/p><p>Sim\u00e9oni se forme par lui-m\u00eame \u00e0 l\u2019art, encourag\u00e9 par son professeur d\u2019histoire et sa galeriste. Au cours des ann\u00e9es 1970, il fr\u00e9quente les mus\u00e9es marseillais et commence \u00e0 collectionner des \u0153uvres d\u2019art na\u00eff tout en se rendant fr\u00e9quemment \u00e0 Paris. C\u2019est en 1974 que d\u00e9bute sa collection d\u2019art contemporain avec l\u2019acquisition d\u2019un dessin de Lucio Fontana. \u00c0 Lyon, o\u00f9 il effectue ses \u00e9tudes de m\u00e9decine, il visite souvent les mus\u00e9es et passe sa licence en histoire de l\u2019art et arch\u00e9ologie.<\/p>\t\t\t\t\t\t\t\t<\/div>\n\t\t\t\t<\/div>\n\t\t\t\t\t<\/div>\n\t\t<\/div>\n\t\t\t\t\t<\/div>\n\t\t<\/section>\n\t\t\t\t<section class=\"elementor-section elementor-top-section elementor-element elementor-element-a2fe95a elementor-section-boxed elementor-section-height-default elementor-section-height-default exad-glass-effect-no exad-sticky-section-no\" data-id=\"a2fe95a\" data-element_type=\"section\" data-e-type=\"section\">\n\t\t\t\t\t\t<div class=\"elementor-container elementor-column-gap-default\">\n\t\t\t\t\t<div class=\"elementor-column elementor-col-100 elementor-top-column elementor-element elementor-element-2a413a2 exad-glass-effect-no exad-sticky-section-no\" data-id=\"2a413a2\" data-element_type=\"column\" data-e-type=\"column\">\n\t\t\t<div class=\"elementor-widget-wrap elementor-element-populated\">\n\t\t\t\t\t\t<div class=\"elementor-element elementor-element-fd39903 exad-sticky-section-no exad-glass-effect-no elementor-widget elementor-widget-image\" data-id=\"fd39903\" data-element_type=\"widget\" data-e-type=\"widget\" data-widget_type=\"image.default\">\n\t\t\t\t<div class=\"elementor-widget-container\">\n\t\t\t\t\t\t\t\t\t\t\t\t<figure class=\"wp-caption\">\n\t\t\t\t\t\t\t\t\t\t\t<a href=\"http:\/\/www.musees-mediterranee.org\/wp-content\/uploads\/2022\/10\/1_Carte-de-voeux.jpg\" data-elementor-open-lightbox=\"yes\" data-e-action-hash=\"#elementor-action%3Aaction%3Dlightbox%26settings%3DeyJpZCI6NTkwOCwidXJsIjoiaHR0cDpcL1wvd3d3Lm11c2Vlcy1tZWRpdGVycmFuZWUub3JnXC93cC1jb250ZW50XC91cGxvYWRzXC8yMDIyXC8xMFwvMV9DYXJ0ZS1kZS12b2V1eC5qcGcifQ%3D%3D\">\n\t\t\t\t\t\t\t<img fetchpriority=\"high\" decoding=\"async\" width=\"890\" height=\"1346\" src=\"http:\/\/www.musees-mediterranee.org\/wp-content\/uploads\/2022\/10\/1_Carte-de-voeux.jpg\" class=\"attachment-full size-full wp-image-5908\" alt=\"\" srcset=\"http:\/\/www.musees-mediterranee.org\/wp-content\/uploads\/2022\/10\/1_Carte-de-voeux.jpg 890w, http:\/\/www.musees-mediterranee.org\/wp-content\/uploads\/2022\/10\/1_Carte-de-voeux-198x300.jpg 198w, http:\/\/www.musees-mediterranee.org\/wp-content\/uploads\/2022\/10\/1_Carte-de-voeux-677x1024.jpg 677w, http:\/\/www.musees-mediterranee.org\/wp-content\/uploads\/2022\/10\/1_Carte-de-voeux-768x1161.jpg 768w\" sizes=\"(max-width: 890px) 100vw, 890px\" \/>\t\t\t\t\t\t\t\t<\/a>\n\t\t\t\t\t\t\t\t\t\t\t<figcaption class=\"widget-image-caption wp-caption-text\">Jean-Jacques CECCARELLI [Marseille, 1948 \u2013 Marseille, 2017]<br \/> <i>Carte de voeux<\/i>, 1988<br \/> Encres couleur sur papier \u00e0 dessin<br \/> 15 x 10 cm<br \/> Inv. : MZD 96.3.26<br \/> \u00a9 Succession Ceccarelli \/ DEC \u2013 ville de Martigues<\/figcaption>\n\t\t\t\t\t\t\t\t\t\t<\/figure>\n\t\t\t\t\t\t\t\t\t<\/div>\n\t\t\t\t<\/div>\n\t\t\t\t\t<\/div>\n\t\t<\/div>\n\t\t\t\t\t<\/div>\n\t\t<\/section>\n\t\t\t\t<section class=\"elementor-section elementor-top-section elementor-element elementor-element-dd14f48 elementor-section-boxed elementor-section-height-default elementor-section-height-default exad-glass-effect-no exad-sticky-section-no\" data-id=\"dd14f48\" data-element_type=\"section\" data-e-type=\"section\">\n\t\t\t\t\t\t<div class=\"elementor-container elementor-column-gap-default\">\n\t\t\t\t\t<div class=\"elementor-column elementor-col-100 elementor-top-column elementor-element elementor-element-364ed9e exad-glass-effect-no exad-sticky-section-no\" data-id=\"364ed9e\" data-element_type=\"column\" data-e-type=\"column\">\n\t\t\t<div class=\"elementor-widget-wrap elementor-element-populated\">\n\t\t\t\t\t\t<div class=\"elementor-element elementor-element-9e8af92 exad-sticky-section-no exad-glass-effect-no elementor-widget elementor-widget-text-editor\" data-id=\"9e8af92\" data-element_type=\"widget\" data-e-type=\"widget\" data-widget_type=\"text-editor.default\">\n\t\t\t\t<div class=\"elementor-widget-container\">\n\t\t\t\t\t\t\t\t\t<p>De retour \u00e0 Marseille, en 1979, il se lie d\u2019amiti\u00e9 avec Jean-Jacques Ceccarelli et Nicolas Valabr\u00e8gues. C\u2019est alors qu\u2019il effectue ses premi\u00e8res acquisitions directement aupr\u00e8s d\u2019artistes. Ses achats, subjectifs, r\u00e9sultent de \u00ab coups de c\u0153ur \u00bb, m\u00eame si le manque de place l\u2019oriente vers les arts graphiques.<br \/>En 1986, il s\u2019installe \u00e0 Paris et fr\u00e9quente assid\u00fbment les mus\u00e9es et les galeries. La d\u00e9couverte d\u2019expositions et de manifestations internationales lui permet d\u2019affirmer ses go\u00fbts.<br \/>Pour des raisons personnelles, il vend sa collection aux ench\u00e8res en 2002 et en d\u00e9bute une nouvelle en 2003. Il s\u2019oriente alors vers la photographie.<\/p><p>Aujourd\u2019hui, ses crit\u00e8res de s\u00e9lection et sa collection ne cessent d\u2019\u00e9voluer. Comme pour la photographie, Charles-\u00c9ric Sim\u00e9oni continue de s\u2019int\u00e9resser \u00e0 la repr\u00e9sentation humaine mais en peinture, tout en continuant \u00e0 acqu\u00e9rir des \u0153uvres graphiques&#8230;<\/p>\t\t\t\t\t\t\t\t<\/div>\n\t\t\t\t<\/div>\n\t\t\t\t\t<\/div>\n\t\t<\/div>\n\t\t\t\t\t<\/div>\n\t\t<\/section>\n\t\t\t\t<section class=\"elementor-section elementor-top-section elementor-element elementor-element-8b7a07a elementor-section-boxed elementor-section-height-default elementor-section-height-default exad-glass-effect-no exad-sticky-section-no\" data-id=\"8b7a07a\" data-element_type=\"section\" data-e-type=\"section\">\n\t\t\t\t\t\t<div class=\"elementor-container elementor-column-gap-default\">\n\t\t\t\t\t<div class=\"elementor-column elementor-col-100 elementor-top-column elementor-element elementor-element-29720a3 exad-glass-effect-no exad-sticky-section-no\" data-id=\"29720a3\" data-element_type=\"column\" data-e-type=\"column\">\n\t\t\t<div class=\"elementor-widget-wrap elementor-element-populated\">\n\t\t\t\t\t\t<div class=\"elementor-element elementor-element-c9a17e7 exad-sticky-section-no exad-glass-effect-no elementor-widget elementor-widget-image\" data-id=\"c9a17e7\" data-element_type=\"widget\" data-e-type=\"widget\" data-widget_type=\"image.default\">\n\t\t\t\t<div class=\"elementor-widget-container\">\n\t\t\t\t\t\t\t\t\t\t\t\t<figure class=\"wp-caption\">\n\t\t\t\t\t\t\t\t\t\t\t<a href=\"http:\/\/www.musees-mediterranee.org\/wp-content\/uploads\/2022\/10\/2_Vues-de-dos.jpg\" data-elementor-open-lightbox=\"yes\" data-e-action-hash=\"#elementor-action%3Aaction%3Dlightbox%26settings%3DeyJpZCI6NTkwOSwidXJsIjoiaHR0cDpcL1wvd3d3Lm11c2Vlcy1tZWRpdGVycmFuZWUub3JnXC93cC1jb250ZW50XC91cGxvYWRzXC8yMDIyXC8xMFwvMl9WdWVzLWRlLWRvcy5qcGcifQ%3D%3D\">\n\t\t\t\t\t\t\t<img decoding=\"async\" width=\"956\" height=\"1534\" src=\"http:\/\/www.musees-mediterranee.org\/wp-content\/uploads\/2022\/10\/2_Vues-de-dos.jpg\" class=\"attachment-full size-full wp-image-5909\" alt=\"\" srcset=\"http:\/\/www.musees-mediterranee.org\/wp-content\/uploads\/2022\/10\/2_Vues-de-dos.jpg 956w, http:\/\/www.musees-mediterranee.org\/wp-content\/uploads\/2022\/10\/2_Vues-de-dos-187x300.jpg 187w, http:\/\/www.musees-mediterranee.org\/wp-content\/uploads\/2022\/10\/2_Vues-de-dos-638x1024.jpg 638w, http:\/\/www.musees-mediterranee.org\/wp-content\/uploads\/2022\/10\/2_Vues-de-dos-768x1232.jpg 768w\" sizes=\"(max-width: 956px) 100vw, 956px\" \/>\t\t\t\t\t\t\t\t<\/a>\n\t\t\t\t\t\t\t\t\t\t\t<figcaption class=\"widget-image-caption wp-caption-text\">Malick SIDIB\u00c9 [Soloba, 1936 \u2013 Bamako, 2016]<br \/> <i>Vues de dos<\/i>, 2003<br \/> Tirage argentique monochrome sur papier<br \/> 32 \u00d7 22 cm<br \/> Inv. : MZD 2022.2.12.2<br \/> \u00a9 Malick Sidib\u00e9 \/ DEC \u2013 ville de Martigues<\/figcaption>\n\t\t\t\t\t\t\t\t\t\t<\/figure>\n\t\t\t\t\t\t\t\t\t<\/div>\n\t\t\t\t<\/div>\n\t\t\t\t\t<\/div>\n\t\t<\/div>\n\t\t\t\t\t<\/div>\n\t\t<\/section>\n\t\t\t\t<section class=\"elementor-section elementor-top-section elementor-element elementor-element-056c471 elementor-section-boxed elementor-section-height-default elementor-section-height-default exad-glass-effect-no exad-sticky-section-no\" data-id=\"056c471\" data-element_type=\"section\" data-e-type=\"section\">\n\t\t\t\t\t\t<div class=\"elementor-container elementor-column-gap-default\">\n\t\t\t\t\t<div class=\"elementor-column elementor-col-100 elementor-top-column elementor-element elementor-element-8337b26 exad-glass-effect-no exad-sticky-section-no\" data-id=\"8337b26\" data-element_type=\"column\" data-e-type=\"column\">\n\t\t\t<div class=\"elementor-widget-wrap elementor-element-populated\">\n\t\t\t\t\t\t<div class=\"elementor-element elementor-element-ea8c8d1 exad-sticky-section-no exad-glass-effect-no elementor-widget elementor-widget-text-editor\" data-id=\"ea8c8d1\" data-element_type=\"widget\" data-e-type=\"widget\" data-widget_type=\"text-editor.default\">\n\t\t\t\t<div class=\"elementor-widget-container\">\n\t\t\t\t\t\t\t\t\t<p>La premi\u00e8re donation au mus\u00e9e date de 1996. Elle se caract\u00e9rise par la pr\u00e9sence d\u2019\u0153uvres graphiques ainsi que par de nombreuses cartes de v\u0153ux et cartes postales qui nous renseignent sur les relations d\u00e9velopp\u00e9es entre le collectionneur et les artistes, pour la plupart marseillais. Giuseppe Caccavale et Jean-Jacques Ceccarelli y sont particuli\u00e8rement repr\u00e9sent\u00e9s.<br \/>On les retrouve dans la deuxi\u00e8me donation, dat\u00e9e de 2000. Celle-ci est \u00e9galement compos\u00e9e d\u2019\u0153uvres d\u2019artistes de renomm\u00e9e internationale (Sol Lewitt, Pierre Alechinsky, Zabunyan Sarkis, Chris Newman\u2026), de pr\u00e8s de dix cr\u00e9ations d\u2019Alain Lambilliotte ainsi que de plusieurs livres d\u2019artistes.<br \/>La troisi\u00e8me donation, dat\u00e9e quant \u00e0 elle de 2021, est centr\u00e9e sur la repr\u00e9sentation humaine post\u00e9rieure aux ann\u00e9es 1990 en photographie. Elle est compos\u00e9e d\u2019artistes fran\u00e7ais (Delmas, Guibert, Waternaux, Boltanski, Delcourt) mais \u00e9galement \u00e9trangers (Sidib\u00e9, Glyadyelov, Corbijn, Pe\u0144a, Hugo, K\u00f6tting, Lin\u00e9ros\u2026).<\/p>\t\t\t\t\t\t\t\t<\/div>\n\t\t\t\t<\/div>\n\t\t\t\t\t<\/div>\n\t\t<\/div>\n\t\t\t\t\t<\/div>\n\t\t<\/section>\n\t\t\t\t<section class=\"elementor-section elementor-top-section elementor-element elementor-element-f907da9 elementor-section-boxed elementor-section-height-default elementor-section-height-default exad-glass-effect-no exad-sticky-section-no\" data-id=\"f907da9\" data-element_type=\"section\" data-e-type=\"section\">\n\t\t\t\t\t\t<div class=\"elementor-container elementor-column-gap-default\">\n\t\t\t\t\t<div class=\"elementor-column elementor-col-100 elementor-top-column elementor-element elementor-element-bd3f866 exad-glass-effect-no exad-sticky-section-no\" data-id=\"bd3f866\" data-element_type=\"column\" data-e-type=\"column\">\n\t\t\t<div class=\"elementor-widget-wrap elementor-element-populated\">\n\t\t\t\t\t\t<div class=\"elementor-element elementor-element-f517349 exad-sticky-section-no exad-glass-effect-no elementor-widget elementor-widget-image\" data-id=\"f517349\" data-element_type=\"widget\" data-e-type=\"widget\" data-widget_type=\"image.default\">\n\t\t\t\t<div class=\"elementor-widget-container\">\n\t\t\t\t\t\t\t\t\t\t\t\t<figure class=\"wp-caption\">\n\t\t\t\t\t\t\t\t\t\t\t<a href=\"http:\/\/www.musees-mediterranee.org\/wp-content\/uploads\/2022\/10\/3_Flag.jpg\" data-elementor-open-lightbox=\"yes\" data-e-action-hash=\"#elementor-action%3Aaction%3Dlightbox%26settings%3DeyJpZCI6NTkxMCwidXJsIjoiaHR0cDpcL1wvd3d3Lm11c2Vlcy1tZWRpdGVycmFuZWUub3JnXC93cC1jb250ZW50XC91cGxvYWRzXC8yMDIyXC8xMFwvM19GbGFnLmpwZyJ9\">\n\t\t\t\t\t\t\t<img decoding=\"async\" width=\"1093\" height=\"781\" src=\"http:\/\/www.musees-mediterranee.org\/wp-content\/uploads\/2022\/10\/3_Flag.jpg\" class=\"attachment-full size-full wp-image-5910\" alt=\"\" srcset=\"http:\/\/www.musees-mediterranee.org\/wp-content\/uploads\/2022\/10\/3_Flag.jpg 1093w, http:\/\/www.musees-mediterranee.org\/wp-content\/uploads\/2022\/10\/3_Flag-300x214.jpg 300w, http:\/\/www.musees-mediterranee.org\/wp-content\/uploads\/2022\/10\/3_Flag-1024x732.jpg 1024w, http:\/\/www.musees-mediterranee.org\/wp-content\/uploads\/2022\/10\/3_Flag-768x549.jpg 768w\" sizes=\"(max-width: 1093px) 100vw, 1093px\" \/>\t\t\t\t\t\t\t\t<\/a>\n\t\t\t\t\t\t\t\t\t\t\t<figcaption class=\"widget-image-caption wp-caption-text\">Chris NEWMAN [Londres, 1958]<br \/> Gottfried TOLLMANN [Gelsenkirchen, 1950 \u2013 Weimar, 2015]<br \/> <i>Is it a flag or a roof that I see tell me the truth<\/i>, 1991<br \/> Acrylique, pastel gras et huile sur carton<br \/> 81 \u00d7 112 cm<br \/> Inv. : MZP 2012.6.33<br \/> \u00a9 * \/ DEC \u2013 ville de Martigues<\/figcaption>\n\t\t\t\t\t\t\t\t\t\t<\/figure>\n\t\t\t\t\t\t\t\t\t<\/div>\n\t\t\t\t<\/div>\n\t\t\t\t\t<\/div>\n\t\t<\/div>\n\t\t\t\t\t<\/div>\n\t\t<\/section>\n\t\t\t\t<section class=\"elementor-section elementor-top-section elementor-element elementor-element-9763737 elementor-section-boxed elementor-section-height-default elementor-section-height-default exad-glass-effect-no exad-sticky-section-no\" data-id=\"9763737\" data-element_type=\"section\" data-e-type=\"section\">\n\t\t\t\t\t\t<div class=\"elementor-container elementor-column-gap-default\">\n\t\t\t\t\t<div class=\"elementor-column elementor-col-100 elementor-top-column elementor-element elementor-element-6b2c7e6 exad-glass-effect-no exad-sticky-section-no\" data-id=\"6b2c7e6\" data-element_type=\"column\" data-e-type=\"column\">\n\t\t\t<div class=\"elementor-widget-wrap elementor-element-populated\">\n\t\t\t\t\t\t<div class=\"elementor-element elementor-element-0dcd386 exad-sticky-section-no exad-glass-effect-no elementor-widget elementor-widget-text-editor\" data-id=\"0dcd386\" data-element_type=\"widget\" data-e-type=\"widget\" data-widget_type=\"text-editor.default\">\n\t\t\t\t<div class=\"elementor-widget-container\">\n\t\t\t\t\t\t\t\t\t<p>En totalit\u00e9 ce sont donc 133 \u0153uvres que le collectionneur a offert au mus\u00e9e, faisant ainsi entrer dans les collections publiques mart\u00e9gales des artistes pour certains totalement absents du fonds.<\/p>\t\t\t\t\t\t\t\t<\/div>\n\t\t\t\t<\/div>\n\t\t\t\t\t<\/div>\n\t\t<\/div>\n\t\t\t\t\t<\/div>\n\t\t<\/section>\n\t\t\t\t<section class=\"elementor-section elementor-top-section elementor-element elementor-element-5ef2d8c elementor-section-boxed elementor-section-height-default elementor-section-height-default exad-glass-effect-no exad-sticky-section-no\" data-id=\"5ef2d8c\" data-element_type=\"section\" data-e-type=\"section\">\n\t\t\t\t\t\t<div class=\"elementor-container elementor-column-gap-default\">\n\t\t\t\t\t<div class=\"elementor-column elementor-col-100 elementor-top-column elementor-element elementor-element-b079ad2 exad-glass-effect-no exad-sticky-section-no\" data-id=\"b079ad2\" data-element_type=\"column\" data-e-type=\"column\">\n\t\t\t<div class=\"elementor-widget-wrap elementor-element-populated\">\n\t\t\t\t\t\t<div class=\"elementor-element elementor-element-ec2bf6c exad-sticky-section-no exad-glass-effect-no elementor-widget elementor-widget-image\" data-id=\"ec2bf6c\" data-element_type=\"widget\" data-e-type=\"widget\" data-widget_type=\"image.default\">\n\t\t\t\t<div class=\"elementor-widget-container\">\n\t\t\t\t\t\t\t\t\t\t\t\t<figure class=\"wp-caption\">\n\t\t\t\t\t\t\t\t\t\t\t<a href=\"http:\/\/www.musees-mediterranee.org\/wp-content\/uploads\/2022\/10\/4_arbre.jpg\" data-elementor-open-lightbox=\"yes\" data-e-action-hash=\"#elementor-action%3Aaction%3Dlightbox%26settings%3DeyJpZCI6NTkxMSwidXJsIjoiaHR0cDpcL1wvd3d3Lm11c2Vlcy1tZWRpdGVycmFuZWUub3JnXC93cC1jb250ZW50XC91cGxvYWRzXC8yMDIyXC8xMFwvNF9hcmJyZS5qcGcifQ%3D%3D\">\n\t\t\t\t\t\t\t<img loading=\"lazy\" decoding=\"async\" width=\"1201\" height=\"1024\" src=\"http:\/\/www.musees-mediterranee.org\/wp-content\/uploads\/2022\/10\/4_arbre.jpg\" class=\"attachment-full size-full wp-image-5911\" alt=\"\" srcset=\"http:\/\/www.musees-mediterranee.org\/wp-content\/uploads\/2022\/10\/4_arbre.jpg 1201w, http:\/\/www.musees-mediterranee.org\/wp-content\/uploads\/2022\/10\/4_arbre-300x256.jpg 300w, http:\/\/www.musees-mediterranee.org\/wp-content\/uploads\/2022\/10\/4_arbre-1024x873.jpg 1024w, http:\/\/www.musees-mediterranee.org\/wp-content\/uploads\/2022\/10\/4_arbre-768x655.jpg 768w\" sizes=\"(max-width: 1201px) 100vw, 1201px\" \/>\t\t\t\t\t\t\t\t<\/a>\n\t\t\t\t\t\t\t\t\t\t\t<figcaption class=\"widget-image-caption wp-caption-text\">Judith BARTOLANI [Ha\u00effa, 1957]<br \/> <i>L\u2019arbre<\/i>, 1986<br \/> R\u00e9sine, fils de carbone, feuilles de cuivre, porcelaine et pastel noir<br \/> 122 \u00d7 157 \u00d7 15 cm<br \/> Inv. : MZS 2022.2.29<br \/> \u00a9 Judith BARTOLANI \/ DEC \u2013 ville de Martigues<\/figcaption>\n\t\t\t\t\t\t\t\t\t\t<\/figure>\n\t\t\t\t\t\t\t\t\t<\/div>\n\t\t\t\t<\/div>\n\t\t\t\t\t<\/div>\n\t\t<\/div>\n\t\t\t\t\t<\/div>\n\t\t<\/section>\n\t\t\t\t<section class=\"elementor-section elementor-top-section elementor-element elementor-element-66e54be elementor-section-boxed elementor-section-height-default elementor-section-height-default exad-glass-effect-no exad-sticky-section-no\" data-id=\"66e54be\" data-element_type=\"section\" data-e-type=\"section\">\n\t\t\t\t\t\t<div class=\"elementor-container elementor-column-gap-default\">\n\t\t\t\t\t<div class=\"elementor-column elementor-col-100 elementor-top-column elementor-element elementor-element-11354de exad-glass-effect-no exad-sticky-section-no\" data-id=\"11354de\" data-element_type=\"column\" data-e-type=\"column\">\n\t\t\t<div class=\"elementor-widget-wrap elementor-element-populated\">\n\t\t\t\t\t\t<div class=\"elementor-element elementor-element-1c89a18 exad-sticky-section-no exad-glass-effect-no elementor-widget elementor-widget-spacer\" data-id=\"1c89a18\" data-element_type=\"widget\" data-e-type=\"widget\" data-widget_type=\"spacer.default\">\n\t\t\t\t<div class=\"elementor-widget-container\">\n\t\t\t\t\t\t\t<div class=\"elementor-spacer\">\n\t\t\t<div class=\"elementor-spacer-inner\"><\/div>\n\t\t<\/div>\n\t\t\t\t\t\t<\/div>\n\t\t\t\t<\/div>\n\t\t\t\t\t<\/div>\n\t\t<\/div>\n\t\t\t\t\t<\/div>\n\t\t<\/section>\n\t\t\t\t<section class=\"elementor-section elementor-top-section elementor-element elementor-element-6760f06 elementor-section-boxed elementor-section-height-default elementor-section-height-default exad-glass-effect-no exad-sticky-section-no\" data-id=\"6760f06\" data-element_type=\"section\" data-e-type=\"section\">\n\t\t\t\t\t\t<div class=\"elementor-container elementor-column-gap-default\">\n\t\t\t\t\t<div class=\"elementor-column elementor-col-50 elementor-top-column elementor-element elementor-element-3904b30 exad-glass-effect-no exad-sticky-section-no\" data-id=\"3904b30\" data-element_type=\"column\" data-e-type=\"column\">\n\t\t\t<div class=\"elementor-widget-wrap elementor-element-populated\">\n\t\t\t\t\t\t<div class=\"elementor-element elementor-element-4845467 exad-sticky-section-no exad-glass-effect-no elementor-widget elementor-widget-spacer\" data-id=\"4845467\" data-element_type=\"widget\" data-e-type=\"widget\" data-widget_type=\"spacer.default\">\n\t\t\t\t<div class=\"elementor-widget-container\">\n\t\t\t\t\t\t\t<div class=\"elementor-spacer\">\n\t\t\t<div class=\"elementor-spacer-inner\"><\/div>\n\t\t<\/div>\n\t\t\t\t\t\t<\/div>\n\t\t\t\t<\/div>\n\t\t\t\t<div class=\"elementor-element elementor-element-15e282b exad-sticky-section-no exad-glass-effect-no elementor-widget elementor-widget-text-editor\" data-id=\"15e282b\" data-element_type=\"widget\" data-e-type=\"widget\" data-widget_type=\"text-editor.default\">\n\t\t\t\t<div class=\"elementor-widget-container\">\n\t\t\t\t\t\t\t\t\t<p style=\"text-align: center;\">Pr\u00e9sentation de l&#8217;exposition<\/p>\t\t\t\t\t\t\t\t<\/div>\n\t\t\t\t<\/div>\n\t\t\t\t\t<\/div>\n\t\t<\/div>\n\t\t\t\t<div class=\"elementor-column elementor-col-50 elementor-top-column elementor-element elementor-element-ef68570 exad-glass-effect-no exad-sticky-section-no\" data-id=\"ef68570\" data-element_type=\"column\" data-e-type=\"column\">\n\t\t\t<div class=\"elementor-widget-wrap elementor-element-populated\">\n\t\t\t\t\t\t<div class=\"elementor-element elementor-element-d88e57f exad-sticky-section-no exad-glass-effect-no elementor-widget elementor-widget-html\" data-id=\"d88e57f\" data-element_type=\"widget\" data-e-type=\"widget\" data-widget_type=\"html.default\">\n\t\t\t\t<div class=\"elementor-widget-container\">\n\t\t\t\t\t<iframe width=\"350\" height=\"300\" src=\"\/\/www.youtube.com\/embed\/GR18FhPUaOU\n?rel=0\" frameborder=\"0\" allowfullscreen><\/iframe>\t\t\t\t<\/div>\n\t\t\t\t<\/div>\n\t\t\t\t\t<\/div>\n\t\t<\/div>\n\t\t\t\t\t<\/div>\n\t\t<\/section>\n\t\t\t\t<\/div>\n\t\t","protected":false},"excerpt":{"rendered":"<p><b>Mus\u00e9e Ziem, Martigues<br \/>12 octobre 2022 \u2013 29 janvier 2023<\/b><br \/>\n<br \/>\nIssu d\u2019une famille marseillaise, la relation entre Martigues et Charles-\u00c9ric Sim\u00e9oni est ancienne.<\/p>\n","protected":false},"author":1,"featured_media":5911,"comment_status":"closed","ping_status":"closed","sticky":false,"template":"","format":"standard","meta":{"_acf_changed":false,"_bbp_topic_count":0,"_bbp_reply_count":0,"_bbp_total_topic_count":0,"_bbp_total_reply_count":0,"_bbp_voice_count":0,"_bbp_anonymous_reply_count":0,"_bbp_topic_count_hidden":0,"_bbp_reply_count_hidden":0,"_bbp_forum_subforum_count":0,"iawp_total_views":36,"footnotes":""},"categories":[32,25],"tags":[58],"class_list":["post-5907","post","type-post","status-publish","format-standard","has-post-thumbnail","hentry","category-exposition","category-journal","tag-novembre-2022"],"acf":[],"_links":{"self":[{"href":"http:\/\/www.musees-mediterranee.org\/index.php\/wp-json\/wp\/v2\/posts\/5907","targetHints":{"allow":["GET"]}}],"collection":[{"href":"http:\/\/www.musees-mediterranee.org\/index.php\/wp-json\/wp\/v2\/posts"}],"about":[{"href":"http:\/\/www.musees-mediterranee.org\/index.php\/wp-json\/wp\/v2\/types\/post"}],"author":[{"embeddable":true,"href":"http:\/\/www.musees-mediterranee.org\/index.php\/wp-json\/wp\/v2\/users\/1"}],"replies":[{"embeddable":true,"href":"http:\/\/www.musees-mediterranee.org\/index.php\/wp-json\/wp\/v2\/comments?post=5907"}],"version-history":[{"count":0,"href":"http:\/\/www.musees-mediterranee.org\/index.php\/wp-json\/wp\/v2\/posts\/5907\/revisions"}],"wp:featuredmedia":[{"embeddable":true,"href":"http:\/\/www.musees-mediterranee.org\/index.php\/wp-json\/wp\/v2\/media\/5911"}],"wp:attachment":[{"href":"http:\/\/www.musees-mediterranee.org\/index.php\/wp-json\/wp\/v2\/media?parent=5907"}],"wp:term":[{"taxonomy":"category","embeddable":true,"href":"http:\/\/www.musees-mediterranee.org\/index.php\/wp-json\/wp\/v2\/categories?post=5907"},{"taxonomy":"post_tag","embeddable":true,"href":"http:\/\/www.musees-mediterranee.org\/index.php\/wp-json\/wp\/v2\/tags?post=5907"}],"curies":[{"name":"wp","href":"https:\/\/api.w.org\/{rel}","templated":true}]}}