{"id":526,"date":"2020-03-25T10:37:27","date_gmt":"2020-03-25T09:37:27","guid":{"rendered":"http:\/\/www.musees-mediterranee.org\/?p=526"},"modified":"2023-07-04T09:51:17","modified_gmt":"2023-07-04T07:51:17","slug":"a-lattention-de-lensemble-des-professionnels-de-la-conservation-restauration-du-patrimoine-culturel","status":"publish","type":"post","link":"http:\/\/www.musees-mediterranee.org\/index.php\/2020\/03\/25\/a-lattention-de-lensemble-des-professionnels-de-la-conservation-restauration-du-patrimoine-culturel\/","title":{"rendered":"A l&#8217;attention de l&#8217;ensemble des professionnels de la conservation-restauration du patrimoine culturel"},"content":{"rendered":"\t\t<div data-elementor-type=\"wp-post\" data-elementor-id=\"526\" class=\"elementor elementor-526 elementor-bc-flex-widget\" data-elementor-post-type=\"post\">\n\t\t\t\t\t\t<section class=\"elementor-section elementor-top-section elementor-element elementor-element-e2d2b78 elementor-section-boxed elementor-section-height-default elementor-section-height-default exad-glass-effect-no exad-sticky-section-no\" data-id=\"e2d2b78\" data-element_type=\"section\" data-e-type=\"section\">\n\t\t\t\t\t\t<div class=\"elementor-container elementor-column-gap-default\">\n\t\t\t\t\t<div class=\"elementor-column elementor-col-100 elementor-top-column elementor-element elementor-element-39bfc57 exad-glass-effect-no exad-sticky-section-no\" data-id=\"39bfc57\" data-element_type=\"column\" data-e-type=\"column\">\n\t\t\t<div class=\"elementor-widget-wrap elementor-element-populated\">\n\t\t\t\t\t\t<div class=\"elementor-element elementor-element-6f8d792 exad-sticky-section-no exad-glass-effect-no elementor-widget elementor-widget-text-editor\" data-id=\"6f8d792\" data-element_type=\"widget\" data-e-type=\"widget\" data-widget_type=\"text-editor.default\">\n\t\t\t\t<div class=\"elementor-widget-container\">\n\t\t\t\t\t\t\t\t\t<p>Mus\u00e9es M\u00e9diterran\u00e9e se fait le relai d\u2019un message adress\u00e9 par la Direction g\u00e9n\u00e9rale des Patrimoines \u00e0 l\u2019attention de l\u2019ensemble des professionnels de la conservation-restauration du patrimoine culturel relatif \u00e0 l\u2019impact de la crise sanitaire.<\/p>\t\t\t\t\t\t\t\t<\/div>\n\t\t\t\t<\/div>\n\t\t\t\t\t<\/div>\n\t\t<\/div>\n\t\t\t\t\t<\/div>\n\t\t<\/section>\n\t\t\t\t<section class=\"elementor-section elementor-top-section elementor-element elementor-element-a19bfe1 elementor-section-boxed elementor-section-height-default elementor-section-height-default exad-glass-effect-no exad-sticky-section-no\" data-id=\"a19bfe1\" data-element_type=\"section\" data-e-type=\"section\">\n\t\t\t\t\t\t<div class=\"elementor-container elementor-column-gap-default\">\n\t\t\t\t\t<div class=\"elementor-column elementor-col-100 elementor-top-column elementor-element elementor-element-64627a7 exad-glass-effect-no exad-sticky-section-no\" data-id=\"64627a7\" data-element_type=\"column\" data-e-type=\"column\">\n\t\t\t<div class=\"elementor-widget-wrap elementor-element-populated\">\n\t\t\t\t\t\t<div class=\"elementor-element elementor-element-fcbf33c exad-sticky-section-no exad-glass-effect-no elementor-widget elementor-widget-text-editor\" data-id=\"fcbf33c\" data-element_type=\"widget\" data-e-type=\"widget\" data-widget_type=\"text-editor.default\">\n\t\t\t\t<div class=\"elementor-widget-container\">\n\t\t\t\t\t\t\t\t\t<p><em>Mesdames, messieurs,<\/em><\/p><p><em>La crise sanitaire sans pr\u00e9c\u00e9dent qui touche notre pays et les mesures de confinement qui ont \u00e9t\u00e9 prises en cons\u00e9quence par le gouvernement impactent naturellement tout le secteur de la culture.<\/em><\/p><p><em>Les m\u00e9tiers qui sont les v\u00f4tres se trouvent en difficult\u00e9 en raison de l\u2019arr\u00eat momentan\u00e9 des chantiers et la fermeture des ateliers et laboratoires dans l\u2019ensemble du secteur de l\u2019architecture et du patrimoine (archives, mus\u00e9es, arch\u00e9ologie, monuments historiques et sites patrimoniaux remarquables&#8230;).<\/em><\/p><p><em>Pour r\u00e9pondre aux cons\u00e9quences de cette situation in\u00e9dite, le gouvernement a mis en place <a href=\"http:\/\/www.musees-mediterranee.org\/wp-content\/uploads\/2020\/03\/Coronavirus-MINEFI-10032020.pdf\" target=\"_blank\" rel=\"noopener\">des mesures de soutien aux entreprises <\/a>qui vous concernent.<\/em><\/p><p><em>Sans doute avez-vous d\u00e9j\u00e0 pris connaissance de ces mesures r\u00e9capitul\u00e9es dans le document joint qui liste \u00e9galement les contacts utiles pour r\u00e9aliser vos d\u00e9marches.<\/em><\/p><p><em>Ces informations sont \u00e9galement accessibles sur la page <a href=\"https:\/\/www.economie.gouv.fr\/coronavirus-soutien-entreprises#\" target=\"_blank\" rel=\"noopener\">www.economie.gouv.fr\/coronavirus-soutien-entreprises#<\/a><\/em><\/p><p><em>Nous ne pouvons que vous engager \u00e0 vous d\u00e9clarer afin de pouvoir b\u00e9n\u00e9ficier de ces mesures et \u00e0 nous faire remonter les \u00e9ventuelles difficult\u00e9s que vous pourriez rencontrer dans la proc\u00e9dure de d\u00e9claration.<\/em><\/p><p><em>Voir aussi : <a href=\"https:\/\/www.culture.gouv.fr\/Actualites\/Covid-19-le-ministere-de-la-Culture-informe-et-ecoute-les-professionnels\" target=\"_blank\" rel=\"noopener\">www.culture.gouv.fr\/Actualites\/Covid-19-le-ministere-de-la-Culture-informe-et-ecoute-les-professionnels<\/a><\/em><\/p><p><em>Les \u00e9quipes de la direction g\u00e9n\u00e9rale des patrimoines restent \u00e0 votre \u00e9coute dans cette p\u00e9riode difficile, vos interlocuteurs habituels \u00e9tant joignables par courrier \u00e9lectronique en travail \u00e0 distance en application des mesures du gouvernement.<\/em><\/p><p><em>Bien cordialement,<\/em><br \/><em>La Direction g\u00e9n\u00e9rale des patrimoines<\/em><\/p>\t\t\t\t\t\t\t\t<\/div>\n\t\t\t\t<\/div>\n\t\t\t\t\t<\/div>\n\t\t<\/div>\n\t\t\t\t\t<\/div>\n\t\t<\/section>\n\t\t\t\t<\/div>\n\t\t","protected":false},"excerpt":{"rendered":"<p>Mus\u00e9es M\u00e9diterran\u00e9e se fait le relai d\u2019un message adress\u00e9 par la Direction g\u00e9n\u00e9rale des Patrimoines \u00e0 l\u2019attention de l\u2019ensemble des professionnels de la conservation-restauration du patrimoine culturel relatif \u00e0 l\u2019impact&hellip; <\/p>\n","protected":false},"author":1,"featured_media":0,"comment_status":"closed","ping_status":"closed","sticky":false,"template":"","format":"standard","meta":{"_acf_changed":false,"_bbp_topic_count":0,"_bbp_reply_count":0,"_bbp_total_topic_count":0,"_bbp_total_reply_count":0,"_bbp_voice_count":0,"_bbp_anonymous_reply_count":0,"_bbp_topic_count_hidden":0,"_bbp_reply_count_hidden":0,"_bbp_forum_subforum_count":0,"iawp_total_views":2,"footnotes":""},"categories":[19],"tags":[],"class_list":["post-526","post","type-post","status-publish","format-standard","hentry","category-pas-en-ligne"],"acf":[],"_links":{"self":[{"href":"http:\/\/www.musees-mediterranee.org\/index.php\/wp-json\/wp\/v2\/posts\/526","targetHints":{"allow":["GET"]}}],"collection":[{"href":"http:\/\/www.musees-mediterranee.org\/index.php\/wp-json\/wp\/v2\/posts"}],"about":[{"href":"http:\/\/www.musees-mediterranee.org\/index.php\/wp-json\/wp\/v2\/types\/post"}],"author":[{"embeddable":true,"href":"http:\/\/www.musees-mediterranee.org\/index.php\/wp-json\/wp\/v2\/users\/1"}],"replies":[{"embeddable":true,"href":"http:\/\/www.musees-mediterranee.org\/index.php\/wp-json\/wp\/v2\/comments?post=526"}],"version-history":[{"count":0,"href":"http:\/\/www.musees-mediterranee.org\/index.php\/wp-json\/wp\/v2\/posts\/526\/revisions"}],"wp:attachment":[{"href":"http:\/\/www.musees-mediterranee.org\/index.php\/wp-json\/wp\/v2\/media?parent=526"}],"wp:term":[{"taxonomy":"category","embeddable":true,"href":"http:\/\/www.musees-mediterranee.org\/index.php\/wp-json\/wp\/v2\/categories?post=526"},{"taxonomy":"post_tag","embeddable":true,"href":"http:\/\/www.musees-mediterranee.org\/index.php\/wp-json\/wp\/v2\/tags?post=526"}],"curies":[{"name":"wp","href":"https:\/\/api.w.org\/{rel}","templated":true}]}}