{"id":5224,"date":"2022-06-07T10:02:55","date_gmt":"2022-06-07T08:02:55","guid":{"rendered":"http:\/\/www.musees-mediterranee.org\/?p=5224"},"modified":"2023-02-08T11:53:51","modified_gmt":"2023-02-08T10:53:51","slug":"exposition-resistants-une-generation-oubliee-9-decembre-2021-juin-2023memorial-des-deportations","status":"publish","type":"post","link":"http:\/\/www.musees-mediterranee.org\/index.php\/2022\/06\/07\/exposition-resistants-une-generation-oubliee-9-decembre-2021-juin-2023memorial-des-deportations\/","title":{"rendered":"Exposition \u00ab R\u00e9sistants, une g\u00e9n\u00e9ration oubli\u00e9e \u00bb"},"content":{"rendered":"\t\t<div data-elementor-type=\"wp-post\" data-elementor-id=\"5224\" class=\"elementor elementor-5224\" data-elementor-post-type=\"post\">\n\t\t\t\t\t\t<section class=\"elementor-section elementor-top-section elementor-element elementor-element-58b507b elementor-section-boxed elementor-section-height-default elementor-section-height-default exad-glass-effect-no exad-sticky-section-no\" data-id=\"58b507b\" data-element_type=\"section\" data-e-type=\"section\">\n\t\t\t\t\t\t<div class=\"elementor-container elementor-column-gap-default\">\n\t\t\t\t\t<div class=\"elementor-column elementor-col-100 elementor-top-column elementor-element elementor-element-52a06d6 exad-glass-effect-no exad-sticky-section-no\" data-id=\"52a06d6\" data-element_type=\"column\" data-e-type=\"column\">\n\t\t\t<div class=\"elementor-widget-wrap elementor-element-populated\">\n\t\t\t\t\t\t<div class=\"elementor-element elementor-element-c4c8026 exad-sticky-section-no exad-glass-effect-no elementor-widget elementor-widget-text-editor\" data-id=\"c4c8026\" data-element_type=\"widget\" data-e-type=\"widget\" data-widget_type=\"text-editor.default\">\n\t\t\t\t<div class=\"elementor-widget-container\">\n\t\t\t\t\t\t\t\t\t<p>\u00ab <em>R\u00e9sistants, une g\u00e9n\u00e9ration oubli\u00e9e <\/em>\u00bb propose deux nouvelles cr\u00e9ations consacr\u00e9es \u00e0 la R\u00e9sistance : une exposition de huit portraits de r\u00e9sistants d\u00e9port\u00e9s et une nouvelle cr\u00e9ation audiovisuelle artistique immersive.<br \/>Ces deux productions m\u00e9morielles et artistiques ont \u00e9t\u00e9 con\u00e7ues \u00e0 partir d\u2019une s\u00e9rie photographique et audiovisuelle r\u00e9alis\u00e9e en 2011 par Sand Arty, Auteure-Photographe : \u00ab<em>Une guerre, une Lib\u00e9ration, et puis l\u2019oubli. Les personnes photographi\u00e9es ici ont contribu\u00e9, \u00e0 leur mani\u00e8re, \u00e0 sauver notre pays, la France occup\u00e9e des ann\u00e9es 1940. Les portraits de ces h\u00e9ros t\u00e9moignent de cette sombre et douloureuse p\u00e9riode. R\u00e9sistants \u00e0 l\u2019occupant nazi puis au fil des ann\u00e9es, r\u00e9sistants \u00e0 toutes les douleurs inflig\u00e9es du pass\u00e9, ils ont su r\u00e9sister au temps qui passe\u2026 Une double Victoire, Une double R\u00e9sistance.<\/em>\u00bb<br \/>Gr\u00e2ce \u00e0 l\u2019Office National des Anciens Combattants et Victimes de Guerre et les Amis de la Fondation pour la M\u00e9moire de la D\u00e9portation, l\u2019auteure a pu retrouver quelques r\u00e9sistants, presque centenaires et r\u00e9sidents alors dans la r\u00e9gion marseillaise.<\/p>\t\t\t\t\t\t\t\t<\/div>\n\t\t\t\t<\/div>\n\t\t\t\t\t<\/div>\n\t\t<\/div>\n\t\t\t\t\t<\/div>\n\t\t<\/section>\n\t\t\t\t<section class=\"elementor-section elementor-top-section elementor-element elementor-element-d27aef7 elementor-section-boxed elementor-section-height-default elementor-section-height-default exad-glass-effect-no exad-sticky-section-no\" data-id=\"d27aef7\" data-element_type=\"section\" data-e-type=\"section\">\n\t\t\t\t\t\t<div class=\"elementor-container elementor-column-gap-default\">\n\t\t\t\t\t<div class=\"elementor-column elementor-col-100 elementor-top-column elementor-element elementor-element-382e19a exad-glass-effect-no exad-sticky-section-no\" data-id=\"382e19a\" data-element_type=\"column\" data-e-type=\"column\">\n\t\t\t<div class=\"elementor-widget-wrap elementor-element-populated\">\n\t\t\t\t\t\t<div class=\"elementor-element elementor-element-d555e49 exad-sticky-section-no exad-glass-effect-no elementor-widget elementor-widget-image\" data-id=\"d555e49\" data-element_type=\"widget\" data-e-type=\"widget\" data-widget_type=\"image.default\">\n\t\t\t\t<div class=\"elementor-widget-container\">\n\t\t\t\t\t\t\t\t\t\t\t\t<figure class=\"wp-caption\">\n\t\t\t\t\t\t\t\t\t\t\t<a href=\"http:\/\/www.musees-mediterranee.org\/wp-content\/uploads\/2022\/06\/Memorial-de-la-deportation.jpg\" data-elementor-open-lightbox=\"yes\" data-e-action-hash=\"#elementor-action%3Aaction%3Dlightbox%26settings%3DeyJpZCI6NTIyNywidXJsIjoiaHR0cDpcL1wvd3d3Lm11c2Vlcy1tZWRpdGVycmFuZWUub3JnXC93cC1jb250ZW50XC91cGxvYWRzXC8yMDIyXC8wNlwvTWVtb3JpYWwtZGUtbGEtZGVwb3J0YXRpb24uanBnIn0%3D\">\n\t\t\t\t\t\t\t<img fetchpriority=\"high\" decoding=\"async\" width=\"1200\" height=\"549\" src=\"http:\/\/www.musees-mediterranee.org\/wp-content\/uploads\/2022\/06\/Memorial-de-la-deportation.jpg\" class=\"attachment-full size-full wp-image-5227\" alt=\"\" srcset=\"http:\/\/www.musees-mediterranee.org\/wp-content\/uploads\/2022\/06\/Memorial-de-la-deportation.jpg 1200w, http:\/\/www.musees-mediterranee.org\/wp-content\/uploads\/2022\/06\/Memorial-de-la-deportation-300x137.jpg 300w, http:\/\/www.musees-mediterranee.org\/wp-content\/uploads\/2022\/06\/Memorial-de-la-deportation-1024x468.jpg 1024w, http:\/\/www.musees-mediterranee.org\/wp-content\/uploads\/2022\/06\/Memorial-de-la-deportation-768x351.jpg 768w\" sizes=\"(max-width: 1200px) 100vw, 1200px\" \/>\t\t\t\t\t\t\t\t<\/a>\n\t\t\t\t\t\t\t\t\t\t\t<figcaption class=\"widget-image-caption wp-caption-text\">M\u00e9morial des d\u00e9portations \u00a9 Mus\u00e9e d'Histoire de Marseille<\/figcaption>\n\t\t\t\t\t\t\t\t\t\t<\/figure>\n\t\t\t\t\t\t\t\t\t<\/div>\n\t\t\t\t<\/div>\n\t\t\t\t\t<\/div>\n\t\t<\/div>\n\t\t\t\t\t<\/div>\n\t\t<\/section>\n\t\t\t\t<section class=\"elementor-section elementor-top-section elementor-element elementor-element-990e05a elementor-section-boxed elementor-section-height-default elementor-section-height-default exad-glass-effect-no exad-sticky-section-no\" data-id=\"990e05a\" data-element_type=\"section\" data-e-type=\"section\">\n\t\t\t\t\t\t<div class=\"elementor-container elementor-column-gap-default\">\n\t\t\t\t\t<div class=\"elementor-column elementor-col-100 elementor-top-column elementor-element elementor-element-89985e2 exad-glass-effect-no exad-sticky-section-no\" data-id=\"89985e2\" data-element_type=\"column\" data-e-type=\"column\">\n\t\t\t<div class=\"elementor-widget-wrap elementor-element-populated\">\n\t\t\t\t\t\t<div class=\"elementor-element elementor-element-ceb8f9e exad-sticky-section-no exad-glass-effect-no elementor-widget elementor-widget-text-editor\" data-id=\"ceb8f9e\" data-element_type=\"widget\" data-e-type=\"widget\" data-widget_type=\"text-editor.default\">\n\t\t\t\t<div class=\"elementor-widget-container\">\n\t\t\t\t\t\t\t\t\t<p>Au pied du Fort Saint-Jean, le M\u00e9morial des d\u00e9portations, rattach\u00e9 au mus\u00e9e d\u2019Histoire de Marseille, est install\u00e9 dans un blockhaus construit par l&#8217;arm\u00e9e allemande en 1943. Au moment o\u00f9 les derniers t\u00e9moins disparaissent, le lieu s\u2019attache \u00e0 transmettre l\u2019histoire et la m\u00e9moire des hommes, femmes et enfants arr\u00eat\u00e9s puis d\u00e9port\u00e9s parce que n\u00e9s Juifs ou r\u00e9prim\u00e9s en tant que politiques, r\u00e9sistants, otages ou \u00ab suspects \u00bb. En 1940, Marseille est encore un port ouvert sur le monde, une porte vers la libert\u00e9 pour certains, vers la reprise du combat pour d\u2019autres. D\u00e8s 1942, lors de son occupation, Marseille bascule. En janvier 1943, qualifi\u00e9e de &#8220;chancre de l\u2019Europe&#8221; par le r\u00e9gime nazi, elle cristallise la haine de l&#8217;\u00e9tranger et de l\u2019ind\u00e9sirable. Ces \u00e9v\u00e9nements tragiques men\u00e9s par les Nazis avec la collaboration de Vichy sont longuement \u00e9voqu\u00e9s au travers de films, de t\u00e9moignages : rafles des communaut\u00e9s juives, \u00e9vacuation et destruction des &#8220;vieux quartiers&#8221; et d\u00e9portations. Con\u00e7u comme un lieu en constante \u00e9volution, le parcours a pour vocation de s\u2019enrichir et se renouveler avec de nouveaux contenus et dispositifs.<\/p>\t\t\t\t\t\t\t\t<\/div>\n\t\t\t\t<\/div>\n\t\t\t\t\t<\/div>\n\t\t<\/div>\n\t\t\t\t\t<\/div>\n\t\t<\/section>\n\t\t\t\t<section class=\"elementor-section elementor-top-section elementor-element elementor-element-2271368 elementor-section-boxed elementor-section-height-default elementor-section-height-default exad-glass-effect-no exad-sticky-section-no\" data-id=\"2271368\" data-element_type=\"section\" data-e-type=\"section\">\n\t\t\t\t\t\t<div class=\"elementor-container elementor-column-gap-default\">\n\t\t\t\t\t<div class=\"elementor-column elementor-col-100 elementor-top-column elementor-element elementor-element-1566e94 exad-glass-effect-no exad-sticky-section-no\" data-id=\"1566e94\" data-element_type=\"column\" data-e-type=\"column\">\n\t\t\t<div class=\"elementor-widget-wrap elementor-element-populated\">\n\t\t\t\t\t\t<div class=\"elementor-element elementor-element-3436b3a exad-sticky-section-no exad-glass-effect-no elementor-widget elementor-widget-text-editor\" data-id=\"3436b3a\" data-element_type=\"widget\" data-e-type=\"widget\" data-widget_type=\"text-editor.default\">\n\t\t\t\t<div class=\"elementor-widget-container\">\n\t\t\t\t\t\t\t\t\t<p><strong>L\u2019exposition, R\u00e9sistants une G\u00e9n\u00e9ration oubli\u00e9e<\/strong>, rend hommage \u00e0 8 r\u00e9sistants d\u00e9port\u00e9s au travers d\u2019une s\u00e9rie photographique et du r\u00e9cit de leur combat et de leur courage face \u00e0 la barbarie nazie.<br \/><strong>La cr\u00e9ation artistique audiovisuelle, R\u00e9sister<\/strong>, inspir\u00e9e des portraits photographiques et audiovisuels de Sand Arty, comporte plusieurs temporalit\u00e9s, univers qui se ponctuent, se rencontrent. Par son \u00e9criture, elle propose une transmission, un glissement po\u00e9tique du parcours terrible des r\u00e9sistants, vers un imaginaire de la vie et de l\u2019humanisme. Peintures, dessins, musiciens, voix de com\u00e9diens, sont invit\u00e9s \u00e0 participer \u00e0 ce moment unique.<\/p>\t\t\t\t\t\t\t\t<\/div>\n\t\t\t\t<\/div>\n\t\t\t\t\t<\/div>\n\t\t<\/div>\n\t\t\t\t\t<\/div>\n\t\t<\/section>\n\t\t\t\t<section class=\"elementor-section elementor-top-section elementor-element elementor-element-e563400 elementor-section-boxed elementor-section-height-default elementor-section-height-default exad-glass-effect-no exad-sticky-section-no\" data-id=\"e563400\" data-element_type=\"section\" data-e-type=\"section\">\n\t\t\t\t\t\t<div class=\"elementor-container elementor-column-gap-default\">\n\t\t\t\t\t<div class=\"elementor-column elementor-col-100 elementor-top-column elementor-element elementor-element-4bd10ff exad-glass-effect-no exad-sticky-section-no\" data-id=\"4bd10ff\" data-element_type=\"column\" data-e-type=\"column\">\n\t\t\t<div class=\"elementor-widget-wrap elementor-element-populated\">\n\t\t\t\t\t\t<div class=\"elementor-element elementor-element-2c91bd9 exad-sticky-section-no exad-glass-effect-no elementor-widget elementor-widget-image\" data-id=\"2c91bd9\" data-element_type=\"widget\" data-e-type=\"widget\" data-widget_type=\"image.default\">\n\t\t\t\t<div class=\"elementor-widget-container\">\n\t\t\t\t\t\t\t\t\t\t\t\t\t\t\t\t<a href=\"http:\/\/www.musees-mediterranee.org\/wp-content\/uploads\/2022\/06\/Resister.pdf\" target=\"_blank\">\n\t\t\t\t\t\t\t<img decoding=\"async\" src=\"http:\/\/www.musees-mediterranee.org\/wp-content\/uploads\/elementor\/thumbs\/Resister-ppyfr8019zqn42s8digaz2clhnuoe8hka8iik70vcq.jpg\" title=\"Resister\" alt=\"Resister\" loading=\"lazy\" \/>\t\t\t\t\t\t\t\t<\/a>\n\t\t\t\t\t\t\t\t\t\t\t\t\t\t\t<\/div>\n\t\t\t\t<\/div>\n\t\t\t\t\t<\/div>\n\t\t<\/div>\n\t\t\t\t\t<\/div>\n\t\t<\/section>\n\t\t\t\t<\/div>\n\t\t","protected":false},"excerpt":{"rendered":"<p><b>M\u00e9morial des d\u00e9portations<br \/> Marseille, 9 d\u00e9cembre 2021 \u2013 juin 2023<\/b><\/p>\n","protected":false},"author":1,"featured_media":5227,"comment_status":"closed","ping_status":"closed","sticky":false,"template":"","format":"standard","meta":{"_acf_changed":false,"_bbp_topic_count":0,"_bbp_reply_count":0,"_bbp_total_topic_count":0,"_bbp_total_reply_count":0,"_bbp_voice_count":0,"_bbp_anonymous_reply_count":0,"_bbp_topic_count_hidden":0,"_bbp_reply_count_hidden":0,"_bbp_forum_subforum_count":0,"iawp_total_views":15,"footnotes":""},"categories":[32,25],"tags":[55],"class_list":["post-5224","post","type-post","status-publish","format-standard","has-post-thumbnail","hentry","category-exposition","category-journal","tag-juin-2022"],"acf":[],"_links":{"self":[{"href":"http:\/\/www.musees-mediterranee.org\/index.php\/wp-json\/wp\/v2\/posts\/5224","targetHints":{"allow":["GET"]}}],"collection":[{"href":"http:\/\/www.musees-mediterranee.org\/index.php\/wp-json\/wp\/v2\/posts"}],"about":[{"href":"http:\/\/www.musees-mediterranee.org\/index.php\/wp-json\/wp\/v2\/types\/post"}],"author":[{"embeddable":true,"href":"http:\/\/www.musees-mediterranee.org\/index.php\/wp-json\/wp\/v2\/users\/1"}],"replies":[{"embeddable":true,"href":"http:\/\/www.musees-mediterranee.org\/index.php\/wp-json\/wp\/v2\/comments?post=5224"}],"version-history":[{"count":0,"href":"http:\/\/www.musees-mediterranee.org\/index.php\/wp-json\/wp\/v2\/posts\/5224\/revisions"}],"wp:featuredmedia":[{"embeddable":true,"href":"http:\/\/www.musees-mediterranee.org\/index.php\/wp-json\/wp\/v2\/media\/5227"}],"wp:attachment":[{"href":"http:\/\/www.musees-mediterranee.org\/index.php\/wp-json\/wp\/v2\/media?parent=5224"}],"wp:term":[{"taxonomy":"category","embeddable":true,"href":"http:\/\/www.musees-mediterranee.org\/index.php\/wp-json\/wp\/v2\/categories?post=5224"},{"taxonomy":"post_tag","embeddable":true,"href":"http:\/\/www.musees-mediterranee.org\/index.php\/wp-json\/wp\/v2\/tags?post=5224"}],"curies":[{"name":"wp","href":"https:\/\/api.w.org\/{rel}","templated":true}]}}