{"id":5123,"date":"2022-05-18T09:35:09","date_gmt":"2022-05-18T07:35:09","guid":{"rendered":"http:\/\/www.musees-mediterranee.org\/?p=5123"},"modified":"2022-11-23T11:45:26","modified_gmt":"2022-11-23T10:45:26","slug":"la-renaissance-dune-vierge-a-lenfant-du-musee-ziem","status":"publish","type":"post","link":"http:\/\/www.musees-mediterranee.org\/index.php\/2022\/05\/18\/la-renaissance-dune-vierge-a-lenfant-du-musee-ziem\/","title":{"rendered":"La renaissance d\u2019une Vierge \u00e0 l\u2019Enfant du mus\u00e9e Ziem"},"content":{"rendered":"\t\t<div data-elementor-type=\"wp-post\" data-elementor-id=\"5123\" class=\"elementor elementor-5123\" data-elementor-post-type=\"post\">\n\t\t\t\t\t\t<section class=\"elementor-section elementor-top-section elementor-element elementor-element-4116828 elementor-section-boxed elementor-section-height-default elementor-section-height-default exad-glass-effect-no exad-sticky-section-no\" data-id=\"4116828\" data-element_type=\"section\" data-e-type=\"section\">\n\t\t\t\t\t\t<div class=\"elementor-container elementor-column-gap-default\">\n\t\t\t\t\t<div class=\"elementor-column elementor-col-100 elementor-top-column elementor-element elementor-element-7d56005 exad-glass-effect-no exad-sticky-section-no\" data-id=\"7d56005\" data-element_type=\"column\" data-e-type=\"column\">\n\t\t\t<div class=\"elementor-widget-wrap elementor-element-populated\">\n\t\t\t\t\t\t<div class=\"elementor-element elementor-element-6db14c9 exad-sticky-section-no exad-glass-effect-no elementor-widget elementor-widget-text-editor\" data-id=\"6db14c9\" data-element_type=\"widget\" data-e-type=\"widget\" data-widget_type=\"text-editor.default\">\n\t\t\t\t<div class=\"elementor-widget-container\">\n\t\t\t\t\t\t\t\t\t<p>Si le mus\u00e9e Ziem conserve majoritairement des peintures et des arts graphiques, la donation \u00e0 la ville, en 1978, des collections du mus\u00e9e associatif du Vieux-Martigues a \u00e9galement fait entrer dans le fonds permanent des \u0153uvres religieuses sculpt\u00e9es. Ainsi en est-il de cette Vierge \u00e0 l\u2019Enfant.<\/p><p>Haute de 1,62 m, cette statue polychrome pr\u00e9sentait d\u2019importantes traces anciennes d\u2019infestation caract\u00e9ris\u00e9es par de nombreux trous d\u2019envol et par des lacunes pr\u00e9sentes dans le bois qui, fragile, se d\u00e9litait. Une fissure ouverte \u00e9tait pr\u00e9sente sur la face. Un encrassement et un empoussi\u00e8rement g\u00e9n\u00e9ralis\u00e9s masquaient la lisibilit\u00e9 du d\u00e9cor et la polychromie.<br \/>Des interventions anciennes avaient \u00e9t\u00e9 r\u00e9alis\u00e9es afin de consolider et de combler les lacunes \u00e0 l\u2019aide de r\u00e9sine et de toile et de nombreux repeints \u00e9taient pr\u00e9sents en particulier au niveau du drap\u00e9 de la Vierge. L\u2019ensemble \u00e9tait recouvert d\u2019une \u00ab patine brune \u00bb r\u00e9sultant de l\u2019oxydation du vernis et d\u2019une couche de cire, m\u00e9lang\u00e9e \u00e0 de la poussi\u00e8re. La polychromie pr\u00e9sentait d\u2019importants soul\u00e8vements.<\/p>\t\t\t\t\t\t\t\t<\/div>\n\t\t\t\t<\/div>\n\t\t\t\t\t<\/div>\n\t\t<\/div>\n\t\t\t\t\t<\/div>\n\t\t<\/section>\n\t\t\t\t<section class=\"elementor-section elementor-top-section elementor-element elementor-element-c6ef970 elementor-section-boxed elementor-section-height-default elementor-section-height-default exad-glass-effect-no exad-sticky-section-no\" data-id=\"c6ef970\" data-element_type=\"section\" data-e-type=\"section\">\n\t\t\t\t\t\t<div class=\"elementor-container elementor-column-gap-default\">\n\t\t\t\t\t<div class=\"elementor-column elementor-col-100 elementor-top-column elementor-element elementor-element-9deaa81 exad-glass-effect-no exad-sticky-section-no\" data-id=\"9deaa81\" data-element_type=\"column\" data-e-type=\"column\">\n\t\t\t<div class=\"elementor-widget-wrap elementor-element-populated\">\n\t\t\t\t\t\t<div class=\"elementor-element elementor-element-00bee23 exad-sticky-section-no exad-glass-effect-no elementor-widget elementor-widget-image\" data-id=\"00bee23\" data-element_type=\"widget\" data-e-type=\"widget\" data-widget_type=\"image.default\">\n\t\t\t\t<div class=\"elementor-widget-container\">\n\t\t\t\t\t\t\t\t\t\t\t\t<figure class=\"wp-caption\">\n\t\t\t\t\t\t\t\t\t\t\t<a href=\"http:\/\/www.musees-mediterranee.org\/wp-content\/uploads\/2022\/05\/renaissance_1.jpg\" data-elementor-open-lightbox=\"yes\" data-e-action-hash=\"#elementor-action%3Aaction%3Dlightbox%26settings%3DeyJpZCI6NTEyNywidXJsIjoiaHR0cDpcL1wvd3d3Lm11c2Vlcy1tZWRpdGVycmFuZWUub3JnXC93cC1jb250ZW50XC91cGxvYWRzXC8yMDIyXC8wNVwvcmVuYWlzc2FuY2VfMS5qcGcifQ%3D%3D\">\n\t\t\t\t\t\t\t<img fetchpriority=\"high\" decoding=\"async\" width=\"700\" height=\"291\" src=\"http:\/\/www.musees-mediterranee.org\/wp-content\/uploads\/2022\/05\/renaissance_1-1024x425.jpg\" class=\"attachment-large size-large wp-image-5127\" alt=\"\" srcset=\"http:\/\/www.musees-mediterranee.org\/wp-content\/uploads\/2022\/05\/renaissance_1-1024x425.jpg 1024w, http:\/\/www.musees-mediterranee.org\/wp-content\/uploads\/2022\/05\/renaissance_1-300x125.jpg 300w, http:\/\/www.musees-mediterranee.org\/wp-content\/uploads\/2022\/05\/renaissance_1-768x319.jpg 768w, http:\/\/www.musees-mediterranee.org\/wp-content\/uploads\/2022\/05\/renaissance_1-700x290.jpg 700w, http:\/\/www.musees-mediterranee.org\/wp-content\/uploads\/2022\/05\/renaissance_1.jpg 1278w\" sizes=\"(max-width: 700px) 100vw, 700px\" \/>\t\t\t\t\t\t\t\t<\/a>\n\t\t\t\t\t\t\t\t\t\t\t<figcaption class=\"widget-image-caption wp-caption-text\">Vierge \u00e0 l\u2019Enfant avant restauration. Des facings ont \u00e9t\u00e9 pos\u00e9s sur les soul\u00e8vements afin d\u2019\u00e9viter des pertes de mati\u00e8re. <br \/>\u00a9 Ana\u00efs Lechat<\/figcaption>\n\t\t\t\t\t\t\t\t\t\t<\/figure>\n\t\t\t\t\t\t\t\t\t<\/div>\n\t\t\t\t<\/div>\n\t\t\t\t\t<\/div>\n\t\t<\/div>\n\t\t\t\t\t<\/div>\n\t\t<\/section>\n\t\t\t\t<section class=\"elementor-section elementor-top-section elementor-element elementor-element-84d201a elementor-section-boxed elementor-section-height-default elementor-section-height-default exad-glass-effect-no exad-sticky-section-no\" data-id=\"84d201a\" data-element_type=\"section\" data-e-type=\"section\">\n\t\t\t\t\t\t<div class=\"elementor-container elementor-column-gap-default\">\n\t\t\t\t\t<div class=\"elementor-column elementor-col-100 elementor-top-column elementor-element elementor-element-fe37ccb exad-glass-effect-no exad-sticky-section-no\" data-id=\"fe37ccb\" data-element_type=\"column\" data-e-type=\"column\">\n\t\t\t<div class=\"elementor-widget-wrap elementor-element-populated\">\n\t\t\t\t\t\t<div class=\"elementor-element elementor-element-fd1145f exad-sticky-section-no exad-glass-effect-no elementor-widget elementor-widget-text-editor\" data-id=\"fd1145f\" data-element_type=\"widget\" data-e-type=\"widget\" data-widget_type=\"text-editor.default\">\n\t\t\t\t<div class=\"elementor-widget-container\">\n\t\t\t\t\t\t\t\t\t<p>Apr\u00e8s un nettoyage et un d\u00e9crassage de la surface, l\u2019\u0153uvre a \u00e9t\u00e9 consolid\u00e9e puis les couches color\u00e9es ont \u00e9t\u00e9 observ\u00e9es, sous loupe, au niveau des lacunes dans un premier temps. Des fen\u00eatres de sondage et des tests de d\u00e9gagements des repeints ont ensuite \u00e9t\u00e9 r\u00e9alis\u00e9s.<\/p>\t\t\t\t\t\t\t\t<\/div>\n\t\t\t\t<\/div>\n\t\t\t\t\t<\/div>\n\t\t<\/div>\n\t\t\t\t\t<\/div>\n\t\t<\/section>\n\t\t\t\t<section class=\"elementor-section elementor-top-section elementor-element elementor-element-c6fdaa7 elementor-section-boxed elementor-section-height-default elementor-section-height-default exad-glass-effect-no exad-sticky-section-no\" data-id=\"c6fdaa7\" data-element_type=\"section\" data-e-type=\"section\">\n\t\t\t\t\t\t<div class=\"elementor-container elementor-column-gap-default\">\n\t\t\t\t\t<div class=\"elementor-column elementor-col-100 elementor-top-column elementor-element elementor-element-7e6a866 exad-glass-effect-no exad-sticky-section-no\" data-id=\"7e6a866\" data-element_type=\"column\" data-e-type=\"column\">\n\t\t\t<div class=\"elementor-widget-wrap elementor-element-populated\">\n\t\t\t\t\t\t<div class=\"elementor-element elementor-element-3f3872e exad-sticky-section-no exad-glass-effect-no elementor-widget elementor-widget-image\" data-id=\"3f3872e\" data-element_type=\"widget\" data-e-type=\"widget\" data-widget_type=\"image.default\">\n\t\t\t\t<div class=\"elementor-widget-container\">\n\t\t\t\t\t\t\t\t\t\t\t\t<figure class=\"wp-caption\">\n\t\t\t\t\t\t\t\t\t\t\t<a href=\"http:\/\/www.musees-mediterranee.org\/wp-content\/uploads\/2022\/05\/renaissance_2.jpg\" data-elementor-open-lightbox=\"yes\" data-e-action-hash=\"#elementor-action%3Aaction%3Dlightbox%26settings%3DeyJpZCI6NTEyOCwidXJsIjoiaHR0cDpcL1wvd3d3Lm11c2Vlcy1tZWRpdGVycmFuZWUub3JnXC93cC1jb250ZW50XC91cGxvYWRzXC8yMDIyXC8wNVwvcmVuYWlzc2FuY2VfMi5qcGcifQ%3D%3D\">\n\t\t\t\t\t\t\t<img decoding=\"async\" width=\"450\" height=\"600\" src=\"http:\/\/www.musees-mediterranee.org\/wp-content\/uploads\/2022\/05\/renaissance_2.jpg\" class=\"attachment-large size-large wp-image-5128\" alt=\"\" srcset=\"http:\/\/www.musees-mediterranee.org\/wp-content\/uploads\/2022\/05\/renaissance_2.jpg 450w, http:\/\/www.musees-mediterranee.org\/wp-content\/uploads\/2022\/05\/renaissance_2-225x300.jpg 225w\" sizes=\"(max-width: 450px) 100vw, 450px\" \/>\t\t\t\t\t\t\t\t<\/a>\n\t\t\t\t\t\t\t\t\t\t\t<figcaption class=\"widget-image-caption wp-caption-text\">Vierge \u00e0 l\u2019Enfant en cours de traitement. <br \/>Tests de d\u00e9gagement sur le visage de la Vierge permettant de voir les couches originales. <br \/>\u00a9 Ana\u00efs Lechat<\/figcaption>\n\t\t\t\t\t\t\t\t\t\t<\/figure>\n\t\t\t\t\t\t\t\t\t<\/div>\n\t\t\t\t<\/div>\n\t\t\t\t\t<\/div>\n\t\t<\/div>\n\t\t\t\t\t<\/div>\n\t\t<\/section>\n\t\t\t\t<section class=\"elementor-section elementor-top-section elementor-element elementor-element-2cd4138 elementor-section-boxed elementor-section-height-default elementor-section-height-default exad-glass-effect-no exad-sticky-section-no\" data-id=\"2cd4138\" data-element_type=\"section\" data-e-type=\"section\">\n\t\t\t\t\t\t<div class=\"elementor-container elementor-column-gap-default\">\n\t\t\t\t\t<div class=\"elementor-column elementor-col-100 elementor-top-column elementor-element elementor-element-8b8404e exad-glass-effect-no exad-sticky-section-no\" data-id=\"8b8404e\" data-element_type=\"column\" data-e-type=\"column\">\n\t\t\t<div class=\"elementor-widget-wrap elementor-element-populated\">\n\t\t\t\t\t\t<div class=\"elementor-element elementor-element-a416b17 exad-sticky-section-no exad-glass-effect-no elementor-widget elementor-widget-text-editor\" data-id=\"a416b17\" data-element_type=\"widget\" data-e-type=\"widget\" data-widget_type=\"text-editor.default\">\n\t\t\t\t<div class=\"elementor-widget-container\">\n\t\t\t\t\t\t\t\t\t<p>Deux niveaux de repeints sont ainsi apparus : le plus r\u00e9cent \u00e9tait constitu\u00e9 d\u2019une patine brune-noire recouvrant l\u2019ensemble des couches color\u00e9es, tandis que le premier \u00e9tait constitu\u00e9, pour la Vierge : d\u2019une couche rose pour les carnations, d\u2019un collier noir au niveau du cou, d\u2019une couche noire pour l\u2019ext\u00e9rieur et d\u2019une autre rouge pour l\u2019int\u00e9rieur du manteau ainsi que d\u2019une couche dor\u00e9e pour la couronne. Quant \u00e0 l\u2019Enfant J\u00e9sus, son manteau avait \u00e9t\u00e9 dor\u00e9, voire redor\u00e9 \u00e0 certains endroits.<br \/>Les couches originales se situaient au troisi\u00e8me niveau. Elles \u00e9taient assez lacunaires et globalement us\u00e9es. Une pr\u00e9paration blanche recouvrait le support bois. Les cheveux avaient \u00e9t\u00e9 dor\u00e9s. Les deux personnages arboraient des yeux bleus. Le v\u00eatement de la Vierge \u00e9tait bleu \u00e0 l\u2019ext\u00e9rieur et rouge \u00e0 l\u2019int\u00e9rieur, sa robe \u00e9tait dor\u00e9e tout comme le manteau de l\u2019Enfant qui portait une robe d\u2019un rouge identique \u00e0 l\u2019int\u00e9rieur du manteau de la Vierge.<\/p><p>Une fois cette stratigraphie mise en \u00e9vidence, les couches d\u2019origine ont \u00e9t\u00e9 d\u00e9gag\u00e9es, les lacunes g\u00eanant la lisibilit\u00e9 de l\u2019\u0153uvre ont \u00e9t\u00e9 r\u00e9int\u00e9gr\u00e9es puis retouch\u00e9es afin de rendre \u00e0 la sculpture un aspect le plus proche possible de son \u00e9tat d\u2019origine tout en respectant son int\u00e9grit\u00e9.<\/p>\t\t\t\t\t\t\t\t<\/div>\n\t\t\t\t<\/div>\n\t\t\t\t\t<\/div>\n\t\t<\/div>\n\t\t\t\t\t<\/div>\n\t\t<\/section>\n\t\t\t\t<section class=\"elementor-section elementor-top-section elementor-element elementor-element-64cccbb elementor-section-boxed elementor-section-height-default elementor-section-height-default exad-glass-effect-no exad-sticky-section-no\" data-id=\"64cccbb\" data-element_type=\"section\" data-e-type=\"section\">\n\t\t\t\t\t\t<div class=\"elementor-container elementor-column-gap-default\">\n\t\t\t\t\t<div class=\"elementor-column elementor-col-50 elementor-top-column elementor-element elementor-element-4e3d82f exad-glass-effect-no exad-sticky-section-no\" data-id=\"4e3d82f\" data-element_type=\"column\" data-e-type=\"column\">\n\t\t\t<div class=\"elementor-widget-wrap elementor-element-populated\">\n\t\t\t\t\t\t<div class=\"elementor-element elementor-element-9bf1415 exad-sticky-section-no exad-glass-effect-no elementor-widget elementor-widget-image\" data-id=\"9bf1415\" data-element_type=\"widget\" data-e-type=\"widget\" data-widget_type=\"image.default\">\n\t\t\t\t<div class=\"elementor-widget-container\">\n\t\t\t\t\t\t\t\t\t\t\t\t<figure class=\"wp-caption\">\n\t\t\t\t\t\t\t\t\t\t\t<a href=\"http:\/\/www.musees-mediterranee.org\/wp-content\/uploads\/2022\/05\/renaissance_3.jpg\" data-elementor-open-lightbox=\"yes\" data-e-action-hash=\"#elementor-action%3Aaction%3Dlightbox%26settings%3DeyJpZCI6NTEyOSwidXJsIjoiaHR0cDpcL1wvd3d3Lm11c2Vlcy1tZWRpdGVycmFuZWUub3JnXC93cC1jb250ZW50XC91cGxvYWRzXC8yMDIyXC8wNVwvcmVuYWlzc2FuY2VfMy5qcGcifQ%3D%3D\">\n\t\t\t\t\t\t\t<img decoding=\"async\" width=\"494\" height=\"801\" src=\"http:\/\/www.musees-mediterranee.org\/wp-content\/uploads\/2022\/05\/renaissance_3.jpg\" class=\"attachment-large size-large wp-image-5129\" alt=\"\" srcset=\"http:\/\/www.musees-mediterranee.org\/wp-content\/uploads\/2022\/05\/renaissance_3.jpg 494w, http:\/\/www.musees-mediterranee.org\/wp-content\/uploads\/2022\/05\/renaissance_3-185x300.jpg 185w\" sizes=\"(max-width: 494px) 100vw, 494px\" \/>\t\t\t\t\t\t\t\t<\/a>\n\t\t\t\t\t\t\t\t\t\t\t<figcaption class=\"widget-image-caption wp-caption-text\">Vierge \u00e0 l\u2019Enfant apr\u00e8s d\u00e9gagement des couches d\u2019origine et comblement des lacunes. <br \/>\u00a9 Ana\u00efs Lechat<\/figcaption>\n\t\t\t\t\t\t\t\t\t\t<\/figure>\n\t\t\t\t\t\t\t\t\t<\/div>\n\t\t\t\t<\/div>\n\t\t\t\t\t<\/div>\n\t\t<\/div>\n\t\t\t\t<div class=\"elementor-column elementor-col-50 elementor-top-column elementor-element elementor-element-8ae4eb6 exad-glass-effect-no exad-sticky-section-no\" data-id=\"8ae4eb6\" data-element_type=\"column\" data-e-type=\"column\">\n\t\t\t<div class=\"elementor-widget-wrap elementor-element-populated\">\n\t\t\t\t\t\t<div class=\"elementor-element elementor-element-8b75924 exad-sticky-section-no exad-glass-effect-no elementor-widget elementor-widget-image\" data-id=\"8b75924\" data-element_type=\"widget\" data-e-type=\"widget\" data-widget_type=\"image.default\">\n\t\t\t\t<div class=\"elementor-widget-container\">\n\t\t\t\t\t\t\t\t\t\t\t\t<figure class=\"wp-caption\">\n\t\t\t\t\t\t\t\t\t\t\t<a href=\"http:\/\/www.musees-mediterranee.org\/wp-content\/uploads\/2022\/05\/renaissance_4.jpg\" data-elementor-open-lightbox=\"yes\" data-e-action-hash=\"#elementor-action%3Aaction%3Dlightbox%26settings%3DeyJpZCI6NTEzMCwidXJsIjoiaHR0cDpcL1wvd3d3Lm11c2Vlcy1tZWRpdGVycmFuZWUub3JnXC93cC1jb250ZW50XC91cGxvYWRzXC8yMDIyXC8wNVwvcmVuYWlzc2FuY2VfNC5qcGcifQ%3D%3D\">\n\t\t\t\t\t\t\t<img loading=\"lazy\" decoding=\"async\" width=\"519\" height=\"692\" src=\"http:\/\/www.musees-mediterranee.org\/wp-content\/uploads\/2022\/05\/renaissance_4.jpg\" class=\"attachment-large size-large wp-image-5130\" alt=\"\" srcset=\"http:\/\/www.musees-mediterranee.org\/wp-content\/uploads\/2022\/05\/renaissance_4.jpg 519w, http:\/\/www.musees-mediterranee.org\/wp-content\/uploads\/2022\/05\/renaissance_4-225x300.jpg 225w\" sizes=\"(max-width: 519px) 100vw, 519px\" \/>\t\t\t\t\t\t\t\t<\/a>\n\t\t\t\t\t\t\t\t\t\t\t<figcaption class=\"widget-image-caption wp-caption-text\">Vierge \u00e0 l\u2019Enfant apr\u00e8s restauration. \u00a9 Ana\u00efs Lechat<\/figcaption>\n\t\t\t\t\t\t\t\t\t\t<\/figure>\n\t\t\t\t\t\t\t\t\t<\/div>\n\t\t\t\t<\/div>\n\t\t\t\t\t<\/div>\n\t\t<\/div>\n\t\t\t\t\t<\/div>\n\t\t<\/section>\n\t\t\t\t<section class=\"elementor-section elementor-top-section elementor-element elementor-element-3a59660 elementor-section-boxed elementor-section-height-default elementor-section-height-default exad-glass-effect-no exad-sticky-section-no\" data-id=\"3a59660\" data-element_type=\"section\" data-e-type=\"section\">\n\t\t\t\t\t\t<div class=\"elementor-container elementor-column-gap-default\">\n\t\t\t\t\t<div class=\"elementor-column elementor-col-100 elementor-top-column elementor-element elementor-element-3ba5c3f exad-glass-effect-no exad-sticky-section-no\" data-id=\"3ba5c3f\" data-element_type=\"column\" data-e-type=\"column\">\n\t\t\t<div class=\"elementor-widget-wrap elementor-element-populated\">\n\t\t\t\t\t\t<div class=\"elementor-element elementor-element-ff24db6 exad-sticky-section-no exad-glass-effect-no elementor-widget elementor-widget-text-editor\" data-id=\"ff24db6\" data-element_type=\"widget\" data-e-type=\"widget\" data-widget_type=\"text-editor.default\">\n\t\t\t\t<div class=\"elementor-widget-container\">\n\t\t\t\t\t\t\t\t\t<p>Enfin, un support adapt\u00e9 \u00e0 l\u2019\u0153uvre a \u00e9t\u00e9 con\u00e7u afin de la conserver dans de bonnes conditions et limiter les risques li\u00e9s \u00e0 sa manipulation.<\/p>\t\t\t\t\t\t\t\t<\/div>\n\t\t\t\t<\/div>\n\t\t\t\t\t<\/div>\n\t\t<\/div>\n\t\t\t\t\t<\/div>\n\t\t<\/section>\n\t\t\t\t<\/div>\n\t\t","protected":false},"excerpt":{"rendered":"<p>Si le mus\u00e9e Ziem conserve majoritairement des peintures et des arts graphiques, la donation \u00e0 la ville, en 1978, des collections du mus\u00e9e associatif du Vieux-Martigues a \u00e9galement fait entrer dans le fonds permanent des \u0153uvres religieuses sculpt\u00e9es.<\/p>\n","protected":false},"author":1,"featured_media":5128,"comment_status":"closed","ping_status":"closed","sticky":false,"template":"","format":"standard","meta":{"_acf_changed":false,"_bbp_topic_count":0,"_bbp_reply_count":0,"_bbp_total_topic_count":0,"_bbp_total_reply_count":0,"_bbp_voice_count":0,"_bbp_anonymous_reply_count":0,"_bbp_topic_count_hidden":0,"_bbp_reply_count_hidden":0,"_bbp_forum_subforum_count":0,"iawp_total_views":16,"footnotes":""},"categories":[25,33],"tags":[55],"class_list":["post-5123","post","type-post","status-publish","format-standard","has-post-thumbnail","hentry","category-journal","category-restauration","tag-juin-2022"],"acf":[],"_links":{"self":[{"href":"http:\/\/www.musees-mediterranee.org\/index.php\/wp-json\/wp\/v2\/posts\/5123","targetHints":{"allow":["GET"]}}],"collection":[{"href":"http:\/\/www.musees-mediterranee.org\/index.php\/wp-json\/wp\/v2\/posts"}],"about":[{"href":"http:\/\/www.musees-mediterranee.org\/index.php\/wp-json\/wp\/v2\/types\/post"}],"author":[{"embeddable":true,"href":"http:\/\/www.musees-mediterranee.org\/index.php\/wp-json\/wp\/v2\/users\/1"}],"replies":[{"embeddable":true,"href":"http:\/\/www.musees-mediterranee.org\/index.php\/wp-json\/wp\/v2\/comments?post=5123"}],"version-history":[{"count":0,"href":"http:\/\/www.musees-mediterranee.org\/index.php\/wp-json\/wp\/v2\/posts\/5123\/revisions"}],"wp:featuredmedia":[{"embeddable":true,"href":"http:\/\/www.musees-mediterranee.org\/index.php\/wp-json\/wp\/v2\/media\/5128"}],"wp:attachment":[{"href":"http:\/\/www.musees-mediterranee.org\/index.php\/wp-json\/wp\/v2\/media?parent=5123"}],"wp:term":[{"taxonomy":"category","embeddable":true,"href":"http:\/\/www.musees-mediterranee.org\/index.php\/wp-json\/wp\/v2\/categories?post=5123"},{"taxonomy":"post_tag","embeddable":true,"href":"http:\/\/www.musees-mediterranee.org\/index.php\/wp-json\/wp\/v2\/tags?post=5123"}],"curies":[{"name":"wp","href":"https:\/\/api.w.org\/{rel}","templated":true}]}}