{"id":5025,"date":"2022-04-19T09:12:40","date_gmt":"2022-04-19T07:12:40","guid":{"rendered":"http:\/\/www.musees-mediterranee.org\/?p=5025"},"modified":"2023-06-20T11:46:17","modified_gmt":"2023-06-20T09:46:17","slug":"journee-detude-maisons-dartistes-maisons-dauteurs-la-maison-et-le-jardin-volet-iii-02-juin-2022","status":"publish","type":"post","link":"http:\/\/www.musees-mediterranee.org\/index.php\/2022\/04\/19\/journee-detude-maisons-dartistes-maisons-dauteurs-la-maison-et-le-jardin-volet-iii-02-juin-2022\/","title":{"rendered":"Journ\u00e9e d\u2019e\u0301tude<br\/> Maisons d\u2019artistes, maisons d\u2019auteurs :<br\/>la maison et le jardin<br\/>2 juin 2022"},"content":{"rendered":"\t\t<div data-elementor-type=\"wp-post\" data-elementor-id=\"5025\" class=\"elementor elementor-5025\" data-elementor-post-type=\"post\">\n\t\t\t\t\t\t<section class=\"elementor-section elementor-top-section elementor-element elementor-element-75111be elementor-section-boxed elementor-section-height-default elementor-section-height-default exad-glass-effect-no exad-sticky-section-no\" data-id=\"75111be\" data-element_type=\"section\" data-e-type=\"section\">\n\t\t\t\t\t\t<div class=\"elementor-container elementor-column-gap-default\">\n\t\t\t\t\t<div class=\"elementor-column elementor-col-100 elementor-top-column elementor-element elementor-element-7e1611f exad-glass-effect-no exad-sticky-section-no\" data-id=\"7e1611f\" data-element_type=\"column\" data-e-type=\"column\">\n\t\t\t<div class=\"elementor-widget-wrap elementor-element-populated\">\n\t\t\t\t\t\t<div class=\"elementor-element elementor-element-70b9d6a exad-sticky-section-no exad-glass-effect-no elementor-widget elementor-widget-text-editor\" data-id=\"70b9d6a\" data-element_type=\"widget\" data-e-type=\"widget\" data-widget_type=\"text-editor.default\">\n\t\t\t\t<div class=\"elementor-widget-container\">\n\t\t\t\t\t\t\t\t\t<p>Une journ\u00e9e d\u2019\u00e9tude intitul\u00e9e \u00ab <strong>Maisons d&#8217;artistes, maisons d&#8217;auteurs : la maison et le jardin (volet III)<\/strong> \u00bb organis\u00e9e par Mus\u00e9es M\u00e9diterran\u00e9e \u2013 Conservation et Valorisation en PACA, en partenariat avec le CNFPT, D\u00e9l\u00e9gation r\u00e9gionale PACA et la Ville de Toulon a eu lieu le <strong>jeudi 2 juin 2022 au Mus\u00e9e Jean Aicard \/ Paulin-Bertrand \u00e0 La Garde<\/strong>.<\/p><p>Apr\u00e8s une premi\u00e8re journ\u00e9e de ce cycle tenue \u00e0 la Villa K\u00e9rylos (Beaulieu-sur-Mer) en mars 2017, puis une deuxi\u00e8me \u00e0 l\u2019Atelier Renoir (Cagnes-sur-Mer) en septembre 2019, Mus\u00e9es M\u00e9diterran\u00e9e a programm\u00e9 un troisi\u00e8me temps consacr\u00e9 \u00e0 l&#8217;actualit\u00e9 des Maisons d&#8217;artistes et d&#8217;\u00e9crivains. Le th\u00e8me retenu pour 2022 est celui de la relation de l&#8217;artiste\/\u00e9crivain au jardin de sa maison, partie vivante du lieu de cr\u00e9ation et paysage changeant, au fil des saisons, de l&#8217;espace de l&#8217;intimit\u00e9 familiale et sociale.<\/p><p>Nous vous invitons \u00e0 t\u00e9l\u00e9charger le <a href=\"http:\/\/www.musees-mediterranee.org\/wp-content\/uploads\/2022\/04\/20220602_Programme_1.pdf\" target=\"_blank\" rel=\"noopener\">programme<\/a> de cette rencontre et \u00e0 consulter les <a href=\"http:\/\/www.musees-mediterranee.org\/wp-content\/uploads\/2022\/04\/20220602_Pre-actes.pdf\" target=\"_blank\" rel=\"noopener\">pr\u00e9-actes<\/a>.<\/p>\t\t\t\t\t\t\t\t<\/div>\n\t\t\t\t<\/div>\n\t\t\t\t\t<\/div>\n\t\t<\/div>\n\t\t\t\t\t<\/div>\n\t\t<\/section>\n\t\t\t\t<\/div>\n\t\t","protected":false},"excerpt":{"rendered":"<p>Une journ\u00e9e d\u2019\u00e9tude intitul\u00e9e \u00ab Maisons d&#8217;artistes, maisons d&#8217;auteurs : la maison et le jardin (volet III) \u00bb organis\u00e9e par Mus\u00e9es M\u00e9diterran\u00e9e \u2013 Conservation et Valorisation en PACA, en partenariat&hellip; <\/p>\n","protected":false},"author":1,"featured_media":0,"comment_status":"closed","ping_status":"closed","sticky":false,"template":"","format":"standard","meta":{"_acf_changed":false,"_bbp_topic_count":0,"_bbp_reply_count":0,"_bbp_total_topic_count":0,"_bbp_total_reply_count":0,"_bbp_voice_count":0,"_bbp_anonymous_reply_count":0,"_bbp_topic_count_hidden":0,"_bbp_reply_count_hidden":0,"_bbp_forum_subforum_count":0,"iawp_total_views":16,"footnotes":""},"categories":[48,4,53],"tags":[],"class_list":["post-5025","post","type-post","status-publish","format-standard","hentry","category-archive_reseau","category-journee-detude","category-reseau_2022"],"acf":[],"_links":{"self":[{"href":"http:\/\/www.musees-mediterranee.org\/index.php\/wp-json\/wp\/v2\/posts\/5025","targetHints":{"allow":["GET"]}}],"collection":[{"href":"http:\/\/www.musees-mediterranee.org\/index.php\/wp-json\/wp\/v2\/posts"}],"about":[{"href":"http:\/\/www.musees-mediterranee.org\/index.php\/wp-json\/wp\/v2\/types\/post"}],"author":[{"embeddable":true,"href":"http:\/\/www.musees-mediterranee.org\/index.php\/wp-json\/wp\/v2\/users\/1"}],"replies":[{"embeddable":true,"href":"http:\/\/www.musees-mediterranee.org\/index.php\/wp-json\/wp\/v2\/comments?post=5025"}],"version-history":[{"count":0,"href":"http:\/\/www.musees-mediterranee.org\/index.php\/wp-json\/wp\/v2\/posts\/5025\/revisions"}],"wp:attachment":[{"href":"http:\/\/www.musees-mediterranee.org\/index.php\/wp-json\/wp\/v2\/media?parent=5025"}],"wp:term":[{"taxonomy":"category","embeddable":true,"href":"http:\/\/www.musees-mediterranee.org\/index.php\/wp-json\/wp\/v2\/categories?post=5025"},{"taxonomy":"post_tag","embeddable":true,"href":"http:\/\/www.musees-mediterranee.org\/index.php\/wp-json\/wp\/v2\/tags?post=5025"}],"curies":[{"name":"wp","href":"https:\/\/api.w.org\/{rel}","templated":true}]}}