{"id":4761,"date":"2022-03-16T12:02:02","date_gmt":"2022-03-16T11:02:02","guid":{"rendered":"http:\/\/www.musees-mediterranee.org\/?p=4761"},"modified":"2022-05-18T11:30:09","modified_gmt":"2022-05-18T09:30:09","slug":"actes-de-la-journee-detude-les-fetes-regionales-des-collections-aux-pratiques-contemporaines","status":"publish","type":"post","link":"http:\/\/www.musees-mediterranee.org\/index.php\/2022\/03\/16\/actes-de-la-journee-detude-les-fetes-regionales-des-collections-aux-pratiques-contemporaines\/","title":{"rendered":"Actes de la journ\u00e9e d\u2019\u00e9tude<br\/>\u00ab Les f\u00eates r\u00e9gionales, des collections aux pratiques contemporaines \u00bb"},"content":{"rendered":"\t\t<div data-elementor-type=\"wp-post\" data-elementor-id=\"4761\" class=\"elementor elementor-4761\" data-elementor-post-type=\"post\">\n\t\t\t\t\t\t<section class=\"elementor-section elementor-top-section elementor-element elementor-element-8fb4e7e elementor-section-boxed elementor-section-height-default elementor-section-height-default exad-glass-effect-no exad-sticky-section-no\" data-id=\"8fb4e7e\" data-element_type=\"section\" data-e-type=\"section\">\n\t\t\t\t\t\t<div class=\"elementor-container elementor-column-gap-default\">\n\t\t\t\t\t<div class=\"elementor-column elementor-col-100 elementor-top-column elementor-element elementor-element-e366a40 exad-glass-effect-no exad-sticky-section-no\" data-id=\"e366a40\" data-element_type=\"column\" data-e-type=\"column\">\n\t\t\t<div class=\"elementor-widget-wrap elementor-element-populated\">\n\t\t\t\t\t\t<div class=\"elementor-element elementor-element-5b94777 exad-sticky-section-no exad-glass-effect-no elementor-widget elementor-widget-text-editor\" data-id=\"5b94777\" data-element_type=\"widget\" data-e-type=\"widget\" data-widget_type=\"text-editor.default\">\n\t\t\t\t<div class=\"elementor-widget-container\">\n\t\t\t\t\t\t\t\t\t<p>Une journ\u00e9e d\u2019\u00e9tude sur \u00ab Les f\u00eates r\u00e9gionales, des collections aux pratiques contemporaines \u00bb organis\u00e9e par l\u2019association Mus\u00e9es M\u00e9diterran\u00e9e et pilot\u00e9e par Antonin Chabert et Nicole Martin-Vignes, s\u2019est tenue le 30 janvier 2020 au mus\u00e9e d\u00e9partemental Arles antique.<\/p><p>Cette journ\u00e9e r\u00e9unissait des professionnels de mus\u00e9es, des ethnologues, ainsi que des acteurs des f\u00eates contemporaines de la R\u00e9gion Provence-Alpes-C\u00f4te d\u2019Azur.<\/p><p>Parmi les sujets abord\u00e9s, il a \u00e9t\u00e9 possible de r\u00e9unir quatre communications, qui constituent les Actes de cette rencontre que nous vous invitons \u00e0 consulter et \u00e0 t\u00e9l\u00e9charger \u00e0 <a href=\"http:\/\/www.musees-mediterranee.org\/index.php\/publications-numeriques\/\" target=\"_blank\" rel=\"noopener\"><span style=\"text-decoration: underline;\">ce lien<\/span><\/a>.<\/p>\t\t\t\t\t\t\t\t<\/div>\n\t\t\t\t<\/div>\n\t\t\t\t\t<\/div>\n\t\t<\/div>\n\t\t\t\t\t<\/div>\n\t\t<\/section>\n\t\t\t\t<section class=\"elementor-section elementor-top-section elementor-element elementor-element-2b5c565 elementor-section-boxed elementor-section-height-default elementor-section-height-default exad-glass-effect-no exad-sticky-section-no\" data-id=\"2b5c565\" data-element_type=\"section\" data-e-type=\"section\">\n\t\t\t\t\t\t<div class=\"elementor-container elementor-column-gap-default\">\n\t\t\t\t\t<div class=\"elementor-column elementor-col-100 elementor-top-column elementor-element elementor-element-0d0e945 exad-glass-effect-no exad-sticky-section-no\" data-id=\"0d0e945\" data-element_type=\"column\" data-e-type=\"column\">\n\t\t\t<div class=\"elementor-widget-wrap elementor-element-populated\">\n\t\t\t\t\t\t<div class=\"elementor-element elementor-element-390ac20 exad-sticky-section-no exad-glass-effect-no elementor-widget elementor-widget-image\" data-id=\"390ac20\" data-element_type=\"widget\" data-e-type=\"widget\" data-widget_type=\"image.default\">\n\t\t\t\t<div class=\"elementor-widget-container\">\n\t\t\t\t\t\t\t\t\t\t\t\t<figure class=\"wp-caption\">\n\t\t\t\t\t\t\t\t\t\t\t<a href=\"http:\/\/www.musees-mediterranee.org\/wp-content\/uploads\/2022\/03\/20200130_3.jpg\" data-elementor-open-lightbox=\"yes\" data-e-action-hash=\"#elementor-action%3Aaction%3Dlightbox%26settings%3DeyJpZCI6NDM5NSwidXJsIjoiaHR0cDpcL1wvd3d3Lm11c2Vlcy1tZWRpdGVycmFuZWUub3JnXC93cC1jb250ZW50XC91cGxvYWRzXC8yMDIyXC8wM1wvMjAyMDAxMzBfMy5qcGcifQ%3D%3D\">\n\t\t\t\t\t\t\t<img fetchpriority=\"high\" decoding=\"async\" width=\"1200\" height=\"858\" src=\"http:\/\/www.musees-mediterranee.org\/wp-content\/uploads\/2022\/03\/20200130_3.jpg\" class=\"attachment-full size-full wp-image-4395\" alt=\"\" srcset=\"http:\/\/www.musees-mediterranee.org\/wp-content\/uploads\/2022\/03\/20200130_3.jpg 1200w, http:\/\/www.musees-mediterranee.org\/wp-content\/uploads\/2022\/03\/20200130_3-300x215.jpg 300w, http:\/\/www.musees-mediterranee.org\/wp-content\/uploads\/2022\/03\/20200130_3-1024x732.jpg 1024w, http:\/\/www.musees-mediterranee.org\/wp-content\/uploads\/2022\/03\/20200130_3-768x549.jpg 768w\" sizes=\"(max-width: 1200px) 100vw, 1200px\" \/>\t\t\t\t\t\t\t\t<\/a>\n\t\t\t\t\t\t\t\t\t\t\t<figcaption class=\"widget-image-caption wp-caption-text\">Festo vierginenco au th\u00e9\u00e2tre antique d\u2019Arles, 1903<br \/>\u00a9 S. Normand \u2013 Museon Arlaten-mus\u00e9e de Provence<\/figcaption>\n\t\t\t\t\t\t\t\t\t\t<\/figure>\n\t\t\t\t\t\t\t\t\t<\/div>\n\t\t\t\t<\/div>\n\t\t\t\t\t<\/div>\n\t\t<\/div>\n\t\t\t\t\t<\/div>\n\t\t<\/section>\n\t\t\t\t<\/div>\n\t\t","protected":false},"excerpt":{"rendered":"<p>Une journ\u00e9e d\u2019\u00e9tude sur \u00ab Les f\u00eates r\u00e9gionales, des collections aux pratiques contemporaines \u00bb organis\u00e9e par l\u2019association Mus\u00e9es M\u00e9diterran\u00e9e et pilot\u00e9e par Antonin Chabert et Nicole Martin-Vignes, s\u2019est tenue le&hellip; <\/p>\n","protected":false},"author":1,"featured_media":4395,"comment_status":"closed","ping_status":"closed","sticky":false,"template":"","format":"standard","meta":{"_acf_changed":false,"_bbp_topic_count":0,"_bbp_reply_count":0,"_bbp_total_topic_count":0,"_bbp_total_reply_count":0,"_bbp_voice_count":0,"_bbp_anonymous_reply_count":0,"_bbp_topic_count_hidden":0,"_bbp_reply_count_hidden":0,"_bbp_forum_subforum_count":0,"iawp_total_views":7,"footnotes":""},"categories":[26,25,43],"tags":[52],"class_list":["post-4761","post","type-post","status-publish","format-standard","has-post-thumbnail","hentry","category-breves","category-journal","category-reseau-musees","tag-mars-2022"],"acf":[],"_links":{"self":[{"href":"http:\/\/www.musees-mediterranee.org\/index.php\/wp-json\/wp\/v2\/posts\/4761","targetHints":{"allow":["GET"]}}],"collection":[{"href":"http:\/\/www.musees-mediterranee.org\/index.php\/wp-json\/wp\/v2\/posts"}],"about":[{"href":"http:\/\/www.musees-mediterranee.org\/index.php\/wp-json\/wp\/v2\/types\/post"}],"author":[{"embeddable":true,"href":"http:\/\/www.musees-mediterranee.org\/index.php\/wp-json\/wp\/v2\/users\/1"}],"replies":[{"embeddable":true,"href":"http:\/\/www.musees-mediterranee.org\/index.php\/wp-json\/wp\/v2\/comments?post=4761"}],"version-history":[{"count":0,"href":"http:\/\/www.musees-mediterranee.org\/index.php\/wp-json\/wp\/v2\/posts\/4761\/revisions"}],"wp:featuredmedia":[{"embeddable":true,"href":"http:\/\/www.musees-mediterranee.org\/index.php\/wp-json\/wp\/v2\/media\/4395"}],"wp:attachment":[{"href":"http:\/\/www.musees-mediterranee.org\/index.php\/wp-json\/wp\/v2\/media?parent=4761"}],"wp:term":[{"taxonomy":"category","embeddable":true,"href":"http:\/\/www.musees-mediterranee.org\/index.php\/wp-json\/wp\/v2\/categories?post=4761"},{"taxonomy":"post_tag","embeddable":true,"href":"http:\/\/www.musees-mediterranee.org\/index.php\/wp-json\/wp\/v2\/tags?post=4761"}],"curies":[{"name":"wp","href":"https:\/\/api.w.org\/{rel}","templated":true}]}}