{"id":4058,"date":"2022-01-25T10:11:43","date_gmt":"2022-01-25T09:11:43","guid":{"rendered":"http:\/\/www.musees-mediterranee.org\/?p=4058"},"modified":"2022-01-26T08:59:41","modified_gmt":"2022-01-26T07:59:41","slug":"la-rotta-dei-fenici-itineraire-culturel-du-conseil-de-leurope-partenaire-de-musees-mediterranee","status":"publish","type":"post","link":"http:\/\/www.musees-mediterranee.org\/index.php\/2022\/01\/25\/la-rotta-dei-fenici-itineraire-culturel-du-conseil-de-leurope-partenaire-de-musees-mediterranee\/","title":{"rendered":"La Rotta dei Fenici \u2013 Itin\u00e9raire Culturel du Conseil de l\u2019Europe, partenaire de Mus\u00e9es M\u00e9diterran\u00e9e"},"content":{"rendered":"\t\t<div data-elementor-type=\"wp-post\" data-elementor-id=\"4058\" class=\"elementor elementor-4058\" data-elementor-post-type=\"post\">\n\t\t\t\t\t\t<section class=\"elementor-section elementor-top-section elementor-element elementor-element-2ca2565 elementor-section-boxed elementor-section-height-default elementor-section-height-default exad-glass-effect-no exad-sticky-section-no\" data-id=\"2ca2565\" data-element_type=\"section\" data-e-type=\"section\">\n\t\t\t\t\t\t<div class=\"elementor-container elementor-column-gap-default\">\n\t\t\t\t\t<div class=\"elementor-column elementor-col-100 elementor-top-column elementor-element elementor-element-a0f09f0 exad-glass-effect-no exad-sticky-section-no\" data-id=\"a0f09f0\" data-element_type=\"column\" data-e-type=\"column\">\n\t\t\t<div class=\"elementor-widget-wrap elementor-element-populated\">\n\t\t\t\t\t\t<div class=\"elementor-element elementor-element-e1a90d4 exad-sticky-section-no exad-glass-effect-no elementor-widget elementor-widget-image\" data-id=\"e1a90d4\" data-element_type=\"widget\" data-e-type=\"widget\" data-widget_type=\"image.default\">\n\t\t\t\t<div class=\"elementor-widget-container\">\n\t\t\t\t\t\t\t\t\t\t\t\t<figure class=\"wp-caption\">\n\t\t\t\t\t\t\t\t\t\t\t<a href=\"http:\/\/www.musees-mediterranee.org\/wp-content\/uploads\/2022\/01\/RdF-sito.jpg\" data-elementor-open-lightbox=\"yes\" data-e-action-hash=\"#elementor-action%3Aaction%3Dlightbox%26settings%3DeyJpZCI6NDA2MCwidXJsIjoiaHR0cDpcL1wvd3d3Lm11c2Vlcy1tZWRpdGVycmFuZWUub3JnXC93cC1jb250ZW50XC91cGxvYWRzXC8yMDIyXC8wMVwvUmRGLXNpdG8uanBnIn0%3D\">\n\t\t\t\t\t\t\t<img fetchpriority=\"high\" decoding=\"async\" width=\"1880\" height=\"778\" src=\"http:\/\/www.musees-mediterranee.org\/wp-content\/uploads\/2022\/01\/RdF-sito.jpg\" class=\"attachment-full size-full wp-image-4060\" alt=\"\" srcset=\"http:\/\/www.musees-mediterranee.org\/wp-content\/uploads\/2022\/01\/RdF-sito.jpg 1880w, http:\/\/www.musees-mediterranee.org\/wp-content\/uploads\/2022\/01\/RdF-sito-300x124.jpg 300w, http:\/\/www.musees-mediterranee.org\/wp-content\/uploads\/2022\/01\/RdF-sito-1024x424.jpg 1024w, http:\/\/www.musees-mediterranee.org\/wp-content\/uploads\/2022\/01\/RdF-sito-768x318.jpg 768w, http:\/\/www.musees-mediterranee.org\/wp-content\/uploads\/2022\/01\/RdF-sito-1536x636.jpg 1536w, http:\/\/www.musees-mediterranee.org\/wp-content\/uploads\/2022\/01\/RdF-sito-700x290.jpg 700w, http:\/\/www.musees-mediterranee.org\/wp-content\/uploads\/2022\/01\/RdF-sito-1320x546.jpg 1320w\" sizes=\"(max-width: 1880px) 100vw, 1880px\" \/>\t\t\t\t\t\t\t\t<\/a>\n\t\t\t\t\t\t\t\t\t\t\t<figcaption class=\"widget-image-caption wp-caption-text\">Capture d'\u00e9cran du site internet de la <a href=\"https:\/\/www.coe.int\/fr\/web\/cultural-routes\/the-phoenicians-route\" target=\"_blank\" rel=\"noopener\"><i>Rotta dei Fenici<\/i> <\/a><\/figcaption>\n\t\t\t\t\t\t\t\t\t\t<\/figure>\n\t\t\t\t\t\t\t\t\t<\/div>\n\t\t\t\t<\/div>\n\t\t\t\t\t<\/div>\n\t\t<\/div>\n\t\t\t\t\t<\/div>\n\t\t<\/section>\n\t\t\t\t<section class=\"elementor-section elementor-top-section elementor-element elementor-element-15626cc elementor-section-boxed elementor-section-height-default elementor-section-height-default exad-glass-effect-no exad-sticky-section-no\" data-id=\"15626cc\" data-element_type=\"section\" data-e-type=\"section\">\n\t\t\t\t\t\t<div class=\"elementor-container elementor-column-gap-default\">\n\t\t\t\t\t<div class=\"elementor-column elementor-col-100 elementor-top-column elementor-element elementor-element-c2296ea exad-glass-effect-no exad-sticky-section-no\" data-id=\"c2296ea\" data-element_type=\"column\" data-e-type=\"column\">\n\t\t\t<div class=\"elementor-widget-wrap elementor-element-populated\">\n\t\t\t\t\t\t<div class=\"elementor-element elementor-element-1fec170 exad-sticky-section-no exad-glass-effect-no elementor-widget elementor-widget-text-editor\" data-id=\"1fec170\" data-element_type=\"widget\" data-e-type=\"widget\" data-widget_type=\"text-editor.default\">\n\t\t\t\t<div class=\"elementor-widget-container\">\n\t\t\t\t\t\t\t\t\t<strong>Quelques rappels historiques du Programme des Itin\u00e9raires Culturels<\/strong>\nLe programme des Itin\u00e9raires culturels a \u00e9t\u00e9 lanc\u00e9 par le Conseil de l&#8217;Europe en 1987 avec la D\u00e9claration de Saint-Jacques de Compostelle et sera soutenu d\u00e8s 1997 par l\u2019Institut Europ\u00e9en des Itin\u00e9raires Culturels &#8211; IEIC. Depuis 2010, l\u2019Accord Partiel \u00e9largi g\u00e8re le programme. L&#8217;objectif de ces <a href=\"https:\/\/www.coe.int\/fr\/web\/cultural-routes\/about\" target=\"_blank\" rel=\"noopener\">Itin\u00e9raires Culturels du Conseil de l\u2019Europe &#8211; ICCE<\/a>, est de \u00ab d\u00e9montrer, \u00e0 travers le voyage dans l&#8217;espace et dans le temps, que le patrimoine des diff\u00e9rents pays d&#8217;Europe et leur culture contribuent au patrimoine culturel commun. \u00bb\t\t\t\t\t\t\t\t<\/div>\n\t\t\t\t<\/div>\n\t\t\t\t\t<\/div>\n\t\t<\/div>\n\t\t\t\t\t<\/div>\n\t\t<\/section>\n\t\t\t\t<section class=\"elementor-section elementor-top-section elementor-element elementor-element-b727e19 elementor-section-boxed elementor-section-height-default elementor-section-height-default exad-glass-effect-no exad-sticky-section-no\" data-id=\"b727e19\" data-element_type=\"section\" data-e-type=\"section\">\n\t\t\t\t\t\t<div class=\"elementor-container elementor-column-gap-default\">\n\t\t\t\t\t<div class=\"elementor-column elementor-col-100 elementor-top-column elementor-element elementor-element-e569bbb exad-glass-effect-no exad-sticky-section-no\" data-id=\"e569bbb\" data-element_type=\"column\" data-e-type=\"column\">\n\t\t\t<div class=\"elementor-widget-wrap elementor-element-populated\">\n\t\t\t\t\t\t<div class=\"elementor-element elementor-element-8178a29 exad-sticky-section-no exad-glass-effect-no elementor-widget elementor-widget-text-editor\" data-id=\"8178a29\" data-element_type=\"widget\" data-e-type=\"widget\" data-widget_type=\"text-editor.default\">\n\t\t\t\t<div class=\"elementor-widget-container\">\n\t\t\t\t\t\t\t\t\t<p><strong>La Route des Ph\u00e9niciens devient un ICCE, l\u2019Itin\u00e9raire du Dialogue Interculturel, un r\u00e9seau de r\u00e9seaux<\/strong><br \/>En 1994, l\u2019id\u00e9e de la Route des Ph\u00e9niciens est propos\u00e9e par le minist\u00e8re du tourisme italien de l\u2019\u00e9poque. En 2003, le th\u00e8me est retenu, la Rotta dei Fenici est admise parmi les ICCE. <br \/>Aujourd\u2019hui, la Route des Ph\u00e9niciens repr\u00e9sente un mod\u00e8le d\u2019interculturalit\u00e9 qui vise \u00e0 promouvoir la culture m\u00e9diterran\u00e9enne et \u00e0 renforcer les liens, entre les territoires, existant depuis l\u2019Antiquit\u00e9. Elle se base sur les relations sociales, historiques et culturelles \u00e9tablies tout au long des routes maritimes et des comptoirs fond\u00e9s. <br \/>L\u2019itin\u00e9raire entend valoriser l\u2019ensemble des territoires int\u00e9ress\u00e9s \u00e0 travers la coop\u00e9ration entre les institutions priv\u00e9es et publiques d\u00e9sireuses de contribuer \u00e0 son d\u00e9veloppement. <br \/>Un des axes de valorisation choisi est le d\u00e9veloppement de<strong> Smart Ways &#8211; \u00ab parcours d\u2019excellence \u00bb<\/strong>, entendu comme des collecteurs de patrimoines et de services sp\u00e9cifiques, d\u00e9veloppant une identit\u00e9 qualitative du territoire. Les <strong>centres d\u2019interpr\u00e9tation du patrimoine<\/strong>, cr\u00e9\u00e9s en r\u00e9seau le long de ces parcours, sont des incubateurs de cr\u00e9ativit\u00e9 et points de rencontre entre les voyageurs et les communaut\u00e9s.<\/p>\t\t\t\t\t\t\t\t<\/div>\n\t\t\t\t<\/div>\n\t\t\t\t\t<\/div>\n\t\t<\/div>\n\t\t\t\t\t<\/div>\n\t\t<\/section>\n\t\t\t\t<section class=\"elementor-section elementor-top-section elementor-element elementor-element-169852e elementor-section-boxed elementor-section-height-default elementor-section-height-default exad-glass-effect-no exad-sticky-section-no\" data-id=\"169852e\" data-element_type=\"section\" data-e-type=\"section\">\n\t\t\t\t\t\t<div class=\"elementor-container elementor-column-gap-default\">\n\t\t\t\t\t<div class=\"elementor-column elementor-col-100 elementor-top-column elementor-element elementor-element-76a0e9a exad-glass-effect-no exad-sticky-section-no\" data-id=\"76a0e9a\" data-element_type=\"column\" data-e-type=\"column\">\n\t\t\t<div class=\"elementor-widget-wrap elementor-element-populated\">\n\t\t\t\t\t\t<div class=\"elementor-element elementor-element-659e059 exad-sticky-section-no exad-glass-effect-no elementor-widget elementor-widget-image\" data-id=\"659e059\" data-element_type=\"widget\" data-e-type=\"widget\" data-widget_type=\"image.default\">\n\t\t\t\t<div class=\"elementor-widget-container\">\n\t\t\t\t\t\t\t\t\t\t\t\t<figure class=\"wp-caption\">\n\t\t\t\t\t\t\t\t\t\t\t<a href=\"http:\/\/www.musees-mediterranee.org\/wp-content\/uploads\/2022\/01\/rotta-dei-fenici-00006.jpg\" data-elementor-open-lightbox=\"yes\" data-e-action-hash=\"#elementor-action%3Aaction%3Dlightbox%26settings%3DeyJpZCI6NDA2MiwidXJsIjoiaHR0cDpcL1wvd3d3Lm11c2Vlcy1tZWRpdGVycmFuZWUub3JnXC93cC1jb250ZW50XC91cGxvYWRzXC8yMDIyXC8wMVwvcm90dGEtZGVpLWZlbmljaS0wMDAwNi5qcGcifQ%3D%3D\">\n\t\t\t\t\t\t\t<img decoding=\"async\" width=\"1680\" height=\"945\" src=\"http:\/\/www.musees-mediterranee.org\/wp-content\/uploads\/2022\/01\/rotta-dei-fenici-00006.jpg\" class=\"attachment-full size-full wp-image-4062\" alt=\"\" srcset=\"http:\/\/www.musees-mediterranee.org\/wp-content\/uploads\/2022\/01\/rotta-dei-fenici-00006.jpg 1680w, http:\/\/www.musees-mediterranee.org\/wp-content\/uploads\/2022\/01\/rotta-dei-fenici-00006-300x169.jpg 300w, http:\/\/www.musees-mediterranee.org\/wp-content\/uploads\/2022\/01\/rotta-dei-fenici-00006-1024x576.jpg 1024w, http:\/\/www.musees-mediterranee.org\/wp-content\/uploads\/2022\/01\/rotta-dei-fenici-00006-768x432.jpg 768w, http:\/\/www.musees-mediterranee.org\/wp-content\/uploads\/2022\/01\/rotta-dei-fenici-00006-1536x864.jpg 1536w, http:\/\/www.musees-mediterranee.org\/wp-content\/uploads\/2022\/01\/rotta-dei-fenici-00006-1320x743.jpg 1320w\" sizes=\"(max-width: 1680px) 100vw, 1680px\" \/>\t\t\t\t\t\t\t\t<\/a>\n\t\t\t\t\t\t\t\t\t\t\t<figcaption class=\"widget-image-caption wp-caption-text\">\u00cele de Mozia en Sicile, Archive <i>Rotta dei Fenici<\/i><\/figcaption>\n\t\t\t\t\t\t\t\t\t\t<\/figure>\n\t\t\t\t\t\t\t\t\t<\/div>\n\t\t\t\t<\/div>\n\t\t\t\t\t<\/div>\n\t\t<\/div>\n\t\t\t\t\t<\/div>\n\t\t<\/section>\n\t\t\t\t<section class=\"elementor-section elementor-top-section elementor-element elementor-element-8171675 elementor-section-boxed elementor-section-height-default elementor-section-height-default exad-glass-effect-no exad-sticky-section-no\" data-id=\"8171675\" data-element_type=\"section\" data-e-type=\"section\">\n\t\t\t\t\t\t<div class=\"elementor-container elementor-column-gap-default\">\n\t\t\t\t\t<div class=\"elementor-column elementor-col-100 elementor-top-column elementor-element elementor-element-11a7378 exad-glass-effect-no exad-sticky-section-no\" data-id=\"11a7378\" data-element_type=\"column\" data-e-type=\"column\">\n\t\t\t<div class=\"elementor-widget-wrap elementor-element-populated\">\n\t\t\t\t\t\t<div class=\"elementor-element elementor-element-c80b910 exad-sticky-section-no exad-glass-effect-no elementor-widget elementor-widget-text-editor\" data-id=\"c80b910\" data-element_type=\"widget\" data-e-type=\"widget\" data-widget_type=\"text-editor.default\">\n\t\t\t\t<div class=\"elementor-widget-container\">\n\t\t\t\t\t\t\t\t\t<p><strong>Mus\u00e9es M\u00e9diterran\u00e9e, partenaire de la Rotta dei Fenici ; la Route des mus\u00e9es arch\u00e9ologiques<\/strong><br \/>C\u2019est au regard de cette m\u00e9thodologie que s\u2019est orient\u00e9 le partenariat mis en place depuis 2016 entre Mus\u00e9es M\u00e9diterran\u00e9e et la Route des Ph\u00e9niciens : une <a href=\"http:\/\/www.musees-mediterranee.org\/portail\/carte\/index.php?carte=1\" target=\"_blank\" rel=\"noopener\">Route des Mus\u00e9es d\u2019arch\u00e9ologie<\/a> valorisant notamment les collections protohistoriques des mus\u00e9es partenaires de l\u2019itin\u00e9raire.<br \/>Cette route s\u2019appuie sur une carte \u00e9lectronique des mus\u00e9es d\u00e9j\u00e0 r\u00e9alis\u00e9e par Mus\u00e9es M\u00e9diterran\u00e9e depuis 2011 et dont le partenariat avec l\u2019itin\u00e9raire permet une r\u00e9actualisation.<\/p>\t\t\t\t\t\t\t\t<\/div>\n\t\t\t\t<\/div>\n\t\t\t\t\t<\/div>\n\t\t<\/div>\n\t\t\t\t\t<\/div>\n\t\t<\/section>\n\t\t\t\t<section class=\"elementor-section elementor-top-section elementor-element elementor-element-4ac46c0 elementor-section-boxed elementor-section-height-default elementor-section-height-default exad-glass-effect-no exad-sticky-section-no\" data-id=\"4ac46c0\" data-element_type=\"section\" data-e-type=\"section\">\n\t\t\t\t\t\t<div class=\"elementor-container elementor-column-gap-default\">\n\t\t\t\t\t<div class=\"elementor-column elementor-col-50 elementor-top-column elementor-element elementor-element-cfb2d39 exad-glass-effect-no exad-sticky-section-no\" data-id=\"cfb2d39\" data-element_type=\"column\" data-e-type=\"column\">\n\t\t\t<div class=\"elementor-widget-wrap elementor-element-populated\">\n\t\t\t\t\t\t<div class=\"elementor-element elementor-element-7d13482 exad-sticky-section-no exad-glass-effect-no elementor-widget elementor-widget-image\" data-id=\"7d13482\" data-element_type=\"widget\" data-e-type=\"widget\" data-widget_type=\"image.default\">\n\t\t\t\t<div class=\"elementor-widget-container\">\n\t\t\t\t\t\t\t\t\t\t\t\t<figure class=\"wp-caption\">\n\t\t\t\t\t\t\t\t\t\t\t<a href=\"http:\/\/www.musees-mediterranee.org\/wp-content\/uploads\/2022\/01\/RdF-Iter-Vitis-Awards-25-1024x683-1.jpg\" data-elementor-open-lightbox=\"yes\" data-e-action-hash=\"#elementor-action%3Aaction%3Dlightbox%26settings%3DeyJpZCI6NDA2MSwidXJsIjoiaHR0cDpcL1wvd3d3Lm11c2Vlcy1tZWRpdGVycmFuZWUub3JnXC93cC1jb250ZW50XC91cGxvYWRzXC8yMDIyXC8wMVwvUmRGLUl0ZXItVml0aXMtQXdhcmRzLTI1LTEwMjR4NjgzLTEuanBnIn0%3D\">\n\t\t\t\t\t\t\t<img decoding=\"async\" width=\"700\" height=\"467\" src=\"http:\/\/www.musees-mediterranee.org\/wp-content\/uploads\/2022\/01\/RdF-Iter-Vitis-Awards-25-1024x683-1.jpg\" class=\"attachment-large size-large wp-image-4061\" alt=\"\" srcset=\"http:\/\/www.musees-mediterranee.org\/wp-content\/uploads\/2022\/01\/RdF-Iter-Vitis-Awards-25-1024x683-1.jpg 1024w, http:\/\/www.musees-mediterranee.org\/wp-content\/uploads\/2022\/01\/RdF-Iter-Vitis-Awards-25-1024x683-1-300x200.jpg 300w, http:\/\/www.musees-mediterranee.org\/wp-content\/uploads\/2022\/01\/RdF-Iter-Vitis-Awards-25-1024x683-1-768x512.jpg 768w\" sizes=\"(max-width: 700px) 100vw, 700px\" \/>\t\t\t\t\t\t\t\t<\/a>\n\t\t\t\t\t\t\t\t\t\t\t<figcaption class=\"widget-image-caption wp-caption-text\">Remise du prix <i \/>Rotta dei Fenici-Iter Vitis<\/i>,<br \/>  23 octobre 2021<br \/>  Lucienne Del'Furia, Conservateure en chef du patrimoine, Directrice du mus\u00e9e Ziem \u00e0 Martigues, vice-pr\u00e9sidente de Mus\u00e9es M\u00e9diterran\u00e9e et Antonio Barone, Directeur de la Route des Ph\u00e9niciens<br \/>  Flavio Leone photographie<\/figcaption>\n\t\t\t\t\t\t\t\t\t\t<\/figure>\n\t\t\t\t\t\t\t\t\t<\/div>\n\t\t\t\t<\/div>\n\t\t\t\t\t<\/div>\n\t\t<\/div>\n\t\t\t\t<div class=\"elementor-column elementor-col-50 elementor-top-column elementor-element elementor-element-dca8454 exad-glass-effect-no exad-sticky-section-no\" data-id=\"dca8454\" data-element_type=\"column\" data-e-type=\"column\">\n\t\t\t<div class=\"elementor-widget-wrap elementor-element-populated\">\n\t\t\t\t\t\t<div class=\"elementor-element elementor-element-55bad51 exad-sticky-section-no exad-glass-effect-no elementor-widget elementor-widget-text-editor\" data-id=\"55bad51\" data-element_type=\"widget\" data-e-type=\"widget\" data-widget_type=\"text-editor.default\">\n\t\t\t\t<div class=\"elementor-widget-container\">\n\t\t\t\t\t\t\t\t\t<p>Cette carte arch\u00e9ologique a d\u2019ailleurs \u00e9t\u00e9 choisie pour illustrer la Route des Ph\u00e9niciens dans le projet de publication sur les itin\u00e9raires culturels europ\u00e9ens qui traversent la France. La publication sera distribu\u00e9e lors des \u00e9v\u00e9nements qui se tiendront au 1er semestre 2022, dans le cadre de la Pr\u00e9sidence fran\u00e7aise de l\u2019Union europ\u00e9enne.<\/p><p>Ces initiatives ont permis \u00e0 Mus\u00e9es M\u00e9diterran\u00e9e de recevoir le<a href=\"https:\/\/fenici.net\/fr\/international-awards-iter-vitis-la-route-des-pheniciens\/8737\/\" target=\"_blank\" rel=\"noopener\"> prix Rotta dei Fenici-Iter Vitis<\/a>.<\/p>\t\t\t\t\t\t\t\t<\/div>\n\t\t\t\t<\/div>\n\t\t\t\t\t<\/div>\n\t\t<\/div>\n\t\t\t\t\t<\/div>\n\t\t<\/section>\n\t\t\t\t<section class=\"elementor-section elementor-top-section elementor-element elementor-element-3224577 elementor-section-boxed elementor-section-height-default elementor-section-height-default exad-glass-effect-no exad-sticky-section-no\" data-id=\"3224577\" data-element_type=\"section\" data-e-type=\"section\">\n\t\t\t\t\t\t<div class=\"elementor-container elementor-column-gap-default\">\n\t\t\t\t\t<div class=\"elementor-column elementor-col-100 elementor-top-column elementor-element elementor-element-79d0898 exad-glass-effect-no exad-sticky-section-no\" data-id=\"79d0898\" data-element_type=\"column\" data-e-type=\"column\">\n\t\t\t<div class=\"elementor-widget-wrap elementor-element-populated\">\n\t\t\t\t\t\t<div class=\"elementor-element elementor-element-8193cb0 exad-sticky-section-no exad-glass-effect-no elementor-widget elementor-widget-text-editor\" data-id=\"8193cb0\" data-element_type=\"widget\" data-e-type=\"widget\" data-widget_type=\"text-editor.default\">\n\t\t\t\t<div class=\"elementor-widget-container\">\n\t\t\t\t\t\t\t\t\t<p>Les acteurs culturels et touristiques peuvent donc s\u2019appuyer sur ces parcours th\u00e9matiques favorisant un tourisme culturel et responsable. Les mus\u00e9es, en dehors des parcours traditionnels, sont ainsi valoris\u00e9s suscitant l\u2019int\u00e9r\u00eat des voyageurs.<\/p>\t\t\t\t\t\t\t\t<\/div>\n\t\t\t\t<\/div>\n\t\t\t\t\t<\/div>\n\t\t<\/div>\n\t\t\t\t\t<\/div>\n\t\t<\/section>\n\t\t\t\t<section class=\"elementor-section elementor-top-section elementor-element elementor-element-7afedb5 animated-slow elementor-section-boxed elementor-section-height-default elementor-section-height-default exad-glass-effect-no exad-sticky-section-no elementor-invisible\" data-id=\"7afedb5\" data-element_type=\"section\" data-e-type=\"section\" data-settings=\"{&quot;animation&quot;:&quot;fadeInRight&quot;}\">\n\t\t\t\t\t\t<div class=\"elementor-container elementor-column-gap-default\">\n\t\t\t\t\t<div class=\"elementor-column elementor-col-100 elementor-top-column elementor-element elementor-element-488986d exad-glass-effect-no exad-sticky-section-no\" data-id=\"488986d\" data-element_type=\"column\" data-e-type=\"column\">\n\t\t\t<div class=\"elementor-widget-wrap elementor-element-populated\">\n\t\t\t\t\t\t<div class=\"elementor-element elementor-element-9f65658 exad-sticky-section-no exad-glass-effect-no elementor-widget elementor-widget-text-editor\" data-id=\"9f65658\" data-element_type=\"widget\" data-e-type=\"widget\" data-widget_type=\"text-editor.default\">\n\t\t\t\t<div class=\"elementor-widget-container\">\n\t\t\t\t\t\t\t\t\t<p><a href=\"http:\/\/www.musees-mediterranee.org\/index.php\/2022\/01\/19\/la-route-des-pheniciens-et-le-double-shekel-du-roi-adremelek-de-byblos\/\">La \u00ab Route des Ph\u00e9niciens \u00bb et le double-shekel du roi Adremelek de Byblos<\/a><\/p>\t\t\t\t\t\t\t\t<\/div>\n\t\t\t\t<\/div>\n\t\t\t\t\t<\/div>\n\t\t<\/div>\n\t\t\t\t\t<\/div>\n\t\t<\/section>\n\t\t\t\t<\/div>\n\t\t","protected":false},"excerpt":{"rendered":"<p>Le programme des Itin\u00e9raires culturels a \u00e9t\u00e9 lanc\u00e9 par le Conseil de l\u2019Europe en 1987 &#8230;<\/p>\n","protected":false},"author":1,"featured_media":4060,"comment_status":"closed","ping_status":"closed","sticky":false,"template":"","format":"standard","meta":{"_acf_changed":false,"_bbp_topic_count":0,"_bbp_reply_count":0,"_bbp_total_topic_count":0,"_bbp_total_reply_count":0,"_bbp_voice_count":0,"_bbp_anonymous_reply_count":0,"_bbp_topic_count_hidden":0,"_bbp_reply_count_hidden":0,"_bbp_forum_subforum_count":0,"iawp_total_views":14,"footnotes":""},"categories":[25,43],"tags":[49],"class_list":["post-4058","post","type-post","status-publish","format-standard","has-post-thumbnail","hentry","category-journal","category-reseau-musees","tag-janvier-2022"],"acf":[],"_links":{"self":[{"href":"http:\/\/www.musees-mediterranee.org\/index.php\/wp-json\/wp\/v2\/posts\/4058","targetHints":{"allow":["GET"]}}],"collection":[{"href":"http:\/\/www.musees-mediterranee.org\/index.php\/wp-json\/wp\/v2\/posts"}],"about":[{"href":"http:\/\/www.musees-mediterranee.org\/index.php\/wp-json\/wp\/v2\/types\/post"}],"author":[{"embeddable":true,"href":"http:\/\/www.musees-mediterranee.org\/index.php\/wp-json\/wp\/v2\/users\/1"}],"replies":[{"embeddable":true,"href":"http:\/\/www.musees-mediterranee.org\/index.php\/wp-json\/wp\/v2\/comments?post=4058"}],"version-history":[{"count":0,"href":"http:\/\/www.musees-mediterranee.org\/index.php\/wp-json\/wp\/v2\/posts\/4058\/revisions"}],"wp:featuredmedia":[{"embeddable":true,"href":"http:\/\/www.musees-mediterranee.org\/index.php\/wp-json\/wp\/v2\/media\/4060"}],"wp:attachment":[{"href":"http:\/\/www.musees-mediterranee.org\/index.php\/wp-json\/wp\/v2\/media?parent=4058"}],"wp:term":[{"taxonomy":"category","embeddable":true,"href":"http:\/\/www.musees-mediterranee.org\/index.php\/wp-json\/wp\/v2\/categories?post=4058"},{"taxonomy":"post_tag","embeddable":true,"href":"http:\/\/www.musees-mediterranee.org\/index.php\/wp-json\/wp\/v2\/tags?post=4058"}],"curies":[{"name":"wp","href":"https:\/\/api.w.org\/{rel}","templated":true}]}}