{"id":3950,"date":"2022-01-19T09:18:10","date_gmt":"2022-01-19T08:18:10","guid":{"rendered":"http:\/\/www.musees-mediterranee.org\/?p=3950"},"modified":"2022-01-25T11:15:51","modified_gmt":"2022-01-25T10:15:51","slug":"les-affiches-chinoises-du-musee-departemental-des-arts-asiatiques-a-nice","status":"publish","type":"post","link":"http:\/\/www.musees-mediterranee.org\/index.php\/2022\/01\/19\/les-affiches-chinoises-du-musee-departemental-des-arts-asiatiques-a-nice\/","title":{"rendered":"Les affiches chinoises du mus\u00e9e d\u00e9partemental des arts asiatiques \u00e0 Nice"},"content":{"rendered":"\t\t<div data-elementor-type=\"wp-post\" data-elementor-id=\"3950\" class=\"elementor elementor-3950\" data-elementor-post-type=\"post\">\n\t\t\t\t\t\t<section class=\"elementor-section elementor-top-section elementor-element elementor-element-d282a17 elementor-section-boxed elementor-section-height-default elementor-section-height-default exad-glass-effect-no exad-sticky-section-no\" data-id=\"d282a17\" data-element_type=\"section\" data-e-type=\"section\">\n\t\t\t\t\t\t<div class=\"elementor-container elementor-column-gap-default\">\n\t\t\t\t\t<div class=\"elementor-column elementor-col-100 elementor-top-column elementor-element elementor-element-f79ff04 exad-glass-effect-no exad-sticky-section-no\" data-id=\"f79ff04\" data-element_type=\"column\" data-e-type=\"column\">\n\t\t\t<div class=\"elementor-widget-wrap elementor-element-populated\">\n\t\t\t\t\t\t<div class=\"elementor-element elementor-element-67dd2ad exad-sticky-section-no exad-glass-effect-no elementor-widget elementor-widget-text-editor\" data-id=\"67dd2ad\" data-element_type=\"widget\" data-e-type=\"widget\" data-widget_type=\"text-editor.default\">\n\t\t\t\t<div class=\"elementor-widget-container\">\n\t\t\t\t\t\t\t\t\t<p>Collect\u00e9es \u00e0 P\u00e9kin entre 1974 et 1977 par Mme Moreux, donn\u00e9es au mus\u00e9e en 2014, r\u00e9pertori\u00e9es et \u00e9tudi\u00e9es depuis deux ans, 414 affiches chinoises &#8211; un des corpus les plus importants de ce type conserv\u00e9 en France &#8211; sont d\u00e9sormais inscrites \u00e0 l\u2019inventaire de l\u2019institution. Philippe Triscos, dans son M2 de l\u2019\u00c9cole du Louvre, a \u00e9tudi\u00e9 dans ses grandes lignes cet ensemble riche et complexe, illustrant la propagande du Parti Communiste Chinois (PCC) \u00e0 la fin de la R\u00e9volution culturelle (1966-1976). <\/p>\t\t\t\t\t\t\t\t<\/div>\n\t\t\t\t<\/div>\n\t\t\t\t\t<\/div>\n\t\t<\/div>\n\t\t\t\t\t<\/div>\n\t\t<\/section>\n\t\t\t\t<section class=\"elementor-section elementor-top-section elementor-element elementor-element-78d9354 elementor-section-boxed elementor-section-height-default elementor-section-height-default exad-glass-effect-no exad-sticky-section-no\" data-id=\"78d9354\" data-element_type=\"section\" data-e-type=\"section\">\n\t\t\t\t\t\t<div class=\"elementor-container elementor-column-gap-default\">\n\t\t\t\t\t<div class=\"elementor-column elementor-col-50 elementor-top-column elementor-element elementor-element-811ba7d exad-glass-effect-no exad-sticky-section-no\" data-id=\"811ba7d\" data-element_type=\"column\" data-e-type=\"column\">\n\t\t\t<div class=\"elementor-widget-wrap elementor-element-populated\">\n\t\t\t\t\t\t<div class=\"elementor-element elementor-element-3ef0b79 exad-sticky-section-no exad-glass-effect-no elementor-widget elementor-widget-image\" data-id=\"3ef0b79\" data-element_type=\"widget\" data-e-type=\"widget\" data-widget_type=\"image.default\">\n\t\t\t\t<div class=\"elementor-widget-container\">\n\t\t\t\t\t\t\t\t\t\t\t\t<figure class=\"wp-caption\">\n\t\t\t\t\t\t\t\t\t\t\t<a href=\"http:\/\/www.musees-mediterranee.org\/wp-content\/uploads\/2022\/01\/MAA_5145.jpg\" data-elementor-open-lightbox=\"yes\" data-e-action-hash=\"#elementor-action%3Aaction%3Dlightbox%26settings%3DeyJpZCI6Mzk1NCwidXJsIjoiaHR0cDpcL1wvd3d3Lm11c2Vlcy1tZWRpdGVycmFuZWUub3JnXC93cC1jb250ZW50XC91cGxvYWRzXC8yMDIyXC8wMVwvTUFBXzUxNDUuanBnIn0%3D\">\n\t\t\t\t\t\t\t<img fetchpriority=\"high\" decoding=\"async\" width=\"549\" height=\"761\" src=\"http:\/\/www.musees-mediterranee.org\/wp-content\/uploads\/2022\/01\/MAA_5145.jpg\" class=\"attachment-large size-large wp-image-3954\" alt=\"\" srcset=\"http:\/\/www.musees-mediterranee.org\/wp-content\/uploads\/2022\/01\/MAA_5145.jpg 549w, http:\/\/www.musees-mediterranee.org\/wp-content\/uploads\/2022\/01\/MAA_5145-216x300.jpg 216w\" sizes=\"(max-width: 549px) 100vw, 549px\" \/>\t\t\t\t\t\t\t\t<\/a>\n\t\t\t\t\t\t\t\t\t\t\t<figcaption class=\"widget-image-caption wp-caption-text\">\u00ab Les femmes peuvent porter la moiti\u00e9 du ciel \u00bb. <br \/>Inv. 2021.0.334 \u00a9 MAA\/M. Poppi<\/figcaption>\n\t\t\t\t\t\t\t\t\t\t<\/figure>\n\t\t\t\t\t\t\t\t\t<\/div>\n\t\t\t\t<\/div>\n\t\t\t\t\t<\/div>\n\t\t<\/div>\n\t\t\t\t<div class=\"elementor-column elementor-col-50 elementor-top-column elementor-element elementor-element-5e6d41d exad-glass-effect-no exad-sticky-section-no\" data-id=\"5e6d41d\" data-element_type=\"column\" data-e-type=\"column\">\n\t\t\t<div class=\"elementor-widget-wrap elementor-element-populated\">\n\t\t\t\t\t\t<div class=\"elementor-element elementor-element-8b482fd exad-sticky-section-no exad-glass-effect-no elementor-widget elementor-widget-image\" data-id=\"8b482fd\" data-element_type=\"widget\" data-e-type=\"widget\" data-widget_type=\"image.default\">\n\t\t\t\t<div class=\"elementor-widget-container\">\n\t\t\t\t\t\t\t\t\t\t\t\t<figure class=\"wp-caption\">\n\t\t\t\t\t\t\t\t\t\t\t<a href=\"http:\/\/www.musees-mediterranee.org\/wp-content\/uploads\/2022\/01\/MAA_5104.jpg\" data-elementor-open-lightbox=\"yes\" data-e-action-hash=\"#elementor-action%3Aaction%3Dlightbox%26settings%3DeyJpZCI6Mzk1MywidXJsIjoiaHR0cDpcL1wvd3d3Lm11c2Vlcy1tZWRpdGVycmFuZWUub3JnXC93cC1jb250ZW50XC91cGxvYWRzXC8yMDIyXC8wMVwvTUFBXzUxMDQuanBnIn0%3D\">\n\t\t\t\t\t\t\t<img decoding=\"async\" width=\"541\" height=\"754\" src=\"http:\/\/www.musees-mediterranee.org\/wp-content\/uploads\/2022\/01\/MAA_5104.jpg\" class=\"attachment-large size-large wp-image-3953\" alt=\"\" srcset=\"http:\/\/www.musees-mediterranee.org\/wp-content\/uploads\/2022\/01\/MAA_5104.jpg 541w, http:\/\/www.musees-mediterranee.org\/wp-content\/uploads\/2022\/01\/MAA_5104-215x300.jpg 215w\" sizes=\"(max-width: 541px) 100vw, 541px\" \/>\t\t\t\t\t\t\t\t<\/a>\n\t\t\t\t\t\t\t\t\t\t\t<figcaption class=\"widget-image-caption wp-caption-text\">\u00ab Un homme studieux \u00bb. Inv. 2021.0.294 \u00a9 MAA\/M. Poppi <br \/><br \/><\/figcaption>\n\t\t\t\t\t\t\t\t\t\t<\/figure>\n\t\t\t\t\t\t\t\t\t<\/div>\n\t\t\t\t<\/div>\n\t\t\t\t\t<\/div>\n\t\t<\/div>\n\t\t\t\t\t<\/div>\n\t\t<\/section>\n\t\t\t\t<section class=\"elementor-section elementor-top-section elementor-element elementor-element-cd83177 elementor-section-boxed elementor-section-height-default elementor-section-height-default exad-glass-effect-no exad-sticky-section-no\" data-id=\"cd83177\" data-element_type=\"section\" data-e-type=\"section\">\n\t\t\t\t\t\t<div class=\"elementor-container elementor-column-gap-default\">\n\t\t\t\t\t<div class=\"elementor-column elementor-col-100 elementor-top-column elementor-element elementor-element-1048620 exad-glass-effect-no exad-sticky-section-no\" data-id=\"1048620\" data-element_type=\"column\" data-e-type=\"column\">\n\t\t\t<div class=\"elementor-widget-wrap elementor-element-populated\">\n\t\t\t\t\t\t<div class=\"elementor-element elementor-element-81a752a exad-sticky-section-no exad-glass-effect-no elementor-widget elementor-widget-text-editor\" data-id=\"81a752a\" data-element_type=\"widget\" data-e-type=\"widget\" data-widget_type=\"text-editor.default\">\n\t\t\t\t<div class=\"elementor-widget-container\">\n\t\t\t\t\t\t\t\t\t<p>Les affiches sont toutes des impressions offset, technique permettant de grands tirages couleur de bonne qualit\u00e9 et r\u00e9pondant au besoin de leur large diffusion. La plupart, produites \u00e0 P\u00e9kin et Shanghai, ont un format de 77 x 53 cm ou de 107 x 77 cm. Leur \u00e9dition, leur impression et leur distribution \u00e9taient pilot\u00e9es par le Parti. Elles \u00e9taient alors vendues \u00e0 un prix abordable. <br \/>Elles portent majoritairement des images in\u00e9dites (25%) ainsi que des <em>nianhua<\/em>, images du Nouvel an (33,5%). Ces derni\u00e8res montrent que la propagande du PCC s\u2019est appuy\u00e9e sur la tradition ancienne de d\u00e9corer les int\u00e9rieurs d\u2019images propitiatoires pour c\u00e9l\u00e9brer la nouvelle ann\u00e9e. Sont reproduites par ailleurs des \u0153uvres r\u00e9alis\u00e9es sur d\u2019autres supports : peintures traditionnelles \u00e0 l\u2019encre (19,5%), huiles et gouaches (9%), peintures d\u2019amateurs (7,5%), photographies (4%), gravures sur bois (1,5%). <br \/>Seuls 240 auteurs des images ou des \u0153uvres reproduites ont pu \u00eatre identifi\u00e9s, dont 24 femmes et 7 membres d\u2019une ethnie dite minoritaire. La plupart sont n\u00e9s dans les ann\u00e9es 1930 et 1940 et avaient entre 25 et 45 ans au moment de la R\u00e9volution culturelle. <br \/>Le corpus peut \u00eatre class\u00e9 en cinq cat\u00e9gories : les sc\u00e8nes de genre (57%), les portraits (29%), les paysages (6,5%), les sc\u00e8nes d\u2019op\u00e9ras et de ballets (5,5%) et les sc\u00e8nes d\u2019histoire (2%). La plus repr\u00e9sent\u00e9e correspond \u00e0 des images figurant plusieurs personnages dans des situations de la vie courante, associ\u00e9es \u00e0 des messages politiques. Ces derniers concernent de nombreuses th\u00e9matiques, parfois crois\u00e9es, comme l\u2019enseignement, la vie \u00e0 la campagne, le progr\u00e8s impuls\u00e9 par le Parti, la d\u00e9fense nationale, la doctrine communiste, les comportements exemplaires, la jeunesse, etc. <\/p>\t\t\t\t\t\t\t\t<\/div>\n\t\t\t\t<\/div>\n\t\t\t\t\t<\/div>\n\t\t<\/div>\n\t\t\t\t\t<\/div>\n\t\t<\/section>\n\t\t\t\t<section class=\"elementor-section elementor-top-section elementor-element elementor-element-d4af0fd elementor-section-boxed elementor-section-height-default elementor-section-height-default exad-glass-effect-no exad-sticky-section-no\" data-id=\"d4af0fd\" data-element_type=\"section\" data-e-type=\"section\">\n\t\t\t\t\t\t<div class=\"elementor-container elementor-column-gap-default\">\n\t\t\t\t\t<div class=\"elementor-column elementor-col-100 elementor-top-column elementor-element elementor-element-78beb0c exad-glass-effect-no exad-sticky-section-no\" data-id=\"78beb0c\" data-element_type=\"column\" data-e-type=\"column\">\n\t\t\t<div class=\"elementor-widget-wrap elementor-element-populated\">\n\t\t\t\t\t\t<div class=\"elementor-element elementor-element-7f252b4 exad-sticky-section-no exad-glass-effect-no elementor-widget elementor-widget-image\" data-id=\"7f252b4\" data-element_type=\"widget\" data-e-type=\"widget\" data-widget_type=\"image.default\">\n\t\t\t\t<div class=\"elementor-widget-container\">\n\t\t\t\t\t\t\t\t\t\t\t\t<figure class=\"wp-caption\">\n\t\t\t\t\t\t\t\t\t\t\t<a href=\"http:\/\/www.musees-mediterranee.org\/wp-content\/uploads\/2022\/01\/MAA_4893.jpg\" data-elementor-open-lightbox=\"yes\" data-e-action-hash=\"#elementor-action%3Aaction%3Dlightbox%26settings%3DeyJpZCI6Mzk1MiwidXJsIjoiaHR0cDpcL1wvd3d3Lm11c2Vlcy1tZWRpdGVycmFuZWUub3JnXC93cC1jb250ZW50XC91cGxvYWRzXC8yMDIyXC8wMVwvTUFBXzQ4OTMuanBnIn0%3D\">\n\t\t\t\t\t\t\t<img decoding=\"async\" width=\"759\" height=\"524\" src=\"http:\/\/www.musees-mediterranee.org\/wp-content\/uploads\/2022\/01\/MAA_4893.jpg\" class=\"attachment-full size-full wp-image-3952\" alt=\"\" srcset=\"http:\/\/www.musees-mediterranee.org\/wp-content\/uploads\/2022\/01\/MAA_4893.jpg 759w, http:\/\/www.musees-mediterranee.org\/wp-content\/uploads\/2022\/01\/MAA_4893-300x207.jpg 300w\" sizes=\"(max-width: 759px) 100vw, 759px\" \/>\t\t\t\t\t\t\t\t<\/a>\n\t\t\t\t\t\t\t\t\t\t\t<figcaption class=\"widget-image-caption wp-caption-text\">\u00ab Apr\u00e8s la r\u00e9colte \u00bb. Inv. 2021.0.112 \u00a9 MAA\/M. Poppi<\/figcaption>\n\t\t\t\t\t\t\t\t\t\t<\/figure>\n\t\t\t\t\t\t\t\t\t<\/div>\n\t\t\t\t<\/div>\n\t\t\t\t\t<\/div>\n\t\t<\/div>\n\t\t\t\t\t<\/div>\n\t\t<\/section>\n\t\t\t\t<section class=\"elementor-section elementor-top-section elementor-element elementor-element-5a97cb5 elementor-section-boxed elementor-section-height-default elementor-section-height-default exad-glass-effect-no exad-sticky-section-no\" data-id=\"5a97cb5\" data-element_type=\"section\" data-e-type=\"section\">\n\t\t\t\t\t\t<div class=\"elementor-container elementor-column-gap-default\">\n\t\t\t\t\t<div class=\"elementor-column elementor-col-100 elementor-top-column elementor-element elementor-element-b31b450 exad-glass-effect-no exad-sticky-section-no\" data-id=\"b31b450\" data-element_type=\"column\" data-e-type=\"column\">\n\t\t\t<div class=\"elementor-widget-wrap elementor-element-populated\">\n\t\t\t\t\t\t<div class=\"elementor-element elementor-element-eddf464 exad-sticky-section-no exad-glass-effect-no elementor-widget elementor-widget-text-editor\" data-id=\"eddf464\" data-element_type=\"widget\" data-e-type=\"widget\" data-widget_type=\"text-editor.default\">\n\t\t\t\t<div class=\"elementor-widget-container\">\n\t\t\t\t\t\t\t\t\t<p>Ce fonds in\u00e9dit met en sc\u00e8ne une Chine id\u00e9alis\u00e9e \u00e0 travers des images tant\u00f4t p\u00e9dagogiques ou descriptives, tant\u00f4t h\u00e9ro\u00efques ou moralisatrices. Conform\u00e9ment \u00e0 la volont\u00e9 de Mao, elles r\u00e9sultent d\u2019une pratique artistique du peuple pour le peuple et r\u00e9pondent \u00e0 des canons \u00e9tablis v\u00e9hiculant des messages. Des analyses th\u00e9matiques et des mises en relation avec d\u2019autres corpus devraient permettre d\u2019approfondir la compr\u00e9hension de cette collection, dont le potentiel reste \u00e0 explorer.<\/p>\t\t\t\t\t\t\t\t<\/div>\n\t\t\t\t<\/div>\n\t\t\t\t\t<\/div>\n\t\t<\/div>\n\t\t\t\t\t<\/div>\n\t\t<\/section>\n\t\t\t\t<\/div>\n\t\t","protected":false},"excerpt":{"rendered":"<p>Collect\u00e9es \u00e0 P\u00e9kin entre 1974 et 1977 par Mme Moreux, donn\u00e9es au mus\u00e9e en 2014, r\u00e9pertori\u00e9es et \u00e9tudi\u00e9es depuis deux ans, 414 affiches chinoises &#8211; un des corpus les plus&hellip; <\/p>\n","protected":false},"author":1,"featured_media":3954,"comment_status":"closed","ping_status":"closed","sticky":false,"template":"","format":"standard","meta":{"_acf_changed":false,"_bbp_topic_count":0,"_bbp_reply_count":0,"_bbp_total_topic_count":0,"_bbp_total_reply_count":0,"_bbp_voice_count":0,"_bbp_anonymous_reply_count":0,"_bbp_topic_count_hidden":0,"_bbp_reply_count_hidden":0,"_bbp_forum_subforum_count":0,"iawp_total_views":28,"footnotes":""},"categories":[42,25],"tags":[49],"class_list":["post-3950","post","type-post","status-publish","format-standard","has-post-thumbnail","hentry","category-collections","category-journal","tag-janvier-2022"],"acf":[],"_links":{"self":[{"href":"http:\/\/www.musees-mediterranee.org\/index.php\/wp-json\/wp\/v2\/posts\/3950","targetHints":{"allow":["GET"]}}],"collection":[{"href":"http:\/\/www.musees-mediterranee.org\/index.php\/wp-json\/wp\/v2\/posts"}],"about":[{"href":"http:\/\/www.musees-mediterranee.org\/index.php\/wp-json\/wp\/v2\/types\/post"}],"author":[{"embeddable":true,"href":"http:\/\/www.musees-mediterranee.org\/index.php\/wp-json\/wp\/v2\/users\/1"}],"replies":[{"embeddable":true,"href":"http:\/\/www.musees-mediterranee.org\/index.php\/wp-json\/wp\/v2\/comments?post=3950"}],"version-history":[{"count":0,"href":"http:\/\/www.musees-mediterranee.org\/index.php\/wp-json\/wp\/v2\/posts\/3950\/revisions"}],"wp:featuredmedia":[{"embeddable":true,"href":"http:\/\/www.musees-mediterranee.org\/index.php\/wp-json\/wp\/v2\/media\/3954"}],"wp:attachment":[{"href":"http:\/\/www.musees-mediterranee.org\/index.php\/wp-json\/wp\/v2\/media?parent=3950"}],"wp:term":[{"taxonomy":"category","embeddable":true,"href":"http:\/\/www.musees-mediterranee.org\/index.php\/wp-json\/wp\/v2\/categories?post=3950"},{"taxonomy":"post_tag","embeddable":true,"href":"http:\/\/www.musees-mediterranee.org\/index.php\/wp-json\/wp\/v2\/tags?post=3950"}],"curies":[{"name":"wp","href":"https:\/\/api.w.org\/{rel}","templated":true}]}}