{"id":3914,"date":"2013-10-24T10:24:49","date_gmt":"2013-10-24T08:24:49","guid":{"rendered":"http:\/\/www.musees-mediterranee.org\/?p=3914"},"modified":"2023-06-20T11:28:29","modified_gmt":"2023-06-20T09:28:29","slug":"journees-detudes-vers-une-visibilite-des-bibliotheques-specialisees-24-octobre-2013","status":"publish","type":"post","link":"http:\/\/www.musees-mediterranee.org\/index.php\/2013\/10\/24\/journees-detudes-vers-une-visibilite-des-bibliotheques-specialisees-24-octobre-2013\/","title":{"rendered":"Journ\u00e9e d\u2019\u00e9tude<br\/> Vers une visibilit\u00e9 des  biblioth\u00e8ques sp\u00e9cialis\u00e9es<br\/> 24 octobre 2013"},"content":{"rendered":"\t\t<div data-elementor-type=\"wp-post\" data-elementor-id=\"3914\" class=\"elementor elementor-3914\" data-elementor-post-type=\"post\">\n\t\t\t\t\t\t<section class=\"elementor-section elementor-top-section elementor-element elementor-element-6e996e1 elementor-section-boxed elementor-section-height-default elementor-section-height-default exad-glass-effect-no exad-sticky-section-no\" data-id=\"6e996e1\" data-element_type=\"section\" data-e-type=\"section\">\n\t\t\t\t\t\t<div class=\"elementor-container elementor-column-gap-default\">\n\t\t\t\t\t<div class=\"elementor-column elementor-col-100 elementor-top-column elementor-element elementor-element-6dd239c exad-glass-effect-no exad-sticky-section-no\" data-id=\"6dd239c\" data-element_type=\"column\" data-e-type=\"column\">\n\t\t\t<div class=\"elementor-widget-wrap elementor-element-populated\">\n\t\t\t\t\t\t<div class=\"elementor-element elementor-element-b9383d6 exad-sticky-section-no exad-glass-effect-no elementor-widget elementor-widget-text-editor\" data-id=\"b9383d6\" data-element_type=\"widget\" data-e-type=\"widget\" data-widget_type=\"text-editor.default\">\n\t\t\t\t<div class=\"elementor-widget-container\">\n\t\t\t\t\t\t\t\t\t<p>Maison M\u00e9diterran\u00e9enne des Sciences de l&#8217;Homme &#8211; Aix-en-Provence<\/p><p><strong>Programme<\/strong> L&#8217;organisation et la valorisation des biblioth\u00e8ques sp\u00e9cifiques (Mus\u00e9es, Archives, Centres de documentations&#8230;) sont souvent sous la tutelle d&#8217;une institution dont ce n&#8217;est pas la mission essentielle. Comment leur assurer une visibilit\u00e9 qui r\u00e9ponde aux sollicitations des publics ?<br \/><strong>Pilotes<\/strong> : Annie Prunet, Documentaliste aux Archives municipales de Marseille Jo\u00eblle Bouvry, conservateur du Cabinet des Monnaies et M\u00e9dailles de Marseille.<br \/><strong>Publics vis\u00e9s<\/strong> : conservateurs de mus\u00e9es et tout utilisateur des biblioth\u00e8ques, biblioth\u00e9caires, documentalistes. \u00c9lus. Responsables d&#8217;organisations.<\/p><p><strong>Matin\u00e9e : panorama des biblioth\u00e8ques<\/strong><br \/><span style=\"text-decoration: underline;\">Intervenants<\/span> : Louis Burle, conseiller du livre DRAC PACA<br \/>Catherine Granger, Adjointe au Chef du Service des Biblioth\u00e8ques, archives et documentation. Biblioth\u00e8que centrale des Mus\u00e9es nationaux -Louvre.<br \/>V\u00e9ronique Bernardet, biblioth\u00e9caire responsable de la biblioth\u00e8que administrative et historique des Archives d\u00e9partementales des Bouches-du-Rh\u00f4ne.<br \/>Orph\u00e9e Szinetar, Documentation et expositions, Fondation Saint-John Perse, Cit\u00e9 du Livre- Aix-en-Provence.<\/p><p><strong>Apr\u00e8s-midi: acc\u00e8s et valorisation<\/strong><br \/><span style=\"text-decoration: underline;\">Intervenants<\/span> : St\u00e9phanie Guinet, chef de projet \u00e0 la Direction informatique de la Ville de Marseille.<br \/>Catherine Cassan-Touil, responsable Sudoc PS Centre r\u00e9gional 66.<br \/>Blandine Nouvel, directrice du r\u00e9seau FRANTIQ, F\u00e9d\u00e9ration et Ressources sur l&#8217;Antiquit\u00e9, Aix-en-Provence.<br \/>Jean-Fran\u00e7ois Delmas, directeur de la biblioth\u00e8que Inguimbertine &#8211; Carpentras<\/p><p><strong>Document(s) \u00e0 t\u00e9l\u00e9charger :<\/strong><br \/><a href=\"http:\/\/www.musees-mediterranee.org\/wp-content\/uploads\/2022\/01\/20131024_programme.pdf\" target=\"_blank\" rel=\"noopener\">Programme JE 24 octobre<\/a><\/p>\t\t\t\t\t\t\t\t<\/div>\n\t\t\t\t<\/div>\n\t\t\t\t\t<\/div>\n\t\t<\/div>\n\t\t\t\t\t<\/div>\n\t\t<\/section>\n\t\t\t\t<\/div>\n\t\t","protected":false},"excerpt":{"rendered":"<p>Maison M\u00e9diterran\u00e9enne des Sciences de l&#8217;Homme &#8211; Aix-en-Provence Programme L&#8217;organisation et la valorisation des biblioth\u00e8ques sp\u00e9cifiques (Mus\u00e9es, Archives, Centres de documentations&#8230;) sont souvent sous la tutelle d&#8217;une institution dont ce&hellip; <\/p>\n","protected":false},"author":1,"featured_media":0,"comment_status":"closed","ping_status":"closed","sticky":false,"template":"","format":"standard","meta":{"_acf_changed":false,"_bbp_topic_count":0,"_bbp_reply_count":0,"_bbp_total_topic_count":0,"_bbp_total_reply_count":0,"_bbp_voice_count":0,"_bbp_anonymous_reply_count":0,"_bbp_topic_count_hidden":0,"_bbp_reply_count_hidden":0,"_bbp_forum_subforum_count":0,"iawp_total_views":9,"footnotes":""},"categories":[48,47],"tags":[],"class_list":["post-3914","post","type-post","status-publish","format-standard","hentry","category-archive_reseau","category-reseau_2013"],"acf":[],"_links":{"self":[{"href":"http:\/\/www.musees-mediterranee.org\/index.php\/wp-json\/wp\/v2\/posts\/3914","targetHints":{"allow":["GET"]}}],"collection":[{"href":"http:\/\/www.musees-mediterranee.org\/index.php\/wp-json\/wp\/v2\/posts"}],"about":[{"href":"http:\/\/www.musees-mediterranee.org\/index.php\/wp-json\/wp\/v2\/types\/post"}],"author":[{"embeddable":true,"href":"http:\/\/www.musees-mediterranee.org\/index.php\/wp-json\/wp\/v2\/users\/1"}],"replies":[{"embeddable":true,"href":"http:\/\/www.musees-mediterranee.org\/index.php\/wp-json\/wp\/v2\/comments?post=3914"}],"version-history":[{"count":0,"href":"http:\/\/www.musees-mediterranee.org\/index.php\/wp-json\/wp\/v2\/posts\/3914\/revisions"}],"wp:attachment":[{"href":"http:\/\/www.musees-mediterranee.org\/index.php\/wp-json\/wp\/v2\/media?parent=3914"}],"wp:term":[{"taxonomy":"category","embeddable":true,"href":"http:\/\/www.musees-mediterranee.org\/index.php\/wp-json\/wp\/v2\/categories?post=3914"},{"taxonomy":"post_tag","embeddable":true,"href":"http:\/\/www.musees-mediterranee.org\/index.php\/wp-json\/wp\/v2\/tags?post=3914"}],"curies":[{"name":"wp","href":"https:\/\/api.w.org\/{rel}","templated":true}]}}