{"id":3906,"date":"2013-09-30T10:20:42","date_gmt":"2013-09-30T08:20:42","guid":{"rendered":"http:\/\/www.musees-mediterranee.org\/?p=3906"},"modified":"2023-06-20T09:42:47","modified_gmt":"2023-06-20T07:42:47","slug":"musees-et-monuments-historiques-les-conditions-dun-dialogue-30-septembre-2013","status":"publish","type":"post","link":"http:\/\/www.musees-mediterranee.org\/index.php\/2013\/09\/30\/musees-et-monuments-historiques-les-conditions-dun-dialogue-30-septembre-2013\/","title":{"rendered":"Journ\u00e9e d\u2019actualit\u00e9<br\/> Mus\u00e9es et Monuments historiques :<br\/>  les conditions d\u2019un dialogue<br\/> 30 septembre 2013"},"content":{"rendered":"\t\t<div data-elementor-type=\"wp-post\" data-elementor-id=\"3906\" class=\"elementor elementor-3906\" data-elementor-post-type=\"post\">\n\t\t\t\t\t\t<section class=\"elementor-section elementor-top-section elementor-element elementor-element-da6e116 elementor-section-boxed elementor-section-height-default elementor-section-height-default exad-glass-effect-no exad-sticky-section-no\" data-id=\"da6e116\" data-element_type=\"section\" data-e-type=\"section\">\n\t\t\t\t\t\t<div class=\"elementor-container elementor-column-gap-default\">\n\t\t\t\t\t<div class=\"elementor-column elementor-col-100 elementor-top-column elementor-element elementor-element-b6b4f69 exad-glass-effect-no exad-sticky-section-no\" data-id=\"b6b4f69\" data-element_type=\"column\" data-e-type=\"column\">\n\t\t\t<div class=\"elementor-widget-wrap elementor-element-populated\">\n\t\t\t\t\t\t<div class=\"elementor-element elementor-element-450face exad-sticky-section-no exad-glass-effect-no elementor-widget elementor-widget-text-editor\" data-id=\"450face\" data-element_type=\"widget\" data-e-type=\"widget\" data-widget_type=\"text-editor.default\">\n\t\t\t\t<div class=\"elementor-widget-container\">\n\t\t\t\t\t\t\t\t\t<p>Mus\u00e9e des Arts D\u00e9coratifs et de la Mode &#8211; ch\u00e2teau Bor\u00e9ly &#8211; Marseille<\/p><p>La sc\u00e9nographie des espaces de pr\u00e9sentation et les am\u00e9nagements pour le public butent parfois sur le souci de connaissance, de respect et de valorisation du monument. Les collections apparaissent parfois comme un \u00ab habillage \u00bb du monument plus que pour leur valeur s\u00e9mantique propre. Les d\u00e9licates mises en priorit\u00e9, les contraintes budg\u00e9taires, la dichotomie des formations rendent malais\u00e9e une convergence d\u2019approche.Conservateurs du patrimoine, architectes des Monuments historiques, architectes des B\u00e2timents de France, architectes sc\u00e9nographes, architectes du patrimoine, enseignants de l\u2019Institut national du Patrimoine mettront en commun r\u00e9flexions et pr\u00e9conisations pour mettre en place un mode d\u2019action concert\u00e9.<\/p><p><span style=\"text-decoration: underline;\">Pilotes<\/span> : <strong>Fr\u00e9d\u00e9rique Verlinden<\/strong>, conservateur en chef du Mus\u00e9e Museum d\u00e9partemental des Hautes-Alpes, Gap <br \/><span style=\"text-decoration: underline;\">Interventions<\/span> : <strong>Robert Jourdan<\/strong>, conservateur r\u00e9gional des Monuments historiques, DRAC PACA &#8211; Le monument dans le mus\u00e9e, difficult\u00e9 cognitive ou d\u00e9ni ?<\/p><p><a href=\"http:\/\/www.musees-mediterranee.org\/wp-content\/uploads\/2022\/02\/20130930_JE_Musees-et-MH.pdf\" target=\"_blank\" rel=\"noopener\">Programme<\/a><\/p>\t\t\t\t\t\t\t\t<\/div>\n\t\t\t\t<\/div>\n\t\t\t\t\t<\/div>\n\t\t<\/div>\n\t\t\t\t\t<\/div>\n\t\t<\/section>\n\t\t\t\t<\/div>\n\t\t","protected":false},"excerpt":{"rendered":"<p>Mus\u00e9e des Arts D\u00e9coratifs et de la Mode &#8211; ch\u00e2teau Bor\u00e9ly &#8211; Marseille La sc\u00e9nographie des espaces de pr\u00e9sentation et les am\u00e9nagements pour le public butent parfois sur le souci&hellip; <\/p>\n","protected":false},"author":1,"featured_media":0,"comment_status":"closed","ping_status":"closed","sticky":false,"template":"","format":"standard","meta":{"_acf_changed":false,"_bbp_topic_count":0,"_bbp_reply_count":0,"_bbp_total_topic_count":0,"_bbp_total_reply_count":0,"_bbp_voice_count":0,"_bbp_anonymous_reply_count":0,"_bbp_topic_count_hidden":0,"_bbp_reply_count_hidden":0,"_bbp_forum_subforum_count":0,"iawp_total_views":8,"footnotes":""},"categories":[48,47],"tags":[],"class_list":["post-3906","post","type-post","status-publish","format-standard","hentry","category-archive_reseau","category-reseau_2013"],"acf":[],"_links":{"self":[{"href":"http:\/\/www.musees-mediterranee.org\/index.php\/wp-json\/wp\/v2\/posts\/3906","targetHints":{"allow":["GET"]}}],"collection":[{"href":"http:\/\/www.musees-mediterranee.org\/index.php\/wp-json\/wp\/v2\/posts"}],"about":[{"href":"http:\/\/www.musees-mediterranee.org\/index.php\/wp-json\/wp\/v2\/types\/post"}],"author":[{"embeddable":true,"href":"http:\/\/www.musees-mediterranee.org\/index.php\/wp-json\/wp\/v2\/users\/1"}],"replies":[{"embeddable":true,"href":"http:\/\/www.musees-mediterranee.org\/index.php\/wp-json\/wp\/v2\/comments?post=3906"}],"version-history":[{"count":0,"href":"http:\/\/www.musees-mediterranee.org\/index.php\/wp-json\/wp\/v2\/posts\/3906\/revisions"}],"wp:attachment":[{"href":"http:\/\/www.musees-mediterranee.org\/index.php\/wp-json\/wp\/v2\/media?parent=3906"}],"wp:term":[{"taxonomy":"category","embeddable":true,"href":"http:\/\/www.musees-mediterranee.org\/index.php\/wp-json\/wp\/v2\/categories?post=3906"},{"taxonomy":"post_tag","embeddable":true,"href":"http:\/\/www.musees-mediterranee.org\/index.php\/wp-json\/wp\/v2\/tags?post=3906"}],"curies":[{"name":"wp","href":"https:\/\/api.w.org\/{rel}","templated":true}]}}