{"id":358,"date":"2019-07-30T14:21:11","date_gmt":"2019-07-30T12:21:11","guid":{"rendered":"http:\/\/www.musees-mediterranee.org\/?p=358"},"modified":"2023-07-04T10:26:19","modified_gmt":"2023-07-04T08:26:19","slug":"ouverture-des-donnees-publiques-culturelles","status":"publish","type":"post","link":"http:\/\/www.musees-mediterranee.org\/index.php\/2019\/07\/30\/ouverture-des-donnees-publiques-culturelles\/","title":{"rendered":"Ouverture des donn\u00e9es publiques culturelles &#8211; Open data"},"content":{"rendered":"\t\t<div data-elementor-type=\"wp-post\" data-elementor-id=\"358\" class=\"elementor elementor-358\" data-elementor-post-type=\"post\">\n\t\t\t\t\t\t<section class=\"elementor-section elementor-top-section elementor-element elementor-element-6f63948 elementor-section-boxed elementor-section-height-default elementor-section-height-default exad-glass-effect-no exad-sticky-section-no\" data-id=\"6f63948\" data-element_type=\"section\" data-e-type=\"section\">\n\t\t\t\t\t\t<div class=\"elementor-container elementor-column-gap-default\">\n\t\t\t\t\t<div class=\"elementor-column elementor-col-100 elementor-top-column elementor-element elementor-element-d36bef9 exad-glass-effect-no exad-sticky-section-no\" data-id=\"d36bef9\" data-element_type=\"column\" data-e-type=\"column\">\n\t\t\t<div class=\"elementor-widget-wrap elementor-element-populated\">\n\t\t\t\t\t\t<div class=\"elementor-element elementor-element-ae929f3 exad-sticky-section-no exad-glass-effect-no elementor-widget elementor-widget-text-editor\" data-id=\"ae929f3\" data-element_type=\"widget\" data-e-type=\"widget\" data-widget_type=\"text-editor.default\">\n\t\t\t\t<div class=\"elementor-widget-container\">\n\t\t\t\t\t\t\t\t\t<p><strong>Guide pratique de l&#8217;open data, juillet 2019<\/strong><\/p><p>L\u2019ouverture des donn\u00e9es publiques (ou \u00ab Open data \u00bb en anglais) d\u00e9signe une dynamique favorisant l&#8217;acc\u00e8s gratuit aux donn\u00e9es publiques, permettant leur libre reproduction, redistribution, modification et r\u00e9utilisation par un tiers, y compris \u00e0 des fins commerciales.<br \/>L\u2019Open data par d\u00e9faut est une obligation pour les administrations et les \u00e9tablissements charg\u00e9s d\u2019une mission de service public depuis le 7 octobre 2018 (loi pour une R\u00e9publique num\u00e9rique) et instaure un nouveau principe qui inverse les r\u00f4les d\u00e9finis par la loi \u00ab CADA \u00bb : la loi oblige les administrations \u00e0 ouvrir par d\u00e9faut leurs donn\u00e9es, sans attendre qu\u2019un citoyen en formule la demande.<\/p><p>Documents \u00e0 t\u00e9l\u00e9charger : <a class=\"lienExterieur\" href=\"http:\/\/www.musees-mediterranee.org\/pdf_breve\/reseauDoc_423_2BJF.pdf\" target=\"_blank\" rel=\"noopener\">Guide pratique<\/a><\/p>\t\t\t\t\t\t\t\t<\/div>\n\t\t\t\t<\/div>\n\t\t\t\t\t<\/div>\n\t\t<\/div>\n\t\t\t\t\t<\/div>\n\t\t<\/section>\n\t\t\t\t<\/div>\n\t\t","protected":false},"excerpt":{"rendered":"<p>Guide pratique de l&#8217;open data, juillet 2019 L\u2019ouverture des donn\u00e9es publiques (ou \u00ab Open data \u00bb en anglais) d\u00e9signe une dynamique favorisant l&#8217;acc\u00e8s gratuit aux donn\u00e9es publiques, permettant leur libre&hellip; <\/p>\n","protected":false},"author":1,"featured_media":0,"comment_status":"closed","ping_status":"closed","sticky":false,"template":"","format":"standard","meta":{"_acf_changed":false,"_bbp_topic_count":0,"_bbp_reply_count":0,"_bbp_total_topic_count":0,"_bbp_total_reply_count":0,"_bbp_voice_count":0,"_bbp_anonymous_reply_count":0,"_bbp_topic_count_hidden":0,"_bbp_reply_count_hidden":0,"_bbp_forum_subforum_count":0,"iawp_total_views":8,"footnotes":""},"categories":[72],"tags":[],"class_list":["post-358","post","type-post","status-publish","format-standard","hentry","category-informations"],"acf":[],"_links":{"self":[{"href":"http:\/\/www.musees-mediterranee.org\/index.php\/wp-json\/wp\/v2\/posts\/358","targetHints":{"allow":["GET"]}}],"collection":[{"href":"http:\/\/www.musees-mediterranee.org\/index.php\/wp-json\/wp\/v2\/posts"}],"about":[{"href":"http:\/\/www.musees-mediterranee.org\/index.php\/wp-json\/wp\/v2\/types\/post"}],"author":[{"embeddable":true,"href":"http:\/\/www.musees-mediterranee.org\/index.php\/wp-json\/wp\/v2\/users\/1"}],"replies":[{"embeddable":true,"href":"http:\/\/www.musees-mediterranee.org\/index.php\/wp-json\/wp\/v2\/comments?post=358"}],"version-history":[{"count":0,"href":"http:\/\/www.musees-mediterranee.org\/index.php\/wp-json\/wp\/v2\/posts\/358\/revisions"}],"wp:attachment":[{"href":"http:\/\/www.musees-mediterranee.org\/index.php\/wp-json\/wp\/v2\/media?parent=358"}],"wp:term":[{"taxonomy":"category","embeddable":true,"href":"http:\/\/www.musees-mediterranee.org\/index.php\/wp-json\/wp\/v2\/categories?post=358"},{"taxonomy":"post_tag","embeddable":true,"href":"http:\/\/www.musees-mediterranee.org\/index.php\/wp-json\/wp\/v2\/tags?post=358"}],"curies":[{"name":"wp","href":"https:\/\/api.w.org\/{rel}","templated":true}]}}