{"id":3243,"date":"2021-11-16T11:44:05","date_gmt":"2021-11-16T10:44:05","guid":{"rendered":"http:\/\/www.musees-mediterranee.org\/?p=3243"},"modified":"2023-02-08T11:55:45","modified_gmt":"2023-02-08T10:55:45","slug":"lea-barbazanges-au-musee-ziem","status":"publish","type":"post","link":"http:\/\/www.musees-mediterranee.org\/index.php\/2021\/11\/16\/lea-barbazanges-au-musee-ziem\/","title":{"rendered":"L\u00e9a Barbazanges"},"content":{"rendered":"\t\t<div data-elementor-type=\"wp-post\" data-elementor-id=\"3243\" class=\"elementor elementor-3243\" data-elementor-post-type=\"post\">\n\t\t\t\t\t\t<section class=\"elementor-section elementor-top-section elementor-element elementor-element-855467c elementor-section-boxed elementor-section-height-default elementor-section-height-default exad-glass-effect-no exad-sticky-section-no\" data-id=\"855467c\" data-element_type=\"section\" data-e-type=\"section\">\n\t\t\t\t\t\t<div class=\"elementor-container elementor-column-gap-default\">\n\t\t\t\t\t<div class=\"elementor-column elementor-col-100 elementor-top-column elementor-element elementor-element-475b36f exad-glass-effect-no exad-sticky-section-no\" data-id=\"475b36f\" data-element_type=\"column\" data-e-type=\"column\">\n\t\t\t<div class=\"elementor-widget-wrap elementor-element-populated\">\n\t\t\t\t\t\t<div class=\"elementor-element elementor-element-e711261 exad-sticky-section-no exad-glass-effect-no elementor-widget elementor-widget-text-editor\" data-id=\"e711261\" data-element_type=\"widget\" data-e-type=\"widget\" data-widget_type=\"text-editor.default\">\n\t\t\t\t<div class=\"elementor-widget-container\">\n\t\t\t\t\t\t\t\t\t<p>Du 13 octobre 2021 au 30 janvier 2022, le mus\u00e9e Ziem consacre une exposition \u00e0 L\u00e9a Barbazanges, jeune plasticienne qui, \u00e0 cette occasion, pr\u00e9sente son travail pour la premi\u00e8re fois dans le sud de la France.<\/p>\t\t\t\t\t\t\t\t<\/div>\n\t\t\t\t<\/div>\n\t\t\t\t\t<\/div>\n\t\t<\/div>\n\t\t\t\t\t<\/div>\n\t\t<\/section>\n\t\t\t\t<section class=\"elementor-section elementor-top-section elementor-element elementor-element-dd9f092 elementor-section-boxed elementor-section-height-default elementor-section-height-default exad-glass-effect-no exad-sticky-section-no\" data-id=\"dd9f092\" data-element_type=\"section\" data-e-type=\"section\">\n\t\t\t\t\t\t<div class=\"elementor-container elementor-column-gap-default\">\n\t\t\t\t\t<div class=\"elementor-column elementor-col-100 elementor-top-column elementor-element elementor-element-cd67036 exad-glass-effect-no exad-sticky-section-no\" data-id=\"cd67036\" data-element_type=\"column\" data-e-type=\"column\">\n\t\t\t<div class=\"elementor-widget-wrap elementor-element-populated\">\n\t\t\t\t\t\t<div class=\"elementor-element elementor-element-9875682 exad-sticky-section-no exad-glass-effect-no elementor-widget elementor-widget-image\" data-id=\"9875682\" data-element_type=\"widget\" data-e-type=\"widget\" data-widget_type=\"image.default\">\n\t\t\t\t<div class=\"elementor-widget-container\">\n\t\t\t\t\t\t\t\t\t\t\t\t<figure class=\"wp-caption\">\n\t\t\t\t\t\t\t\t\t\t\t<a href=\"http:\/\/www.musees-mediterranee.org\/wp-content\/uploads\/2021\/11\/Aigrettes.jpg\" data-elementor-open-lightbox=\"yes\" data-elementor-lightbox-title=\"Surface d\u2019aigrettes de pissenlit (d\u00e9tail), 2010\" data-elementor-lightbox-description=\"3 700 aigrettes fix\u00e9es par l\u2019ak\u00e8ne chaque centim\u00e8tre sur une plaque de verre, 182 x 108 cm \u00a9 L\u00e9a Barbazanges\" data-e-action-hash=\"#elementor-action%3Aaction%3Dlightbox%26settings%3DeyJpZCI6MzI0NCwidXJsIjoiaHR0cDpcL1wvd3d3Lm11c2Vlcy1tZWRpdGVycmFuZWUub3JnXC93cC1jb250ZW50XC91cGxvYWRzXC8yMDIxXC8xMVwvQWlncmV0dGVzLmpwZyJ9\">\n\t\t\t\t\t\t\t<img fetchpriority=\"high\" decoding=\"async\" width=\"700\" height=\"488\" src=\"http:\/\/www.musees-mediterranee.org\/wp-content\/uploads\/2021\/11\/Aigrettes-1024x714.jpg\" class=\"attachment-large size-large wp-image-3244\" alt=\"Surface d\u2019aigrettes de pissenlit (d\u00e9tail), 2010\" srcset=\"http:\/\/www.musees-mediterranee.org\/wp-content\/uploads\/2021\/11\/Aigrettes-1024x714.jpg 1024w, http:\/\/www.musees-mediterranee.org\/wp-content\/uploads\/2021\/11\/Aigrettes-300x209.jpg 300w, http:\/\/www.musees-mediterranee.org\/wp-content\/uploads\/2021\/11\/Aigrettes-768x536.jpg 768w, http:\/\/www.musees-mediterranee.org\/wp-content\/uploads\/2021\/11\/Aigrettes-330x230.jpg 330w, http:\/\/www.musees-mediterranee.org\/wp-content\/uploads\/2021\/11\/Aigrettes.jpg 1100w\" sizes=\"(max-width: 700px) 100vw, 700px\" \/>\t\t\t\t\t\t\t\t<\/a>\n\t\t\t\t\t\t\t\t\t\t\t<figcaption class=\"widget-image-caption wp-caption-text\">Surface d\u2019aigrettes de pissenlit (d\u00e9tail), 2010.  <br \/>3 700 aigrettes fix\u00e9es par l\u2019ak\u00e8ne chaque centim\u00e8tre sur une plaque de verre, 182 x 108 cm <br \/>\u00a9 L\u00e9a Barbazanges<\/figcaption>\n\t\t\t\t\t\t\t\t\t\t<\/figure>\n\t\t\t\t\t\t\t\t\t<\/div>\n\t\t\t\t<\/div>\n\t\t\t\t\t<\/div>\n\t\t<\/div>\n\t\t\t\t\t<\/div>\n\t\t<\/section>\n\t\t\t\t<section class=\"elementor-section elementor-top-section elementor-element elementor-element-5ee137a elementor-section-boxed elementor-section-height-default elementor-section-height-default exad-glass-effect-no exad-sticky-section-no\" data-id=\"5ee137a\" data-element_type=\"section\" data-e-type=\"section\">\n\t\t\t\t\t\t<div class=\"elementor-container elementor-column-gap-default\">\n\t\t\t\t\t<div class=\"elementor-column elementor-col-100 elementor-top-column elementor-element elementor-element-b2ba8bd exad-glass-effect-no exad-sticky-section-no\" data-id=\"b2ba8bd\" data-element_type=\"column\" data-e-type=\"column\">\n\t\t\t<div class=\"elementor-widget-wrap elementor-element-populated\">\n\t\t\t\t\t\t<div class=\"elementor-element elementor-element-857e8ff exad-sticky-section-no exad-glass-effect-no elementor-widget elementor-widget-text-editor\" data-id=\"857e8ff\" data-element_type=\"widget\" data-e-type=\"widget\" data-widget_type=\"text-editor.default\">\n\t\t\t\t<div class=\"elementor-widget-container\">\n\t\t\t\t\t\t\t\t\t<p>Depuis plusieurs ann\u00e9es d\u00e9j\u00e0 le mus\u00e9e explore le rapport que les artistes contemporains entretiennent avec le paysage.<br \/>En effet, quoi de plus naturel pour cet \u00e9tablissement cr\u00e9\u00e9 en 1908 en l\u2019honneur de F\u00e9lix Ziem, peintre paysagiste de la seconde moiti\u00e9 du XIXe si\u00e8cle ? Consid\u00e9r\u00e9 comme un orientaliste, annonciateur de l\u2019impressionnisme, voire de l\u2019action painting selon certains, Ziem est bien plus \u00ab\u00a0moderne \u00bb qu\u2019il n\u2019y para\u00eet de prime abord. Artiste curieux, exp\u00e9rimentateur, il d\u00e9veloppe une vision de la nature que l\u2019on pourrait presque qualifier d\u2019onirique. Les emp\u00e2tements qui lui sont reproch\u00e9s lors du salon de 1859 sont l\u2019un des traits pr\u00e9curseurs de son travail qui, loin de vouloir retranscrire la r\u00e9alit\u00e9, doit la transcender : \u00ab Pour qu\u2019un tableau soit heureux, il faut enjamber la nature et faire qu\u2019un mensonge aimable rende la s\u00e9r\u00e9nit\u00e9 du vrai sur la toile<span style=\"font-size: 6.5pt;\"><sup>1<\/sup><\/span>. \u00bb<\/p>\t\t\t\t\t\t\t\t<\/div>\n\t\t\t\t<\/div>\n\t\t\t\t\t<\/div>\n\t\t<\/div>\n\t\t\t\t\t<\/div>\n\t\t<\/section>\n\t\t\t\t<section class=\"elementor-section elementor-top-section elementor-element elementor-element-32b5857 elementor-section-boxed elementor-section-height-default elementor-section-height-default exad-glass-effect-no exad-sticky-section-no\" data-id=\"32b5857\" data-element_type=\"section\" data-e-type=\"section\">\n\t\t\t\t\t\t<div class=\"elementor-container elementor-column-gap-default\">\n\t\t\t\t\t<div class=\"elementor-column elementor-col-100 elementor-top-column elementor-element elementor-element-453b85e exad-glass-effect-no exad-sticky-section-no\" data-id=\"453b85e\" data-element_type=\"column\" data-e-type=\"column\">\n\t\t\t<div class=\"elementor-widget-wrap elementor-element-populated\">\n\t\t\t\t\t\t<div class=\"elementor-element elementor-element-d1eb15e exad-sticky-section-no exad-glass-effect-no elementor-widget elementor-widget-text-editor\" data-id=\"d1eb15e\" data-element_type=\"widget\" data-e-type=\"widget\" data-widget_type=\"text-editor.default\">\n\t\t\t\t<div class=\"elementor-widget-container\">\n\t\t\t\t\t\t\t\t\t<p>Ainsi est-il d\u00e9j\u00e0 question de ne pas repr\u00e9senter le r\u00e9el mais de faire percevoir la r\u00e9alit\u00e9 non visible au commun des mortels. Les artistes ont sans aucun doute cette facult\u00e9 de perception, \u00e9trang\u00e8re \u00e0 un grand nombre d\u2019entre nous. Leur travail peut donc aussi consister \u00e0 rendre compte de la complexit\u00e9 et de la beaut\u00e9 du monde qui nous entoure. C\u2019est bien l\u00e0 la d\u00e9marche que l\u2019on retrouve chez L\u00e9a Barbazanges.<\/p>\t\t\t\t\t\t\t\t<\/div>\n\t\t\t\t<\/div>\n\t\t\t\t\t<\/div>\n\t\t<\/div>\n\t\t\t\t\t<\/div>\n\t\t<\/section>\n\t\t\t\t<section class=\"elementor-section elementor-top-section elementor-element elementor-element-b8c82c9 elementor-section-boxed elementor-section-height-default elementor-section-height-default exad-glass-effect-no exad-sticky-section-no\" data-id=\"b8c82c9\" data-element_type=\"section\" data-e-type=\"section\">\n\t\t\t\t\t\t<div class=\"elementor-container elementor-column-gap-default\">\n\t\t\t\t\t<div class=\"elementor-column elementor-col-100 elementor-top-column elementor-element elementor-element-16f94a7 exad-glass-effect-no exad-sticky-section-no\" data-id=\"16f94a7\" data-element_type=\"column\" data-e-type=\"column\">\n\t\t\t<div class=\"elementor-widget-wrap elementor-element-populated\">\n\t\t\t\t\t\t<div class=\"elementor-element elementor-element-064cb74 exad-sticky-section-no exad-glass-effect-no elementor-widget elementor-widget-text-editor\" data-id=\"064cb74\" data-element_type=\"widget\" data-e-type=\"widget\" data-widget_type=\"text-editor.default\">\n\t\t\t\t<div class=\"elementor-widget-container\">\n\t\t\t\t\t\t\t\t\t<p>\u00c0 cette fin, l\u2019artiste pr\u00e9l\u00e8ve des \u00e9l\u00e9ments de son quotidien et en r\u00e9v\u00e8le la nature, la structure, la diversit\u00e9, l\u2019\u00e9l\u00e9gance, la douceur, la transparence ou la plasticit\u00e9. La question de la pr\u00e9servation, inconnue \u00e0 l\u2019\u00e9poque de Ziem, s\u2019est invit\u00e9e depuis dans l\u2019art contemporain. La fragilit\u00e9 d\u2019aigrettes de pissenlit ou de fils d\u2019araign\u00e9e attire ainsi l\u2019attention sur le devenir de ce patrimoine commun et sur la responsabilit\u00e9 de chacun d\u2019entre nous dans un processus de destruction ou de conservation. En cela, certes, nous sommes bien loin de Ziem et de ses \u0153uvres. Pour autant, le regard port\u00e9 par l\u2019artiste sur le monde est non seulement \u00e9merveill\u00e9 mais aussi curieux et scrutateur. \u00c0 l\u2019image d\u2019Hippolyte Taine parlant de Ziem et cit\u00e9 par Edmond About, on pourrait \u00e9galement dire \u00e0 l\u2019\u00e9gard du travail de L\u00e9a Barbazanges : \u00ab Le domaine et les habitudes de l\u2019\u0153il sont transform\u00e9s et renouvel\u00e9s. Le sens de la vision rencontre un autre monde<span style=\"font-size: 6.5pt;\"><sup>2<\/sup><\/span>. \u00bb<\/p>\t\t\t\t\t\t\t\t<\/div>\n\t\t\t\t<\/div>\n\t\t\t\t\t<\/div>\n\t\t<\/div>\n\t\t\t\t\t<\/div>\n\t\t<\/section>\n\t\t\t\t<section class=\"elementor-section elementor-top-section elementor-element elementor-element-80182d6 elementor-section-boxed elementor-section-height-default elementor-section-height-default exad-glass-effect-no exad-sticky-section-no\" data-id=\"80182d6\" data-element_type=\"section\" data-e-type=\"section\">\n\t\t\t\t\t\t<div class=\"elementor-container elementor-column-gap-default\">\n\t\t\t\t\t<div class=\"elementor-column elementor-col-100 elementor-top-column elementor-element elementor-element-df1db7b exad-glass-effect-no exad-sticky-section-no\" data-id=\"df1db7b\" data-element_type=\"column\" data-e-type=\"column\">\n\t\t\t<div class=\"elementor-widget-wrap elementor-element-populated\">\n\t\t\t\t\t\t<div class=\"elementor-element elementor-element-edc781a exad-sticky-section-no exad-glass-effect-no elementor-widget elementor-widget-text-editor\" data-id=\"edc781a\" data-element_type=\"widget\" data-e-type=\"widget\" data-widget_type=\"text-editor.default\">\n\t\t\t\t<div class=\"elementor-widget-container\">\n\t\t\t\t\t\t\t\t\t<p>Avec cette exposition, le mus\u00e9e Ziem invite donc \u00e0 un voyage dans l\u2019invisible, \u00e0 une incursion sur une plan\u00e8te merveilleuse compos\u00e9e d\u2019ailes de mouches, d\u2019\u00e9clats de mica et de poussi\u00e8re de com\u00e8te, \u00e0 un p\u00e9riple au sein d\u2019une nature extraordinaire que nous c\u00f4toyons pourtant chaque jour sans jamais la voir v\u00e9ritablement.<\/p>\t\t\t\t\t\t\t\t<\/div>\n\t\t\t\t<\/div>\n\t\t\t\t\t<\/div>\n\t\t<\/div>\n\t\t\t\t\t<\/div>\n\t\t<\/section>\n\t\t\t\t<section class=\"elementor-section elementor-top-section elementor-element elementor-element-4c8ce7b elementor-section-boxed elementor-section-height-default elementor-section-height-default exad-glass-effect-no exad-sticky-section-no\" data-id=\"4c8ce7b\" data-element_type=\"section\" data-e-type=\"section\">\n\t\t\t\t\t\t<div class=\"elementor-container elementor-column-gap-default\">\n\t\t\t\t\t<div class=\"elementor-column elementor-col-100 elementor-top-column elementor-element elementor-element-f2eeba6 exad-glass-effect-no exad-sticky-section-no\" data-id=\"f2eeba6\" data-element_type=\"column\" data-e-type=\"column\">\n\t\t\t<div class=\"elementor-widget-wrap elementor-element-populated\">\n\t\t\t\t\t\t<div class=\"elementor-element elementor-element-c95f678 exad-sticky-section-no exad-glass-effect-no elementor-widget elementor-widget-text-editor\" data-id=\"c95f678\" data-element_type=\"widget\" data-e-type=\"widget\" data-widget_type=\"text-editor.default\">\n\t\t\t\t<div class=\"elementor-widget-container\">\n\t\t\t\t\t\t\t\t\t<p>Au-del\u00e0 de la splendeur qui nous est ainsi r\u00e9v\u00e9l\u00e9e, L\u00e9a Barbazanges nous offre la vision d\u2019un univers vivant et complexe, fait de d\u00e9licatesse et de po\u00e9sie.<\/p>\t\t\t\t\t\t\t\t<\/div>\n\t\t\t\t<\/div>\n\t\t\t\t\t<\/div>\n\t\t<\/div>\n\t\t\t\t\t<\/div>\n\t\t<\/section>\n\t\t\t\t<section class=\"elementor-section elementor-top-section elementor-element elementor-element-29f78ae elementor-section-boxed elementor-section-height-default elementor-section-height-default exad-glass-effect-no exad-sticky-section-no\" data-id=\"29f78ae\" data-element_type=\"section\" data-e-type=\"section\">\n\t\t\t\t\t\t<div class=\"elementor-container elementor-column-gap-default\">\n\t\t\t\t\t<div class=\"elementor-column elementor-col-50 elementor-top-column elementor-element elementor-element-2ebee82 exad-glass-effect-no exad-sticky-section-no\" data-id=\"2ebee82\" data-element_type=\"column\" data-e-type=\"column\">\n\t\t\t<div class=\"elementor-widget-wrap elementor-element-populated\">\n\t\t\t\t\t\t<div class=\"elementor-element elementor-element-6cce6b8 exad-sticky-section-no exad-glass-effect-no elementor-widget elementor-widget-image\" data-id=\"6cce6b8\" data-element_type=\"widget\" data-e-type=\"widget\" data-widget_type=\"image.default\">\n\t\t\t\t<div class=\"elementor-widget-container\">\n\t\t\t\t\t\t\t\t\t\t\t\t<figure class=\"wp-caption\">\n\t\t\t\t\t\t\t\t\t\t\t<a href=\"http:\/\/www.musees-mediterranee.org\/wp-content\/uploads\/2021\/11\/Poussieres-de-comete.jpg\" data-elementor-open-lightbox=\"yes\" data-elementor-lightbox-title=\"Poussi\u00e8res de com\u00e8te de la mission spatiale Stardust, 2015\" data-elementor-lightbox-description=\"Pastel \u00e0 l\u2019huile et craie s\u00e8che sur papier de coton, 102 x 70 cm \u0152uvre r\u00e9alis\u00e9e avec le soutien de la NASA et du mus\u00e9e de l\u2019Hospice Saint-Roch (Issoudun) \u00a9 Emilie Vialet\" data-e-action-hash=\"#elementor-action%3Aaction%3Dlightbox%26settings%3DeyJpZCI6MzI0NywidXJsIjoiaHR0cDpcL1wvd3d3Lm11c2Vlcy1tZWRpdGVycmFuZWUub3JnXC93cC1jb250ZW50XC91cGxvYWRzXC8yMDIxXC8xMVwvUG91c3NpZXJlcy1kZS1jb21ldGUuanBnIn0%3D\">\n\t\t\t\t\t\t\t<img decoding=\"async\" width=\"668\" height=\"980\" src=\"http:\/\/www.musees-mediterranee.org\/wp-content\/uploads\/2021\/11\/Poussieres-de-comete.jpg\" class=\"attachment-large size-large wp-image-3247\" alt=\"Poussi\u00e8res de com\u00e8te de la mission spatiale Stardust, 2015\" srcset=\"http:\/\/www.musees-mediterranee.org\/wp-content\/uploads\/2021\/11\/Poussieres-de-comete.jpg 668w, http:\/\/www.musees-mediterranee.org\/wp-content\/uploads\/2021\/11\/Poussieres-de-comete-204x300.jpg 204w\" sizes=\"(max-width: 668px) 100vw, 668px\" \/>\t\t\t\t\t\t\t\t<\/a>\n\t\t\t\t\t\t\t\t\t\t\t<figcaption class=\"widget-image-caption wp-caption-text\">Poussi\u00e8res de com\u00e8te de la mission spatiale Stardust, 2015 <br \/>Pastel \u00e0 l\u2019huile et craie s\u00e8che sur papier de coton, <br \/>102 x 70 cm \u0152uvre r\u00e9alis\u00e9e avec le soutien de la NASA et du mus\u00e9e de l\u2019Hospice Saint-Roch (Issoudun) <br \/>\u00a9 Emilie Vialet<\/figcaption>\n\t\t\t\t\t\t\t\t\t\t<\/figure>\n\t\t\t\t\t\t\t\t\t<\/div>\n\t\t\t\t<\/div>\n\t\t\t\t\t<\/div>\n\t\t<\/div>\n\t\t\t\t<div class=\"elementor-column elementor-col-50 elementor-top-column elementor-element elementor-element-6f364c3 exad-glass-effect-no exad-sticky-section-no\" data-id=\"6f364c3\" data-element_type=\"column\" data-e-type=\"column\">\n\t\t\t<div class=\"elementor-widget-wrap elementor-element-populated\">\n\t\t\t\t\t\t<div class=\"elementor-element elementor-element-c95feca exad-sticky-section-no exad-glass-effect-no elementor-widget elementor-widget-image\" data-id=\"c95feca\" data-element_type=\"widget\" data-e-type=\"widget\" data-widget_type=\"image.default\">\n\t\t\t\t<div class=\"elementor-widget-container\">\n\t\t\t\t\t\t\t\t\t\t\t\t<figure class=\"wp-caption\">\n\t\t\t\t\t\t\t\t\t\t\t<a href=\"http:\/\/www.musees-mediterranee.org\/wp-content\/uploads\/2021\/11\/Page-dailes.jpg\" data-elementor-open-lightbox=\"yes\" data-elementor-lightbox-title=\"Page d\u2019ailes, 2005\" data-elementor-lightbox-description=\"Ailes de mouches Calliphora vicina assembl\u00e9es entre elles bord \u00e0 bord, 29,7 x 21 cm \u00a9 Emilie Vialet\" data-e-action-hash=\"#elementor-action%3Aaction%3Dlightbox%26settings%3DeyJpZCI6MzI0NiwidXJsIjoiaHR0cDpcL1wvd3d3Lm11c2Vlcy1tZWRpdGVycmFuZWUub3JnXC93cC1jb250ZW50XC91cGxvYWRzXC8yMDIxXC8xMVwvUGFnZS1kYWlsZXMuanBnIn0%3D\">\n\t\t\t\t\t\t\t<img decoding=\"async\" width=\"538\" height=\"807\" src=\"http:\/\/www.musees-mediterranee.org\/wp-content\/uploads\/2021\/11\/Page-dailes.jpg\" class=\"attachment-large size-large wp-image-3246\" alt=\"Page d\u2019ailes, 2005\" srcset=\"http:\/\/www.musees-mediterranee.org\/wp-content\/uploads\/2021\/11\/Page-dailes.jpg 538w, http:\/\/www.musees-mediterranee.org\/wp-content\/uploads\/2021\/11\/Page-dailes-200x300.jpg 200w\" sizes=\"(max-width: 538px) 100vw, 538px\" \/>\t\t\t\t\t\t\t\t<\/a>\n\t\t\t\t\t\t\t\t\t\t\t<figcaption class=\"widget-image-caption wp-caption-text\">Page d\u2019ailes, 2005 <br \/>Ailes de mouches Calliphora vicina assembl\u00e9es entre elles bord \u00e0 bord,  29,7 x 21 cm <br \/>\u00a9 Emilie Vialet<\/figcaption>\n\t\t\t\t\t\t\t\t\t\t<\/figure>\n\t\t\t\t\t\t\t\t\t<\/div>\n\t\t\t\t<\/div>\n\t\t\t\t\t<\/div>\n\t\t<\/div>\n\t\t\t\t\t<\/div>\n\t\t<\/section>\n\t\t\t\t<section class=\"elementor-section elementor-top-section elementor-element elementor-element-8bb1bdc elementor-section-boxed elementor-section-height-default elementor-section-height-default exad-glass-effect-no exad-sticky-section-no\" data-id=\"8bb1bdc\" data-element_type=\"section\" data-e-type=\"section\">\n\t\t\t\t\t\t<div class=\"elementor-container elementor-column-gap-default\">\n\t\t\t\t\t<div class=\"elementor-column elementor-col-100 elementor-top-column elementor-element elementor-element-10f00ea exad-glass-effect-no exad-sticky-section-no\" data-id=\"10f00ea\" data-element_type=\"column\" data-e-type=\"column\">\n\t\t\t<div class=\"elementor-widget-wrap elementor-element-populated\">\n\t\t\t\t\t\t<div class=\"elementor-element elementor-element-6583da6 exad-sticky-section-no exad-glass-effect-no elementor-widget elementor-widget-image\" data-id=\"6583da6\" data-element_type=\"widget\" data-e-type=\"widget\" data-widget_type=\"image.default\">\n\t\t\t\t<div class=\"elementor-widget-container\">\n\t\t\t\t\t\t\t\t\t\t\t\t<figure class=\"wp-caption\">\n\t\t\t\t\t\t\t\t\t\t\t<a href=\"http:\/\/www.musees-mediterranee.org\/wp-content\/uploads\/2021\/11\/Ligne_mica.jpg\" data-elementor-open-lightbox=\"yes\" data-elementor-lightbox-title=\"Ligne de mica (d\u00e9tail), 2021\" data-elementor-lightbox-description=\"Assemblage r\u00e9tro\u00e9clair\u00e9 de blocs de mica cliv\u00e9s en 12 s\u00e9quences, 30 x 1400 cm\n\u0152uvre r\u00e9alis\u00e9e avec le soutien de la ville de Martigues \u00e0 l\u2019occasion de l\u2019exposition au mus\u00e9e Ziem\n\u00a9 Wei Xing\" data-e-action-hash=\"#elementor-action%3Aaction%3Dlightbox%26settings%3DeyJpZCI6MzM4OCwidXJsIjoiaHR0cDpcL1wvd3d3Lm11c2Vlcy1tZWRpdGVycmFuZWUub3JnXC93cC1jb250ZW50XC91cGxvYWRzXC8yMDIxXC8xMVwvTGlnbmVfbWljYS5qcGcifQ%3D%3D\">\n\t\t\t\t\t\t\t<img loading=\"lazy\" decoding=\"async\" width=\"1000\" height=\"666\" src=\"http:\/\/www.musees-mediterranee.org\/wp-content\/uploads\/2021\/11\/Ligne_mica.jpg\" class=\"attachment-full size-full wp-image-3388\" alt=\"Ligne de mica (d\u00e9tail), 2021\" srcset=\"http:\/\/www.musees-mediterranee.org\/wp-content\/uploads\/2021\/11\/Ligne_mica.jpg 1000w, http:\/\/www.musees-mediterranee.org\/wp-content\/uploads\/2021\/11\/Ligne_mica-300x200.jpg 300w, http:\/\/www.musees-mediterranee.org\/wp-content\/uploads\/2021\/11\/Ligne_mica-768x511.jpg 768w\" sizes=\"(max-width: 1000px) 100vw, 1000px\" \/>\t\t\t\t\t\t\t\t<\/a>\n\t\t\t\t\t\t\t\t\t\t\t<figcaption class=\"widget-image-caption wp-caption-text\">Ligne de mica (d\u00e9tail), 2021<br \/> Assemblage r\u00e9tro\u00e9clair\u00e9 de blocs de mica cliv\u00e9s en 12 s\u00e9quences, 30 x 1400 cm <br \/>\u0152uvre r\u00e9alis\u00e9e avec le soutien de la ville de Martigues \u00e0 l\u2019occasion de l\u2019exposition au mus\u00e9e Ziem <br \/>\u00a9 Wei Xing<\/figcaption>\n\t\t\t\t\t\t\t\t\t\t<\/figure>\n\t\t\t\t\t\t\t\t\t<\/div>\n\t\t\t\t<\/div>\n\t\t\t\t\t<\/div>\n\t\t<\/div>\n\t\t\t\t\t<\/div>\n\t\t<\/section>\n\t\t\t\t<section class=\"elementor-section elementor-top-section elementor-element elementor-element-0d61ec9 elementor-section-boxed elementor-section-height-default elementor-section-height-default exad-glass-effect-no exad-sticky-section-no\" data-id=\"0d61ec9\" data-element_type=\"section\" data-e-type=\"section\">\n\t\t\t\t\t\t<div class=\"elementor-container elementor-column-gap-default\">\n\t\t\t\t\t<div class=\"elementor-column elementor-col-100 elementor-top-column elementor-element elementor-element-29d8ea8 exad-glass-effect-no exad-sticky-section-no\" data-id=\"29d8ea8\" data-element_type=\"column\" data-e-type=\"column\">\n\t\t\t<div class=\"elementor-widget-wrap elementor-element-populated\">\n\t\t\t\t\t\t<div class=\"elementor-element elementor-element-41a60f0 exad-sticky-section-no exad-glass-effect-no elementor-widget elementor-widget-spacer\" data-id=\"41a60f0\" data-element_type=\"widget\" data-e-type=\"widget\" data-widget_type=\"spacer.default\">\n\t\t\t\t<div class=\"elementor-widget-container\">\n\t\t\t\t\t\t\t<div class=\"elementor-spacer\">\n\t\t\t<div class=\"elementor-spacer-inner\"><\/div>\n\t\t<\/div>\n\t\t\t\t\t\t<\/div>\n\t\t\t\t<\/div>\n\t\t\t\t<div class=\"elementor-element elementor-element-856cda2 exad-sticky-section-no exad-glass-effect-no elementor-widget elementor-widget-text-editor\" data-id=\"856cda2\" data-element_type=\"widget\" data-e-type=\"widget\" data-widget_type=\"text-editor.default\">\n\t\t\t\t<div class=\"elementor-widget-container\">\n\t\t\t\t\t\t\t\t\t<p>1 F\u00e9lix Ziem, Journal (1854-1898), \u00e9dition critique \u00e9tablie par Sophie Biass-Fabiani et G\u00e9rard Fabre, Arles, Actes Sud, 1994. <br \/>2 Edmond About, Le Salon de 1866, Paris, Hachette et Cie, 1867<\/p>\t\t\t\t\t\t\t\t<\/div>\n\t\t\t\t<\/div>\n\t\t\t\t\t<\/div>\n\t\t<\/div>\n\t\t\t\t\t<\/div>\n\t\t<\/section>\n\t\t\t\t<\/div>\n\t\t","protected":false},"excerpt":{"rendered":"<p><b>Mus\u00e9e Ziem, Martigues<br \/> 13 octobre 2021 au 30 janvier 2022<\/b><\/p>\n","protected":false},"author":1,"featured_media":3244,"comment_status":"closed","ping_status":"closed","sticky":false,"template":"","format":"standard","meta":{"_acf_changed":false,"_bbp_topic_count":0,"_bbp_reply_count":0,"_bbp_total_topic_count":0,"_bbp_total_reply_count":0,"_bbp_voice_count":0,"_bbp_anonymous_reply_count":0,"_bbp_topic_count_hidden":0,"_bbp_reply_count_hidden":0,"_bbp_forum_subforum_count":0,"iawp_total_views":1,"footnotes":""},"categories":[32,25],"tags":[45],"class_list":["post-3243","post","type-post","status-publish","format-standard","has-post-thumbnail","hentry","category-exposition","category-journal","tag-novembre-2021"],"acf":[],"_links":{"self":[{"href":"http:\/\/www.musees-mediterranee.org\/index.php\/wp-json\/wp\/v2\/posts\/3243","targetHints":{"allow":["GET"]}}],"collection":[{"href":"http:\/\/www.musees-mediterranee.org\/index.php\/wp-json\/wp\/v2\/posts"}],"about":[{"href":"http:\/\/www.musees-mediterranee.org\/index.php\/wp-json\/wp\/v2\/types\/post"}],"author":[{"embeddable":true,"href":"http:\/\/www.musees-mediterranee.org\/index.php\/wp-json\/wp\/v2\/users\/1"}],"replies":[{"embeddable":true,"href":"http:\/\/www.musees-mediterranee.org\/index.php\/wp-json\/wp\/v2\/comments?post=3243"}],"version-history":[{"count":0,"href":"http:\/\/www.musees-mediterranee.org\/index.php\/wp-json\/wp\/v2\/posts\/3243\/revisions"}],"wp:featuredmedia":[{"embeddable":true,"href":"http:\/\/www.musees-mediterranee.org\/index.php\/wp-json\/wp\/v2\/media\/3244"}],"wp:attachment":[{"href":"http:\/\/www.musees-mediterranee.org\/index.php\/wp-json\/wp\/v2\/media?parent=3243"}],"wp:term":[{"taxonomy":"category","embeddable":true,"href":"http:\/\/www.musees-mediterranee.org\/index.php\/wp-json\/wp\/v2\/categories?post=3243"},{"taxonomy":"post_tag","embeddable":true,"href":"http:\/\/www.musees-mediterranee.org\/index.php\/wp-json\/wp\/v2\/tags?post=3243"}],"curies":[{"name":"wp","href":"https:\/\/api.w.org\/{rel}","templated":true}]}}