{"id":3203,"date":"2021-11-16T10:48:59","date_gmt":"2021-11-16T09:48:59","guid":{"rendered":"http:\/\/www.musees-mediterranee.org\/?p=3203"},"modified":"2023-02-08T11:36:57","modified_gmt":"2023-02-08T10:36:57","slug":"arts-decoratifs-et-vie-domestique-a-moustiers-sainte-marie-exposition","status":"publish","type":"post","link":"http:\/\/www.musees-mediterranee.org\/index.php\/2021\/11\/16\/arts-decoratifs-et-vie-domestique-a-moustiers-sainte-marie-exposition\/","title":{"rendered":"Arts d\u00e9coratifs et vie domestique"},"content":{"rendered":"\t\t<div data-elementor-type=\"wp-post\" data-elementor-id=\"3203\" class=\"elementor elementor-3203\" data-elementor-post-type=\"post\">\n\t\t\t\t\t\t<section class=\"elementor-section elementor-top-section elementor-element elementor-element-23bd958 elementor-section-boxed elementor-section-height-default elementor-section-height-default exad-glass-effect-no exad-sticky-section-no\" data-id=\"23bd958\" data-element_type=\"section\" data-e-type=\"section\">\n\t\t\t\t\t\t<div class=\"elementor-container elementor-column-gap-default\">\n\t\t\t\t\t<div class=\"elementor-column elementor-col-100 elementor-top-column elementor-element elementor-element-e812009 exad-glass-effect-no exad-sticky-section-no\" data-id=\"e812009\" data-element_type=\"column\" data-e-type=\"column\">\n\t\t\t<div class=\"elementor-widget-wrap elementor-element-populated\">\n\t\t\t\t\t\t<div class=\"elementor-element elementor-element-4f1e8a5 exad-sticky-section-no exad-glass-effect-no elementor-widget elementor-widget-text-editor\" data-id=\"4f1e8a5\" data-element_type=\"widget\" data-e-type=\"widget\" data-widget_type=\"text-editor.default\">\n\t\t\t\t<div class=\"elementor-widget-container\">\n\t\t\t\t\t\t\t\t\t<p>En 2021, le Mus\u00e9e Proven\u00e7al de Ch\u00e2teau-Gombert externalise une partie de ses collections dans un h\u00f4tel particulier de Moustiers-Sainte-Marie, propri\u00e9t\u00e9 pendant quatre si\u00e8cles d&#8217;une c\u00e9l\u00e8bre famille de magistrats de Haute-Provence. Cette exposition met en sc\u00e8ne, dans une demeure historique conservant de nombreux d\u00e9cors intacts depuis le XVIIIe si\u00e8cle, mobilier, peintures, toiles peintes, fa\u00efences et costumes des XVIIIe et XIXe si\u00e8cles. Un parcours en trois s\u00e9quences (1750-1800-1850) restitue fid\u00e8lement, gr\u00e2ce \u00e0 des inventaires, le cadre de vie d\u2019une famille proven\u00e7ale. Gr\u00e2ce au concours de la maison Bondil, fa\u00efenciers \u00e0 Moustiers labellis\u00e9s &#8220;Entreprise du Patrimoine Vivant&#8221;, une table dress\u00e9e dans la grande salle \u00e0 manger permet d&#8217;appr\u00e9cier l&#8217;\u00e9volution et la virtuosit\u00e9 des d\u00e9cors sur fa\u00efence au cours du XVIIIe si\u00e8cle, source d&#8217;inspiration in\u00e9puisable pour les d\u00e9corateurs d&#8217;aujourd&#8217;hui. <br \/>Visites hebdomadaires assur\u00e9es par les guides-conf\u00e9renciers de l\u2019OT de Moustiers.<\/p><p><a href=\"http:\/\/www.museeprovencal.fr\" target=\"_blank\" rel=\"noopener\">www.museeprovencal.fr<\/a><\/p>\t\t\t\t\t\t\t\t<\/div>\n\t\t\t\t<\/div>\n\t\t\t\t\t<\/div>\n\t\t<\/div>\n\t\t\t\t\t<\/div>\n\t\t<\/section>\n\t\t\t\t<section class=\"elementor-section elementor-top-section elementor-element elementor-element-258139e elementor-section-boxed elementor-section-height-default elementor-section-height-default exad-glass-effect-no exad-sticky-section-no\" data-id=\"258139e\" data-element_type=\"section\" data-e-type=\"section\">\n\t\t\t\t\t\t<div class=\"elementor-container elementor-column-gap-default\">\n\t\t\t\t\t<div class=\"elementor-column elementor-col-100 elementor-top-column elementor-element elementor-element-3501d3a exad-glass-effect-no exad-sticky-section-no\" data-id=\"3501d3a\" data-element_type=\"column\" data-e-type=\"column\">\n\t\t\t<div class=\"elementor-widget-wrap elementor-element-populated\">\n\t\t\t\t\t\t<div class=\"elementor-element elementor-element-0ec5c8e exad-sticky-section-no exad-glass-effect-no elementor-widget elementor-widget-image\" data-id=\"0ec5c8e\" data-element_type=\"widget\" data-e-type=\"widget\" data-widget_type=\"image.default\">\n\t\t\t\t<div class=\"elementor-widget-container\">\n\t\t\t\t\t\t\t\t\t\t\t\t<figure class=\"wp-caption\">\n\t\t\t\t\t\t\t\t\t\t\t<a href=\"http:\/\/www.musees-mediterranee.org\/wp-content\/uploads\/2021\/11\/Moustiers.jpg\" data-elementor-open-lightbox=\"yes\" data-elementor-lightbox-title=\"Toiles peintes \u00e0 d\u00e9cor de fleurs des Indes,\" data-elementor-lightbox-description=\"sc\u00e8nes pastorales et galantes, milieu du XVIIIe si\u00e8cle, salle \u00e0 manger de l\u2019h\u00f4tel Clappier, Moustiers-Sainte-Marie, 2021 \u00a9 A. Mahue\" data-e-action-hash=\"#elementor-action%3Aaction%3Dlightbox%26settings%3DeyJpZCI6MzIwNiwidXJsIjoiaHR0cDpcL1wvd3d3Lm11c2Vlcy1tZWRpdGVycmFuZWUub3JnXC93cC1jb250ZW50XC91cGxvYWRzXC8yMDIxXC8xMVwvTW91c3RpZXJzLmpwZyJ9\">\n\t\t\t\t\t\t\t<img fetchpriority=\"high\" decoding=\"async\" width=\"700\" height=\"667\" src=\"http:\/\/www.musees-mediterranee.org\/wp-content\/uploads\/2021\/11\/Moustiers-1024x976.jpg\" class=\"attachment-large size-large wp-image-3206\" alt=\"Toiles peintes \u00e0 d\u00e9cor de fleurs des Indes,\" srcset=\"http:\/\/www.musees-mediterranee.org\/wp-content\/uploads\/2021\/11\/Moustiers-1024x976.jpg 1024w, http:\/\/www.musees-mediterranee.org\/wp-content\/uploads\/2021\/11\/Moustiers-300x286.jpg 300w, http:\/\/www.musees-mediterranee.org\/wp-content\/uploads\/2021\/11\/Moustiers-768x732.jpg 768w, http:\/\/www.musees-mediterranee.org\/wp-content\/uploads\/2021\/11\/Moustiers-1320x1259.jpg 1320w, http:\/\/www.musees-mediterranee.org\/wp-content\/uploads\/2021\/11\/Moustiers.jpg 1400w\" sizes=\"(max-width: 700px) 100vw, 700px\" \/>\t\t\t\t\t\t\t\t<\/a>\n\t\t\t\t\t\t\t\t\t\t\t<figcaption class=\"widget-image-caption wp-caption-text\">Toiles peintes \u00e0 d\u00e9cor de fleurs des Indes, sc\u00e8nes pastorales et galantes, milieu du XVIIIe si\u00e8cle, salle \u00e0 manger de l\u2019h\u00f4tel Clappier, Moustiers-Sainte-Marie, 2021 \u00a9 A. Mahue<\/figcaption>\n\t\t\t\t\t\t\t\t\t\t<\/figure>\n\t\t\t\t\t\t\t\t\t<\/div>\n\t\t\t\t<\/div>\n\t\t\t\t\t<\/div>\n\t\t<\/div>\n\t\t\t\t\t<\/div>\n\t\t<\/section>\n\t\t\t\t<\/div>\n\t\t","protected":false},"excerpt":{"rendered":"<p><b>Moustiers-Sainte-Marie<\/b><\/p>\n","protected":false},"author":1,"featured_media":3206,"comment_status":"closed","ping_status":"closed","sticky":false,"template":"","format":"standard","meta":{"_acf_changed":false,"_bbp_topic_count":0,"_bbp_reply_count":0,"_bbp_total_topic_count":0,"_bbp_total_reply_count":0,"_bbp_voice_count":0,"_bbp_anonymous_reply_count":0,"_bbp_topic_count_hidden":0,"_bbp_reply_count_hidden":0,"_bbp_forum_subforum_count":0,"iawp_total_views":12,"footnotes":""},"categories":[26,32,25],"tags":[45],"class_list":["post-3203","post","type-post","status-publish","format-standard","has-post-thumbnail","hentry","category-breves","category-exposition","category-journal","tag-novembre-2021"],"acf":[],"_links":{"self":[{"href":"http:\/\/www.musees-mediterranee.org\/index.php\/wp-json\/wp\/v2\/posts\/3203","targetHints":{"allow":["GET"]}}],"collection":[{"href":"http:\/\/www.musees-mediterranee.org\/index.php\/wp-json\/wp\/v2\/posts"}],"about":[{"href":"http:\/\/www.musees-mediterranee.org\/index.php\/wp-json\/wp\/v2\/types\/post"}],"author":[{"embeddable":true,"href":"http:\/\/www.musees-mediterranee.org\/index.php\/wp-json\/wp\/v2\/users\/1"}],"replies":[{"embeddable":true,"href":"http:\/\/www.musees-mediterranee.org\/index.php\/wp-json\/wp\/v2\/comments?post=3203"}],"version-history":[{"count":0,"href":"http:\/\/www.musees-mediterranee.org\/index.php\/wp-json\/wp\/v2\/posts\/3203\/revisions"}],"wp:featuredmedia":[{"embeddable":true,"href":"http:\/\/www.musees-mediterranee.org\/index.php\/wp-json\/wp\/v2\/media\/3206"}],"wp:attachment":[{"href":"http:\/\/www.musees-mediterranee.org\/index.php\/wp-json\/wp\/v2\/media?parent=3203"}],"wp:term":[{"taxonomy":"category","embeddable":true,"href":"http:\/\/www.musees-mediterranee.org\/index.php\/wp-json\/wp\/v2\/categories?post=3203"},{"taxonomy":"post_tag","embeddable":true,"href":"http:\/\/www.musees-mediterranee.org\/index.php\/wp-json\/wp\/v2\/tags?post=3203"}],"curies":[{"name":"wp","href":"https:\/\/api.w.org\/{rel}","templated":true}]}}