{"id":24828,"date":"2026-03-12T10:41:45","date_gmt":"2026-03-12T09:41:45","guid":{"rendered":"http:\/\/www.musees-mediterranee.org\/?p=24828"},"modified":"2026-03-30T09:35:23","modified_gmt":"2026-03-30T07:35:23","slug":"la-vierge-a-la-ceinture-une-oeuvre-de-michel-serre","status":"publish","type":"post","link":"http:\/\/www.musees-mediterranee.org\/index.php\/2026\/03\/12\/la-vierge-a-la-ceinture-une-oeuvre-de-michel-serre\/","title":{"rendered":"La Vierge \u00e0 la ceinture, une \u0153uvre de Michel Serre"},"content":{"rendered":"\t\t<div data-elementor-type=\"wp-post\" data-elementor-id=\"24828\" class=\"elementor elementor-24828\" data-elementor-post-type=\"post\">\n\t\t\t\t<div class=\"elementor-element elementor-element-0bd6c60 e-flex e-con-boxed e-con e-parent\" data-id=\"0bd6c60\" data-element_type=\"container\" data-e-type=\"container\">\n\t\t\t\t\t<div class=\"e-con-inner\">\n\t\t\t\t<div class=\"elementor-element elementor-element-88a3dd2 exad-sticky-section-no exad-glass-effect-no elementor-widget elementor-widget-text-editor\" data-id=\"88a3dd2\" data-element_type=\"widget\" data-e-type=\"widget\" data-widget_type=\"text-editor.default\">\n\t\t\t\t<div class=\"elementor-widget-container\">\n\t\t\t\t\t\t\t\t\t<p>A la faveur de l\u2019important chantier des collections qui s\u2019est tenu en 2024 avec le concours de nombreux conservateurs-restaurateurs, un ambitieux programme de restaurations a \u00e9t\u00e9 initi\u00e9 au Mus\u00e9e des Comtes de Provence par l\u2019Agglom\u00e9ration de Provence Verte. Parmi les \u0153uvres les plus prometteuses, la <em>Vierge \u00e0 la Ceinture<\/em>, toile du peintre baroque Michel Serre (1658-1733), a b\u00e9n\u00e9fici\u00e9 de conditions de restauration particuli\u00e8rement avantageuses au CICRP au cours de l\u2019ann\u00e9e 2025. Conduite par Sophie Lutet-Toti et Florence Gorel avec le concours de R\u00e9mi Rabu, la restauration de cette \u0153uvre, dont l\u2019\u00e9tat de conservation \u00e9tait alarmant, s\u2019est achev\u00e9e en d\u00e9cembre 2025 avec le soutien de la DRAC. Repr\u00e9sentant Saint-Augustin et Sainte-Monique aux c\u00f4t\u00e9s de ch\u00e9rubins dont les traits individualis\u00e9s sont sans doute ceux des enfants du peintre, cette toile occupera une place de choix dans le futur parcours mus\u00e9ographique du mus\u00e9e qui consacrera une s\u00e9quence enti\u00e8re aux fastes de la peinture religieuse en Provence.<\/p>\t\t\t\t\t\t\t\t<\/div>\n\t\t\t\t<\/div>\n\t\t\t\t\t<\/div>\n\t\t\t\t<\/div>\n\t\t<div class=\"elementor-element elementor-element-d5047ee e-flex e-con-boxed e-con e-parent\" data-id=\"d5047ee\" data-element_type=\"container\" data-e-type=\"container\">\n\t\t\t\t\t<div class=\"e-con-inner\">\n\t\t\t\t<div class=\"elementor-element elementor-element-dd242c5 exad-sticky-section-no exad-glass-effect-no elementor-widget elementor-widget-image\" data-id=\"dd242c5\" data-element_type=\"widget\" data-e-type=\"widget\" data-widget_type=\"image.default\">\n\t\t\t\t<div class=\"elementor-widget-container\">\n\t\t\t\t\t\t\t\t\t\t\t\t<figure class=\"wp-caption\">\n\t\t\t\t\t\t\t\t\t\t\t<a href=\"http:\/\/www.musees-mediterranee.org\/wp-content\/uploads\/2026\/03\/Vierge_ceinture.jpg\" data-elementor-open-lightbox=\"yes\" data-e-action-hash=\"#elementor-action%3Aaction%3Dlightbox%26settings%3DeyJpZCI6MjQ4MzcsInVybCI6Imh0dHA6XC9cL3d3dy5tdXNlZXMtbWVkaXRlcnJhbmVlLm9yZ1wvd3AtY29udGVudFwvdXBsb2Fkc1wvMjAyNlwvMDNcL1ZpZXJnZV9jZWludHVyZS5qcGcifQ%3D%3D\">\n\t\t\t\t\t\t\t<img fetchpriority=\"high\" decoding=\"async\" width=\"780\" height=\"894\" src=\"http:\/\/www.musees-mediterranee.org\/wp-content\/uploads\/2026\/03\/Vierge_ceinture.jpg\" class=\"attachment-full size-full wp-image-24837\" alt=\"\" srcset=\"http:\/\/www.musees-mediterranee.org\/wp-content\/uploads\/2026\/03\/Vierge_ceinture.jpg 780w, http:\/\/www.musees-mediterranee.org\/wp-content\/uploads\/2026\/03\/Vierge_ceinture-262x300.jpg 262w, http:\/\/www.musees-mediterranee.org\/wp-content\/uploads\/2026\/03\/Vierge_ceinture-768x880.jpg 768w, http:\/\/www.musees-mediterranee.org\/wp-content\/uploads\/2026\/03\/Vierge_ceinture-205x235.jpg 205w, http:\/\/www.musees-mediterranee.org\/wp-content\/uploads\/2026\/03\/Vierge_ceinture-480x550.jpg 480w\" sizes=\"(max-width: 780px) 100vw, 780px\" \/>\t\t\t\t\t\t\t\t<\/a>\n\t\t\t\t\t\t\t\t\t\t\t<figcaption class=\"widget-image-caption wp-caption-text\">Michel SERRE (1658-1733),<br \/> <i>Vierge \u00e0 la ceinture<\/i>, huile sur toile, 303 x 230 cm, <br \/> collections du Mus\u00e9e des Comtes de Provence, Brignoles, <br \/> \u00e9tat en cours de restauration, <br \/> le 26 septembre 2025 au CICRP, Marseille.<\/figcaption>\n\t\t\t\t\t\t\t\t\t\t<\/figure>\n\t\t\t\t\t\t\t\t\t<\/div>\n\t\t\t\t<\/div>\n\t\t\t\t\t<\/div>\n\t\t\t\t<\/div>\n\t\t\t\t<\/div>\n\t\t","protected":false},"excerpt":{"rendered":"<p>Restaur\u00e9e pour le mus\u00e9e des Comtes de Provence \u00e0 Brignoles<\/p>\n","protected":false},"author":1,"featured_media":24829,"comment_status":"closed","ping_status":"closed","sticky":false,"template":"","format":"standard","meta":{"_acf_changed":false,"_bbp_topic_count":0,"_bbp_reply_count":0,"_bbp_total_topic_count":0,"_bbp_total_reply_count":0,"_bbp_voice_count":0,"_bbp_anonymous_reply_count":0,"_bbp_topic_count_hidden":0,"_bbp_reply_count_hidden":0,"_bbp_forum_subforum_count":0,"iawp_total_views":20,"footnotes":""},"categories":[56,25,33,80],"tags":[275],"class_list":["post-24828","post","type-post","status-publish","format-standard","has-post-thumbnail","hentry","category-archivenon","category-journal","category-restauration","category-visible","tag-mars-2026"],"acf":[],"_links":{"self":[{"href":"http:\/\/www.musees-mediterranee.org\/index.php\/wp-json\/wp\/v2\/posts\/24828","targetHints":{"allow":["GET"]}}],"collection":[{"href":"http:\/\/www.musees-mediterranee.org\/index.php\/wp-json\/wp\/v2\/posts"}],"about":[{"href":"http:\/\/www.musees-mediterranee.org\/index.php\/wp-json\/wp\/v2\/types\/post"}],"author":[{"embeddable":true,"href":"http:\/\/www.musees-mediterranee.org\/index.php\/wp-json\/wp\/v2\/users\/1"}],"replies":[{"embeddable":true,"href":"http:\/\/www.musees-mediterranee.org\/index.php\/wp-json\/wp\/v2\/comments?post=24828"}],"version-history":[{"count":0,"href":"http:\/\/www.musees-mediterranee.org\/index.php\/wp-json\/wp\/v2\/posts\/24828\/revisions"}],"wp:featuredmedia":[{"embeddable":true,"href":"http:\/\/www.musees-mediterranee.org\/index.php\/wp-json\/wp\/v2\/media\/24829"}],"wp:attachment":[{"href":"http:\/\/www.musees-mediterranee.org\/index.php\/wp-json\/wp\/v2\/media?parent=24828"}],"wp:term":[{"taxonomy":"category","embeddable":true,"href":"http:\/\/www.musees-mediterranee.org\/index.php\/wp-json\/wp\/v2\/categories?post=24828"},{"taxonomy":"post_tag","embeddable":true,"href":"http:\/\/www.musees-mediterranee.org\/index.php\/wp-json\/wp\/v2\/tags?post=24828"}],"curies":[{"name":"wp","href":"https:\/\/api.w.org\/{rel}","templated":true}]}}