{"id":24632,"date":"2026-03-03T09:07:38","date_gmt":"2026-03-03T08:07:38","guid":{"rendered":"http:\/\/www.musees-mediterranee.org\/?p=24632"},"modified":"2026-03-03T09:10:16","modified_gmt":"2026-03-03T08:10:16","slug":"journee-detude-sur-les-artotheques-conserver-diffuser-et-exposer","status":"publish","type":"post","link":"http:\/\/www.musees-mediterranee.org\/index.php\/2026\/03\/03\/journee-detude-sur-les-artotheques-conserver-diffuser-et-exposer\/","title":{"rendered":"Journ\u00e9e d\u2019\u00e9tude sur les Artoth\u00e8ques \u00ab Conserver, diffuser et exposer \u00bb"},"content":{"rendered":"\t\t<div data-elementor-type=\"wp-post\" data-elementor-id=\"24632\" class=\"elementor elementor-24632\" data-elementor-post-type=\"post\">\n\t\t\t\t<div class=\"elementor-element elementor-element-82a2805 e-flex e-con-boxed e-con e-parent\" data-id=\"82a2805\" data-element_type=\"container\" data-e-type=\"container\">\n\t\t\t\t\t<div class=\"e-con-inner\">\n\t\t\t\t<div class=\"elementor-element elementor-element-b6849c7 exad-sticky-section-no exad-glass-effect-no elementor-widget elementor-widget-text-editor\" data-id=\"b6849c7\" data-element_type=\"widget\" data-e-type=\"widget\" data-widget_type=\"text-editor.default\">\n\t\t\t\t<div class=\"elementor-widget-container\">\n\t\t\t\t\t\t\t\t\t<p>L&#8217;association Auvergne-Rh\u00f4ne-Alpes des conservateurs et des personnel des mus\u00e9es de France (AARAC) organise une journ\u00e9e d\u2019\u00e9tude sur les Artoth\u00e8ques autour du th\u00e8me \u00ab Conserver, diffuser et exposer \u00bb qui se tiendra \u00e0 l&#8217;H\u00f4tel de R\u00e9gion de Clermont-Ferrand, le vendredi 27 mars 2026.<br \/>Cette journ\u00e9e &#8211; ouverte \u00e0 tous sur inscription &#8211; est con\u00e7ue en partenariat avec l\u2019association Mus\u00e9es et Patrimoines en Bourgogne-Franche-Comt\u00e9, et avec le soutien du Cnap.<br \/><br \/>Le programme et le bulletin d&#8217;inscription sont <a href=\"https:\/\/www.aarac.fr\/journee-detude-sur-les-artotheques\" target=\"_blank\" rel=\"noopener\">t\u00e9l\u00e9chargeables sur le site-web de l&#8217;AARAC<\/a><br \/>Les inscriptions sont \u00e0 renvoyer avant le 23 mars \u00e0 l&#8217;adresse <a href=\"mailto:aarac.contact@aarac.fr\" target=\"_blank\" rel=\"noopener\">aarac.contact@aarac.fr<\/a>.<\/p>\t\t\t\t\t\t\t\t<\/div>\n\t\t\t\t<\/div>\n\t\t\t\t\t<\/div>\n\t\t\t\t<\/div>\n\t\t\t\t<\/div>\n\t\t","protected":false},"excerpt":{"rendered":"<p>le vendredi 27 mars 2026<br \/>\nH\u00f4tel de R\u00e9gion de Clermont-Ferrand<\/p>\n","protected":false},"author":1,"featured_media":0,"comment_status":"closed","ping_status":"closed","sticky":false,"template":"","format":"standard","meta":{"_acf_changed":false,"_bbp_topic_count":0,"_bbp_reply_count":0,"_bbp_total_topic_count":0,"_bbp_total_reply_count":0,"_bbp_voice_count":0,"_bbp_anonymous_reply_count":0,"_bbp_topic_count_hidden":0,"_bbp_reply_count_hidden":0,"_bbp_forum_subforum_count":0,"iawp_total_views":5,"footnotes":""},"categories":[274],"tags":[],"class_list":["post-24632","post","type-post","status-publish","format-standard","hentry","category-reseau_actualites"],"acf":[],"_links":{"self":[{"href":"http:\/\/www.musees-mediterranee.org\/index.php\/wp-json\/wp\/v2\/posts\/24632","targetHints":{"allow":["GET"]}}],"collection":[{"href":"http:\/\/www.musees-mediterranee.org\/index.php\/wp-json\/wp\/v2\/posts"}],"about":[{"href":"http:\/\/www.musees-mediterranee.org\/index.php\/wp-json\/wp\/v2\/types\/post"}],"author":[{"embeddable":true,"href":"http:\/\/www.musees-mediterranee.org\/index.php\/wp-json\/wp\/v2\/users\/1"}],"replies":[{"embeddable":true,"href":"http:\/\/www.musees-mediterranee.org\/index.php\/wp-json\/wp\/v2\/comments?post=24632"}],"version-history":[{"count":0,"href":"http:\/\/www.musees-mediterranee.org\/index.php\/wp-json\/wp\/v2\/posts\/24632\/revisions"}],"wp:attachment":[{"href":"http:\/\/www.musees-mediterranee.org\/index.php\/wp-json\/wp\/v2\/media?parent=24632"}],"wp:term":[{"taxonomy":"category","embeddable":true,"href":"http:\/\/www.musees-mediterranee.org\/index.php\/wp-json\/wp\/v2\/categories?post=24632"},{"taxonomy":"post_tag","embeddable":true,"href":"http:\/\/www.musees-mediterranee.org\/index.php\/wp-json\/wp\/v2\/tags?post=24632"}],"curies":[{"name":"wp","href":"https:\/\/api.w.org\/{rel}","templated":true}]}}