{"id":24203,"date":"2026-01-13T09:42:55","date_gmt":"2026-01-13T08:42:55","guid":{"rendered":"http:\/\/www.musees-mediterranee.org\/?p=24203"},"modified":"2026-01-13T09:48:18","modified_gmt":"2026-01-13T08:48:18","slug":"en-foret-de-la-gestion-a-levasion","status":"publish","type":"post","link":"http:\/\/www.musees-mediterranee.org\/index.php\/2026\/01\/13\/en-foret-de-la-gestion-a-levasion\/","title":{"rendered":"En For\u00eat, de la gestion \u00e0 l\u2019\u00e9vasion"},"content":{"rendered":"","protected":false},"excerpt":{"rendered":"<p>Exposition temporaire au mus\u00e9e de Salagon jusqu&#8217;au 15 d\u00e9cembre 2026<\/p>\n","protected":false},"author":1,"featured_media":24204,"comment_status":"closed","ping_status":"closed","sticky":false,"template":"","format":"standard","meta":{"_acf_changed":false,"_bbp_topic_count":0,"_bbp_reply_count":0,"_bbp_total_topic_count":0,"_bbp_total_reply_count":0,"_bbp_voice_count":0,"_bbp_anonymous_reply_count":0,"_bbp_topic_count_hidden":0,"_bbp_reply_count_hidden":0,"_bbp_forum_subforum_count":0,"iawp_total_views":8,"footnotes":""},"categories":[249,24],"tags":[],"class_list":["post-24203","post","type-post","status-publish","format-standard","has-post-thumbnail","hentry","category-actualites-adherents","category-en-ligne"],"acf":[],"_links":{"self":[{"href":"http:\/\/www.musees-mediterranee.org\/index.php\/wp-json\/wp\/v2\/posts\/24203","targetHints":{"allow":["GET"]}}],"collection":[{"href":"http:\/\/www.musees-mediterranee.org\/index.php\/wp-json\/wp\/v2\/posts"}],"about":[{"href":"http:\/\/www.musees-mediterranee.org\/index.php\/wp-json\/wp\/v2\/types\/post"}],"author":[{"embeddable":true,"href":"http:\/\/www.musees-mediterranee.org\/index.php\/wp-json\/wp\/v2\/users\/1"}],"replies":[{"embeddable":true,"href":"http:\/\/www.musees-mediterranee.org\/index.php\/wp-json\/wp\/v2\/comments?post=24203"}],"version-history":[{"count":0,"href":"http:\/\/www.musees-mediterranee.org\/index.php\/wp-json\/wp\/v2\/posts\/24203\/revisions"}],"wp:featuredmedia":[{"embeddable":true,"href":"http:\/\/www.musees-mediterranee.org\/index.php\/wp-json\/wp\/v2\/media\/24204"}],"wp:attachment":[{"href":"http:\/\/www.musees-mediterranee.org\/index.php\/wp-json\/wp\/v2\/media?parent=24203"}],"wp:term":[{"taxonomy":"category","embeddable":true,"href":"http:\/\/www.musees-mediterranee.org\/index.php\/wp-json\/wp\/v2\/categories?post=24203"},{"taxonomy":"post_tag","embeddable":true,"href":"http:\/\/www.musees-mediterranee.org\/index.php\/wp-json\/wp\/v2\/tags?post=24203"}],"curies":[{"name":"wp","href":"https:\/\/api.w.org\/{rel}","templated":true}]}}