{"id":23868,"date":"2025-12-13T14:51:22","date_gmt":"2025-12-13T13:51:22","guid":{"rendered":"http:\/\/www.musees-mediterranee.org\/?p=23868"},"modified":"2026-03-30T09:31:30","modified_gmt":"2026-03-30T07:31:30","slug":"levangile-illustre-de-gerard-lattier","status":"publish","type":"post","link":"http:\/\/www.musees-mediterranee.org\/index.php\/2025\/12\/13\/levangile-illustre-de-gerard-lattier\/","title":{"rendered":"L&#8217;Evangile illustr\u00e9 de G\u00e9rard Lattier"},"content":{"rendered":"\t\t<div data-elementor-type=\"wp-post\" data-elementor-id=\"23868\" class=\"elementor elementor-23868\" data-elementor-post-type=\"post\">\n\t\t\t\t<div class=\"elementor-element elementor-element-8d0877c e-flex e-con-boxed e-con e-parent\" data-id=\"8d0877c\" data-element_type=\"container\" data-e-type=\"container\">\n\t\t\t\t\t<div class=\"e-con-inner\">\n\t\t\t\t<div class=\"elementor-element elementor-element-3ce045b exad-sticky-section-no exad-glass-effect-no elementor-widget elementor-widget-text-editor\" data-id=\"3ce045b\" data-element_type=\"widget\" data-e-type=\"widget\" data-widget_type=\"text-editor.default\">\n\t\t\t\t<div class=\"elementor-widget-container\">\n\t\t\t\t\t\t\t\t\t<p>Direction du Conseil d\u00e9partemental du Gard, la Conservation d\u00e9partementale g\u00e8re un r\u00e9seau de trois mus\u00e9es de France agr\u00e9\u00e9s par le minist\u00e8re de la Culture. Afin de les animer, l\u2019organisation de trois expositions annuelles a \u00e9t\u00e9 mise en place en 2024. Le choix de d\u00e9velopper des th\u00e9matiques communes aux trois \u00e9tablissements est rapidement apparu comme n\u00e9cessaire pour donner de la coh\u00e9rence \u00e0 cette programmation. Ainsi 2025 est-elle l\u2019ann\u00e9e de l\u2019art brut. Elle a d\u00e9but\u00e9 par une exposition consacr\u00e9e au peintre et po\u00e8te Roger Lorance au mus\u00e9e Pierre-de-Luxembourg de Villeneuve lez Avignon et se terminera par un hommage \u00e0 Lena Vandrey au mus\u00e9e Albert-Andr\u00e9 de Bagnols-sur-C\u00e8ze. <br \/>Le mus\u00e9e la\u00efque d\u2019Art sacr\u00e9 de Pont-Saint-Esprit, quant \u00e0 lui, pr\u00e9sente la donation r\u00e9alis\u00e9e par G\u00e9rard Lattier au Conseil d\u00e9partemental soit, au total, 78 panneaux consacr\u00e9s \u00e0 la vie de J\u00e9sus. <br \/>R\u00e9alis\u00e9 entre 2006 et 2009,<em> l\u2019\u00c9vangile selon \u00ab saint Lattier \u00bb<\/em> illustre, avec beaucoup de tendresse et d\u2019humour, les principaux \u00e9pisodes de la vie du Christ ainsi que son message d\u2019amour et de tol\u00e9rance. Son style, na\u00eff et tr\u00e8s color\u00e9, m\u00eale avec bonheur sc\u00e8nes bibliques et personnages de l\u2019entourage du peintre. Ainsi Marie est-elle figur\u00e9e par Annie, son \u00e9pouse, parfaitement reconnaissable gr\u00e2ce \u00e0 sa robe blanche orn\u00e9e d\u2019un petit train rouge. Lui-m\u00eame se repr\u00e9sente \u00e0 plusieurs reprises soit participant \u00e0 l\u2019\u00e9v\u00e8nement &#8211; comme dans<em> la C\u00e8ne<\/em> par exemple &#8211; soit figurant l\u2019\u00e9v\u00e8nement &#8211; comme dans <em>Ne donnez pas vos perles aux pourceaux<\/em> &#8211; proposant ainsi une belle mise en ab\u00eeme. La majorit\u00e9 des sc\u00e8nes se d\u00e9roulent en Ard\u00e8che, dans le village de Ruoms dont la famille de Lattier est originaire, ancrant ainsi un peu plus l\u2019\u00c9vangile dans son environnement. <br \/>Fortement marqu\u00e9 par les atrocit\u00e9s de la Seconde guerre mondiale, et rejetant toutes formes d\u2019int\u00e9grismes, le peintre d\u00e9nonce avec verve les d\u00e9rives des r\u00e9gimes politiques dictatoriaux tout comme les massacres perp\u00e9tr\u00e9s au nom de la religion. <br \/>Profond\u00e9ment humaniste et bienveillant, G\u00e9rard Lattier livre avec son <em>\u00c9vangile<\/em> une belle le\u00e7on de vie, d\u2019amour et d\u2019espoir.<\/p>\t\t\t\t\t\t\t\t<\/div>\n\t\t\t\t<\/div>\n\t\t\t\t\t<\/div>\n\t\t\t\t<\/div>\n\t\t<div class=\"elementor-element elementor-element-068c7ed e-flex e-con-boxed e-con e-parent\" data-id=\"068c7ed\" data-element_type=\"container\" data-e-type=\"container\">\n\t\t\t\t\t<div class=\"e-con-inner\">\n\t\t\t\t<div class=\"elementor-element elementor-element-1f51e89 exad-sticky-section-no exad-glass-effect-no elementor-widget elementor-widget-gallery\" data-id=\"1f51e89\" data-element_type=\"widget\" data-e-type=\"widget\" data-settings=\"{&quot;columns&quot;:2,&quot;gap&quot;:{&quot;unit&quot;:&quot;px&quot;,&quot;size&quot;:3,&quot;sizes&quot;:[]},&quot;lazyload&quot;:&quot;yes&quot;,&quot;gallery_layout&quot;:&quot;grid&quot;,&quot;columns_tablet&quot;:2,&quot;columns_mobile&quot;:1,&quot;gap_tablet&quot;:{&quot;unit&quot;:&quot;px&quot;,&quot;size&quot;:10,&quot;sizes&quot;:[]},&quot;gap_mobile&quot;:{&quot;unit&quot;:&quot;px&quot;,&quot;size&quot;:10,&quot;sizes&quot;:[]},&quot;link_to&quot;:&quot;file&quot;,&quot;aspect_ratio&quot;:&quot;3:2&quot;,&quot;overlay_background&quot;:&quot;yes&quot;,&quot;content_hover_animation&quot;:&quot;fade-in&quot;}\" data-widget_type=\"gallery.default\">\n\t\t\t\t<div class=\"elementor-widget-container\">\n\t\t\t\t\t\t\t<div class=\"elementor-gallery__container\">\n\t\t\t\t\t\t\t<a class=\"e-gallery-item elementor-gallery-item elementor-animated-content\" href=\"http:\/\/www.musees-mediterranee.org\/wp-content\/uploads\/2025\/12\/1.LAnnonce-faite-a-Marie.jpg\" data-elementor-open-lightbox=\"yes\" data-elementor-lightbox-slideshow=\"1f51e89\" data-elementor-lightbox-description=\"\u00a9 Jacques Poujoulat\" data-e-action-hash=\"#elementor-action%3Aaction%3Dlightbox%26settings%3DeyJpZCI6MjQwMTksInVybCI6Imh0dHA6XC9cL3d3dy5tdXNlZXMtbWVkaXRlcnJhbmVlLm9yZ1wvd3AtY29udGVudFwvdXBsb2Fkc1wvMjAyNVwvMTJcLzEuTEFubm9uY2UtZmFpdGUtYS1NYXJpZS5qcGciLCJzbGlkZXNob3ciOiIxZjUxZTg5In0%3D\">\n\t\t\t\t\t<div class=\"e-gallery-image elementor-gallery-item__image\" data-thumbnail=\"http:\/\/www.musees-mediterranee.org\/wp-content\/uploads\/2025\/12\/1.LAnnonce-faite-a-Marie.jpg\" data-width=\"1090\" data-height=\"1076\" aria-label=\"\" role=\"img\" ><\/div>\n\t\t\t\t\t\t\t\t\t\t\t<div class=\"elementor-gallery-item__overlay\"><\/div>\n\t\t\t\t\t\t\t\t\t\t\t\t\t\t<\/a>\n\t\t\t\t\t\t\t<a class=\"e-gallery-item elementor-gallery-item elementor-animated-content\" href=\"http:\/\/www.musees-mediterranee.org\/wp-content\/uploads\/2025\/12\/2.Leve-toi-et-marche.jpg\" data-elementor-open-lightbox=\"yes\" data-elementor-lightbox-slideshow=\"1f51e89\" data-elementor-lightbox-description=\"\u00a9 Jacques Poujoulat\" data-e-action-hash=\"#elementor-action%3Aaction%3Dlightbox%26settings%3DeyJpZCI6MjQwMjAsInVybCI6Imh0dHA6XC9cL3d3dy5tdXNlZXMtbWVkaXRlcnJhbmVlLm9yZ1wvd3AtY29udGVudFwvdXBsb2Fkc1wvMjAyNVwvMTJcLzIuTGV2ZS10b2ktZXQtbWFyY2hlLmpwZyIsInNsaWRlc2hvdyI6IjFmNTFlODkifQ%3D%3D\">\n\t\t\t\t\t<div class=\"e-gallery-image elementor-gallery-item__image\" data-thumbnail=\"http:\/\/www.musees-mediterranee.org\/wp-content\/uploads\/2025\/12\/2.Leve-toi-et-marche.jpg\" data-width=\"1461\" data-height=\"1140\" aria-label=\"\" role=\"img\" ><\/div>\n\t\t\t\t\t\t\t\t\t\t\t<div class=\"elementor-gallery-item__overlay\"><\/div>\n\t\t\t\t\t\t\t\t\t\t\t\t\t\t<\/a>\n\t\t\t\t\t\t\t<a class=\"e-gallery-item elementor-gallery-item elementor-animated-content\" href=\"http:\/\/www.musees-mediterranee.org\/wp-content\/uploads\/2025\/12\/3.Le-baiser-de-judas.jpg\" data-elementor-open-lightbox=\"yes\" data-elementor-lightbox-slideshow=\"1f51e89\" data-elementor-lightbox-description=\"\u00a9 Jacques Poujoulat\" data-e-action-hash=\"#elementor-action%3Aaction%3Dlightbox%26settings%3DeyJpZCI6MjQwMjEsInVybCI6Imh0dHA6XC9cL3d3dy5tdXNlZXMtbWVkaXRlcnJhbmVlLm9yZ1wvd3AtY29udGVudFwvdXBsb2Fkc1wvMjAyNVwvMTJcLzMuTGUtYmFpc2VyLWRlLWp1ZGFzLmpwZyIsInNsaWRlc2hvdyI6IjFmNTFlODkifQ%3D%3D\">\n\t\t\t\t\t<div class=\"e-gallery-image elementor-gallery-item__image\" data-thumbnail=\"http:\/\/www.musees-mediterranee.org\/wp-content\/uploads\/2025\/12\/3.Le-baiser-de-judas.jpg\" data-width=\"1458\" data-height=\"1130\" aria-label=\"\" role=\"img\" ><\/div>\n\t\t\t\t\t\t\t\t\t\t\t<div class=\"elementor-gallery-item__overlay\"><\/div>\n\t\t\t\t\t\t\t\t\t\t\t\t\t\t<\/a>\n\t\t\t\t\t\t\t<a class=\"e-gallery-item elementor-gallery-item elementor-animated-content\" href=\"http:\/\/www.musees-mediterranee.org\/wp-content\/uploads\/2025\/12\/4.Ecce-homo.jpg\" data-elementor-open-lightbox=\"yes\" data-elementor-lightbox-slideshow=\"1f51e89\" data-elementor-lightbox-description=\"\u00a9 Jacques Poujoulat\" data-e-action-hash=\"#elementor-action%3Aaction%3Dlightbox%26settings%3DeyJpZCI6MjQwMTgsInVybCI6Imh0dHA6XC9cL3d3dy5tdXNlZXMtbWVkaXRlcnJhbmVlLm9yZ1wvd3AtY29udGVudFwvdXBsb2Fkc1wvMjAyNVwvMTJcLzQuRWNjZS1ob21vLmpwZyIsInNsaWRlc2hvdyI6IjFmNTFlODkifQ%3D%3D\">\n\t\t\t\t\t<div class=\"e-gallery-image elementor-gallery-item__image\" data-thumbnail=\"http:\/\/www.musees-mediterranee.org\/wp-content\/uploads\/2025\/12\/4.Ecce-homo.jpg\" data-width=\"1450\" data-height=\"1139\" aria-label=\"\" role=\"img\" ><\/div>\n\t\t\t\t\t\t\t\t\t\t\t<div class=\"elementor-gallery-item__overlay\"><\/div>\n\t\t\t\t\t\t\t\t\t\t\t\t\t\t<\/a>\n\t\t\t\t\t<\/div>\n\t\t\t\t\t<\/div>\n\t\t\t\t<\/div>\n\t\t\t\t\t<\/div>\n\t\t\t\t<\/div>\n\t\t<div class=\"elementor-element elementor-element-6bc7184 e-flex e-con-boxed e-con e-parent\" data-id=\"6bc7184\" data-element_type=\"container\" data-e-type=\"container\">\n\t\t\t\t\t<div class=\"e-con-inner\">\n\t\t\t\t<div class=\"elementor-element elementor-element-e1f8c37 exad-sticky-section-no exad-glass-effect-no elementor-widget elementor-widget-text-editor\" data-id=\"e1f8c37\" data-element_type=\"widget\" data-e-type=\"widget\" data-widget_type=\"text-editor.default\">\n\t\t\t\t<div class=\"elementor-widget-container\">\n\t\t\t\t\t\t\t\t\t<p>\u00a9 Jacques Poujoulat<\/p>\t\t\t\t\t\t\t\t<\/div>\n\t\t\t\t<\/div>\n\t\t\t\t\t<\/div>\n\t\t\t\t<\/div>\n\t\t\t\t<\/div>\n\t\t","protected":false},"excerpt":{"rendered":"<p>Le mus\u00e9e la\u00efque d\u2019Art sacr\u00e9 de Pont-Saint-Esprit, pr\u00e9sente la donation r\u00e9alis\u00e9e par G\u00e9rard Lattier au Conseil d\u00e9partemental soit, au total, 78 panneaux consacr\u00e9s \u00e0 la vie de J\u00e9sus. <\/p>\n","protected":false},"author":1,"featured_media":24019,"comment_status":"closed","ping_status":"closed","sticky":false,"template":"","format":"standard","meta":{"_acf_changed":false,"_bbp_topic_count":0,"_bbp_reply_count":0,"_bbp_total_topic_count":0,"_bbp_total_reply_count":0,"_bbp_voice_count":0,"_bbp_anonymous_reply_count":0,"_bbp_topic_count_hidden":0,"_bbp_reply_count_hidden":0,"_bbp_forum_subforum_count":0,"iawp_total_views":29,"footnotes":""},"categories":[32,25],"tags":[272],"class_list":["post-23868","post","type-post","status-publish","format-standard","has-post-thumbnail","hentry","category-exposition","category-journal","tag-decembre-2025"],"acf":[],"_links":{"self":[{"href":"http:\/\/www.musees-mediterranee.org\/index.php\/wp-json\/wp\/v2\/posts\/23868","targetHints":{"allow":["GET"]}}],"collection":[{"href":"http:\/\/www.musees-mediterranee.org\/index.php\/wp-json\/wp\/v2\/posts"}],"about":[{"href":"http:\/\/www.musees-mediterranee.org\/index.php\/wp-json\/wp\/v2\/types\/post"}],"author":[{"embeddable":true,"href":"http:\/\/www.musees-mediterranee.org\/index.php\/wp-json\/wp\/v2\/users\/1"}],"replies":[{"embeddable":true,"href":"http:\/\/www.musees-mediterranee.org\/index.php\/wp-json\/wp\/v2\/comments?post=23868"}],"version-history":[{"count":0,"href":"http:\/\/www.musees-mediterranee.org\/index.php\/wp-json\/wp\/v2\/posts\/23868\/revisions"}],"wp:featuredmedia":[{"embeddable":true,"href":"http:\/\/www.musees-mediterranee.org\/index.php\/wp-json\/wp\/v2\/media\/24019"}],"wp:attachment":[{"href":"http:\/\/www.musees-mediterranee.org\/index.php\/wp-json\/wp\/v2\/media?parent=23868"}],"wp:term":[{"taxonomy":"category","embeddable":true,"href":"http:\/\/www.musees-mediterranee.org\/index.php\/wp-json\/wp\/v2\/categories?post=23868"},{"taxonomy":"post_tag","embeddable":true,"href":"http:\/\/www.musees-mediterranee.org\/index.php\/wp-json\/wp\/v2\/tags?post=23868"}],"curies":[{"name":"wp","href":"https:\/\/api.w.org\/{rel}","templated":true}]}}