{"id":22897,"date":"2025-09-24T10:02:36","date_gmt":"2025-09-24T08:02:36","guid":{"rendered":"http:\/\/www.musees-mediterranee.org\/?p=22897"},"modified":"2025-12-18T16:24:42","modified_gmt":"2025-12-18T15:24:42","slug":"journee-detude-sur-les-bibliotheque-musees","status":"publish","type":"post","link":"http:\/\/www.musees-mediterranee.org\/index.php\/2025\/09\/24\/journee-detude-sur-les-bibliotheque-musees\/","title":{"rendered":"Journ\u00e9e d&#8217;\u00e9tude sur les Biblioth\u00e8que-Mus\u00e9es"},"content":{"rendered":"\t\t<div data-elementor-type=\"wp-post\" data-elementor-id=\"22897\" class=\"elementor elementor-22897\" data-elementor-post-type=\"post\">\n\t\t\t\t<div class=\"elementor-element elementor-element-51144f7 e-flex e-con-boxed e-con e-parent\" data-id=\"51144f7\" data-element_type=\"container\" data-e-type=\"container\">\n\t\t\t\t\t<div class=\"e-con-inner\">\n\t\t\t\t<div class=\"elementor-element elementor-element-f21c819 exad-sticky-section-no exad-glass-effect-no elementor-widget elementor-widget-text-editor\" data-id=\"f21c819\" data-element_type=\"widget\" data-e-type=\"widget\" data-widget_type=\"text-editor.default\">\n\t\t\t\t<div class=\"elementor-widget-container\">\n\t\t\t\t\t\t\t\t\t<p>Mus\u00e9es M\u00e9diterran\u00e9e propose une journ\u00e9e d\u2019\u00e9tude consacr\u00e9e au th\u00e8me des \u00ab Biblioth\u00e8ques-Mus\u00e9es \u00bb, qui se d\u00e9roulera le mardi 4 novembre 2025 \u00e0 Carpentras, \u00e0 l\u2019Inguimbertine (H\u00f4tel Dieu).<br \/>Ces rencontres proposent d\u2019aborder les aspects historiques de ces institutions et d\u2019\u00e9tudier leurs atouts culturels pour le public du XXI\u00b0 si\u00e8cle. Elles traiteront aussi des questions techniques et professionnelles sur les approches convergentes ou divergentes dans l\u2019appr\u00e9hension du livre et de l\u2019objet (inventaire et catalogage, conservation, restauration, valorisation).<br \/>Cette journ\u00e9e se d\u00e9roulera simultan\u00e9ment \u00e0 la Biblioth\u00e8que-Mus\u00e9e Inguibertine et en visio-conf\u00e9rence. La visite de la biblioth\u00e8que-mus\u00e9e Inguimbertine se fera sous la conduite de Jean-Yves Baudouy, directeur, co-pilote de cette programmation.<\/p><p>Le programme, les pr\u00e9-actes et l&#8217;inscription sont sur la <a href=\"http:\/\/www.musees-mediterranee.org\/index.php\/2025\/09\/09\/journee-detude-les-bibliotheques-museesbr-4-novembre-2025-linguimbertine-carpentras-et-visioconference\/\" target=\"_blank\" rel=\"noopener\">page d\u00e9di\u00e9e<\/a>.<\/p>\t\t\t\t\t\t\t\t<\/div>\n\t\t\t\t<\/div>\n\t\t\t\t\t<\/div>\n\t\t\t\t<\/div>\n\t\t<div class=\"elementor-element elementor-element-6466a53 e-flex e-con-boxed e-con e-parent\" data-id=\"6466a53\" data-element_type=\"container\" data-e-type=\"container\">\n\t\t\t\t\t<div class=\"e-con-inner\">\n\t\t\t\t<div class=\"elementor-element elementor-element-af965a1 exad-sticky-section-no exad-glass-effect-no elementor-widget elementor-widget-image\" data-id=\"af965a1\" data-element_type=\"widget\" data-e-type=\"widget\" data-widget_type=\"image.default\">\n\t\t\t\t<div class=\"elementor-widget-container\">\n\t\t\t\t\t\t\t\t\t\t\t\t\t\t\t<img fetchpriority=\"high\" decoding=\"async\" width=\"901\" height=\"598\" src=\"http:\/\/www.musees-mediterranee.org\/wp-content\/uploads\/2025\/09\/JE_25_11_04_1.jpg\" class=\"attachment-full size-full wp-image-22904\" alt=\"\" srcset=\"http:\/\/www.musees-mediterranee.org\/wp-content\/uploads\/2025\/09\/JE_25_11_04_1.jpg 901w, http:\/\/www.musees-mediterranee.org\/wp-content\/uploads\/2025\/09\/JE_25_11_04_1-300x199.jpg 300w, http:\/\/www.musees-mediterranee.org\/wp-content\/uploads\/2025\/09\/JE_25_11_04_1-768x510.jpg 768w, http:\/\/www.musees-mediterranee.org\/wp-content\/uploads\/2025\/09\/JE_25_11_04_1-205x136.jpg 205w, http:\/\/www.musees-mediterranee.org\/wp-content\/uploads\/2025\/09\/JE_25_11_04_1-480x319.jpg 480w\" sizes=\"(max-width: 901px) 100vw, 901px\" \/>\t\t\t\t\t\t\t\t\t\t\t\t\t\t\t<\/div>\n\t\t\t\t<\/div>\n\t\t\t\t\t<\/div>\n\t\t\t\t<\/div>\n\t\t\t\t<\/div>\n\t\t","protected":false},"excerpt":{"rendered":"<p>Mus\u00e9es M\u00e9diterran\u00e9e propose une journ\u00e9e d\u2019\u00e9tude consacr\u00e9e au th\u00e8me des \u00ab Biblioth\u00e8ques-Mus\u00e9es \u00bb, qui se d\u00e9roulera le mardi 4 novembre 2025 \u00e0 Carpentras, \u00e0 l\u2019Inguimbertine (H\u00f4tel Dieu).<\/p>\n","protected":false},"author":1,"featured_media":22904,"comment_status":"closed","ping_status":"closed","sticky":false,"template":"","format":"standard","meta":{"_acf_changed":false,"_bbp_topic_count":0,"_bbp_reply_count":0,"_bbp_total_topic_count":0,"_bbp_total_reply_count":0,"_bbp_voice_count":0,"_bbp_anonymous_reply_count":0,"_bbp_topic_count_hidden":0,"_bbp_reply_count_hidden":0,"_bbp_forum_subforum_count":0,"iawp_total_views":43,"footnotes":""},"categories":[25,73],"tags":[263],"class_list":["post-22897","post","type-post","status-publish","format-standard","has-post-thumbnail","hentry","category-journal","category-rencontres","tag-septembre-2025"],"acf":[],"_links":{"self":[{"href":"http:\/\/www.musees-mediterranee.org\/index.php\/wp-json\/wp\/v2\/posts\/22897","targetHints":{"allow":["GET"]}}],"collection":[{"href":"http:\/\/www.musees-mediterranee.org\/index.php\/wp-json\/wp\/v2\/posts"}],"about":[{"href":"http:\/\/www.musees-mediterranee.org\/index.php\/wp-json\/wp\/v2\/types\/post"}],"author":[{"embeddable":true,"href":"http:\/\/www.musees-mediterranee.org\/index.php\/wp-json\/wp\/v2\/users\/1"}],"replies":[{"embeddable":true,"href":"http:\/\/www.musees-mediterranee.org\/index.php\/wp-json\/wp\/v2\/comments?post=22897"}],"version-history":[{"count":0,"href":"http:\/\/www.musees-mediterranee.org\/index.php\/wp-json\/wp\/v2\/posts\/22897\/revisions"}],"wp:featuredmedia":[{"embeddable":true,"href":"http:\/\/www.musees-mediterranee.org\/index.php\/wp-json\/wp\/v2\/media\/22904"}],"wp:attachment":[{"href":"http:\/\/www.musees-mediterranee.org\/index.php\/wp-json\/wp\/v2\/media?parent=22897"}],"wp:term":[{"taxonomy":"category","embeddable":true,"href":"http:\/\/www.musees-mediterranee.org\/index.php\/wp-json\/wp\/v2\/categories?post=22897"},{"taxonomy":"post_tag","embeddable":true,"href":"http:\/\/www.musees-mediterranee.org\/index.php\/wp-json\/wp\/v2\/tags?post=22897"}],"curies":[{"name":"wp","href":"https:\/\/api.w.org\/{rel}","templated":true}]}}