{"id":22528,"date":"2025-09-09T09:22:16","date_gmt":"2025-09-09T07:22:16","guid":{"rendered":"http:\/\/www.musees-mediterranee.org\/?p=22528"},"modified":"2026-01-06T10:46:05","modified_gmt":"2026-01-06T09:46:05","slug":"journee-detude-les-bibliotheques-museesbr-4-novembre-2025-linguimbertine-carpentras-et-visioconference","status":"publish","type":"post","link":"http:\/\/www.musees-mediterranee.org\/index.php\/2025\/09\/09\/journee-detude-les-bibliotheques-museesbr-4-novembre-2025-linguimbertine-carpentras-et-visioconference\/","title":{"rendered":"Journ\u00e9e d\u2019\u00e9tude : Les biblioth\u00e8ques-mus\u00e9es"},"content":{"rendered":"\t\t<div data-elementor-type=\"wp-post\" data-elementor-id=\"22528\" class=\"elementor elementor-22528\" data-elementor-post-type=\"post\">\n\t\t\t\t<div class=\"elementor-element elementor-element-63923843 e-flex e-con-boxed e-con e-parent\" data-id=\"63923843\" data-element_type=\"container\" data-e-type=\"container\">\n\t\t\t\t\t<div class=\"e-con-inner\">\n\t\t\t\t<div class=\"elementor-element elementor-element-34bf98e4 exad-sticky-section-no exad-glass-effect-no elementor-widget elementor-widget-text-editor\" data-id=\"34bf98e4\" data-element_type=\"widget\" data-e-type=\"widget\" data-widget_type=\"text-editor.default\">\n\t\t\t\t<div class=\"elementor-widget-container\">\n\t\t\t\t\t\t\t\t\t<p>4 novembre 2025 \u2022 l\u2019Inguimbertine \u2013 Carpentras et visioconf\u00e9rence<\/p>\t\t\t\t\t\t\t\t<\/div>\n\t\t\t\t<\/div>\n\t\t\t\t\t<\/div>\n\t\t\t\t<\/div>\n\t\t<div class=\"elementor-element elementor-element-10bfe86 e-flex e-con-boxed e-con e-parent\" data-id=\"10bfe86\" data-element_type=\"container\" data-e-type=\"container\">\n\t\t\t\t\t<div class=\"e-con-inner\">\n\t\t\t\t<div class=\"elementor-element elementor-element-4cd7a41 exad-sticky-section-no exad-glass-effect-no elementor-widget elementor-widget-text-editor\" data-id=\"4cd7a41\" data-element_type=\"widget\" data-e-type=\"widget\" data-widget_type=\"text-editor.default\">\n\t\t\t\t<div class=\"elementor-widget-container\">\n\t\t\t\t\t\t\t\t\t<p>Une journ\u00e9e d\u2019\u00e9tude intitul\u00e9e \u00ab <strong>Biblioth\u00e8ques-Mus\u00e9es<\/strong>&#8221; organis\u00e9e par Mus\u00e9es M\u00e9diterran\u00e9e \u2013 Conservation et Valorisation en PACA, en partenariat \u2013 avec l\u2019Inguimbertine Biblioth\u00e8que Mus\u00e9e se tiendra le <strong>Mardi 04 Novembre de 9h30 \u00e0 17H00 \u00e0 l\u2019Inguimbertine, \u00e0 Carpentras et en visioconf\u00e9rence<\/strong>.<\/p><p>Nous vous invitons \u00e0 t\u00e9l\u00e9charger le <a href=\"http:\/\/www.musees-mediterranee.org\/wp-content\/uploads\/2025\/09\/Programme_JE_251104.pdf\" target=\"_blank\" rel=\"noopener\">programme<\/a> de cette rencontre et \u00e0 consulter les <a href=\"http:\/\/www.musees-mediterranee.org\/wp-content\/uploads\/2025\/09\/Pre-actes_JE_251104-.pdf\" target=\"_blank\" rel=\"noopener\">pr\u00e9-actes<\/a>.<br \/>Les inscriptions se font en ligne jusqu\u2019au 15 octobre, en remplissant <a href=\"https:\/\/docs.google.com\/forms\/d\/e\/1FAIpQLSdFJvCFCAgIZMd1EJ6M5jIriCUYYrNQEJl4KqKWcth6WcNEpA\/viewform?usp=dialog\" target=\"_blank\" rel=\"noopener\">ce formulaire<\/a>.<\/p>\t\t\t\t\t\t\t\t<\/div>\n\t\t\t\t<\/div>\n\t\t\t\t\t<\/div>\n\t\t\t\t<\/div>\n\t\t\t\t<\/div>\n\t\t","protected":false},"excerpt":{"rendered":"<p>4 novembre 2025 \u2022 l\u2019Inguimbertine, Carpentras et visioconf\u00e9rence<\/p>\n","protected":false},"author":1,"featured_media":0,"comment_status":"closed","ping_status":"closed","sticky":false,"template":"","format":"standard","meta":{"_acf_changed":false,"_bbp_topic_count":0,"_bbp_reply_count":0,"_bbp_total_topic_count":0,"_bbp_total_reply_count":0,"_bbp_voice_count":0,"_bbp_anonymous_reply_count":0,"_bbp_topic_count_hidden":0,"_bbp_reply_count_hidden":0,"_bbp_forum_subforum_count":0,"iawp_total_views":268,"footnotes":""},"categories":[48,4,262],"tags":[],"class_list":["post-22528","post","type-post","status-publish","format-standard","hentry","category-archive_reseau","category-journee-detude","category-reseau_2025"],"acf":[],"_links":{"self":[{"href":"http:\/\/www.musees-mediterranee.org\/index.php\/wp-json\/wp\/v2\/posts\/22528","targetHints":{"allow":["GET"]}}],"collection":[{"href":"http:\/\/www.musees-mediterranee.org\/index.php\/wp-json\/wp\/v2\/posts"}],"about":[{"href":"http:\/\/www.musees-mediterranee.org\/index.php\/wp-json\/wp\/v2\/types\/post"}],"author":[{"embeddable":true,"href":"http:\/\/www.musees-mediterranee.org\/index.php\/wp-json\/wp\/v2\/users\/1"}],"replies":[{"embeddable":true,"href":"http:\/\/www.musees-mediterranee.org\/index.php\/wp-json\/wp\/v2\/comments?post=22528"}],"version-history":[{"count":0,"href":"http:\/\/www.musees-mediterranee.org\/index.php\/wp-json\/wp\/v2\/posts\/22528\/revisions"}],"wp:attachment":[{"href":"http:\/\/www.musees-mediterranee.org\/index.php\/wp-json\/wp\/v2\/media?parent=22528"}],"wp:term":[{"taxonomy":"category","embeddable":true,"href":"http:\/\/www.musees-mediterranee.org\/index.php\/wp-json\/wp\/v2\/categories?post=22528"},{"taxonomy":"post_tag","embeddable":true,"href":"http:\/\/www.musees-mediterranee.org\/index.php\/wp-json\/wp\/v2\/tags?post=22528"}],"curies":[{"name":"wp","href":"https:\/\/api.w.org\/{rel}","templated":true}]}}