{"id":2133,"date":"2021-07-07T09:16:53","date_gmt":"2021-07-07T07:16:53","guid":{"rendered":"http:\/\/www.musees-mediterranee.org\/?p=2133"},"modified":"2023-02-08T11:56:31","modified_gmt":"2023-02-08T10:56:31","slug":"tricentenaire-de-la-peste-1720","status":"publish","type":"post","link":"http:\/\/www.musees-mediterranee.org\/index.php\/2021\/07\/07\/tricentenaire-de-la-peste-1720\/","title":{"rendered":"Comm\u00e9moration du Tricentenaire de la Peste de 1720"},"content":{"rendered":"\t\t<div data-elementor-type=\"wp-post\" data-elementor-id=\"2133\" class=\"elementor elementor-2133\" data-elementor-post-type=\"post\">\n\t\t\t\t\t\t<section class=\"elementor-section elementor-top-section elementor-element elementor-element-6b0eddf elementor-section-boxed elementor-section-height-default elementor-section-height-default exad-glass-effect-no exad-sticky-section-no\" data-id=\"6b0eddf\" data-element_type=\"section\" data-e-type=\"section\">\n\t\t\t\t\t\t<div class=\"elementor-container elementor-column-gap-default\">\n\t\t\t\t\t<div class=\"elementor-column elementor-col-100 elementor-top-column elementor-element elementor-element-282d694 exad-glass-effect-no exad-sticky-section-no\" data-id=\"282d694\" data-element_type=\"column\" data-e-type=\"column\">\n\t\t\t<div class=\"elementor-widget-wrap elementor-element-populated\">\n\t\t\t\t\t\t<div class=\"elementor-element elementor-element-7822579 exad-sticky-section-no exad-glass-effect-no elementor-widget elementor-widget-image\" data-id=\"7822579\" data-element_type=\"widget\" data-e-type=\"widget\" data-widget_type=\"image.default\">\n\t\t\t\t<div class=\"elementor-widget-container\">\n\t\t\t\t\t\t\t\t\t\t\t\t<figure class=\"wp-caption\">\n\t\t\t\t\t\t\t\t\t\t\t<a href=\"http:\/\/www.musees-mediterranee.org\/wp-content\/uploads\/2021\/05\/Chronique-de-la-peste.jpg\" data-elementor-open-lightbox=\"yes\" data-e-action-hash=\"#elementor-action%3Aaction%3Dlightbox%26settings%3DeyJpZCI6MjEzNSwidXJsIjoiaHR0cDpcL1wvd3d3Lm11c2Vlcy1tZWRpdGVycmFuZWUub3JnXC93cC1jb250ZW50XC91cGxvYWRzXC8yMDIxXC8wNVwvQ2hyb25pcXVlLWRlLWxhLXBlc3RlLmpwZyJ9\">\n\t\t\t\t\t\t\t<img fetchpriority=\"high\" decoding=\"async\" width=\"600\" height=\"372\" src=\"http:\/\/www.musees-mediterranee.org\/wp-content\/uploads\/2021\/05\/Chronique-de-la-peste.jpg\" class=\"attachment-full size-full wp-image-2135\" alt=\"\" srcset=\"http:\/\/www.musees-mediterranee.org\/wp-content\/uploads\/2021\/05\/Chronique-de-la-peste.jpg 600w, http:\/\/www.musees-mediterranee.org\/wp-content\/uploads\/2021\/05\/Chronique-de-la-peste-300x186.jpg 300w\" sizes=\"(max-width: 600px) 100vw, 600px\" \/>\t\t\t\t\t\t\t\t<\/a>\n\t\t\t\t\t\t\t\t\t\t\t<figcaption class=\"widget-image-caption wp-caption-text\"><\/figcaption>\n\t\t\t\t\t\t\t\t\t\t<\/figure>\n\t\t\t\t\t\t\t\t\t<\/div>\n\t\t\t\t<\/div>\n\t\t\t\t<div class=\"elementor-element elementor-element-a91241d exad-sticky-section-no exad-glass-effect-no elementor-widget elementor-widget-text-editor\" data-id=\"a91241d\" data-element_type=\"widget\" data-e-type=\"widget\" data-widget_type=\"text-editor.default\">\n\t\t\t\t<div class=\"elementor-widget-container\">\n\t\t\t\t\t\t\t\t\t<p>1720\u20262020 : trois cents ans apr\u00e8s, Marseille se souvient qu\u2019elle fut ravag\u00e9e par une \u00e9pid\u00e9mie de peste. <br \/>Cette \u00e9pid\u00e9mie se d\u00e9clare en mai 1720 avec l&#8217;arriv\u00e9e du Grand Saint Antoine, navire marseillais qui revient des Echelles du Levant. Le fl\u00e9au s&#8217;\u00e9tend \u00e0 toute la Provence et dure environ deux ans ; ce n&#8217;est qu&#8217;au d\u00e9but de l&#8217;ann\u00e9e 1724 que la Quarantaine est lev\u00e9e \u00e0 Marseille. Le nombre de victimes est \u00e9valu\u00e9 \u00e0 40 000 pour Marseille, en Provence, il est estim\u00e9 \u00e0 120 000. C&#8217;est la derni\u00e8re grande \u00e9pid\u00e9mie de ce type en France.<\/p><p>Le Mus\u00e9e d&#8217;Histoire de Marseille s&#8217;est attach\u00e9 \u00e0 restituer les <a href=\"https:\/\/www.musee-histoire-marseille-voie-historique.fr\/\" target=\"_blank\" rel=\"noopener\">Chroniques de la Peste<\/a> en se basant sur le regard de trois t\u00e9moins de cette trag\u00e9die : Jean-Baptiste Bertrand, m\u00e9decin ; le P\u00e8re Paul Giraud, Trinitaire R\u00e9form\u00e9 ; Nicolas Pichatty de Croissainte, avocat, procureur du roi de la police, \u00ab Conseil orateur de la Communaut\u00e9 \u00bb durant la peste.<\/p><p>Une exposition sur Marseille en temps de peste 1720-1722 se tiendra du 8 octobre 2021 au 30 janvier 2022.<\/p>\t\t\t\t\t\t\t\t<\/div>\n\t\t\t\t<\/div>\n\t\t\t\t\t<\/div>\n\t\t<\/div>\n\t\t\t\t\t<\/div>\n\t\t<\/section>\n\t\t\t\t<\/div>\n\t\t","protected":false},"excerpt":{"rendered":"<p><b>Mus\u00e9e d&#8217;Histoire, Marseille<br \/> 8 octobre 2021 au 30 janvier 2022<b\/><\/p>\n","protected":false},"author":1,"featured_media":2135,"comment_status":"closed","ping_status":"closed","sticky":false,"template":"","format":"standard","meta":{"_acf_changed":false,"_bbp_topic_count":0,"_bbp_reply_count":0,"_bbp_total_topic_count":0,"_bbp_total_reply_count":0,"_bbp_voice_count":0,"_bbp_anonymous_reply_count":0,"_bbp_topic_count_hidden":0,"_bbp_reply_count_hidden":0,"_bbp_forum_subforum_count":0,"iawp_total_views":1,"footnotes":""},"categories":[27,32,25],"tags":[40],"class_list":["post-2133","post","type-post","status-publish","format-standard","has-post-thumbnail","hentry","category-articles","category-exposition","category-journal","tag-juillet-2021"],"acf":[],"_links":{"self":[{"href":"http:\/\/www.musees-mediterranee.org\/index.php\/wp-json\/wp\/v2\/posts\/2133","targetHints":{"allow":["GET"]}}],"collection":[{"href":"http:\/\/www.musees-mediterranee.org\/index.php\/wp-json\/wp\/v2\/posts"}],"about":[{"href":"http:\/\/www.musees-mediterranee.org\/index.php\/wp-json\/wp\/v2\/types\/post"}],"author":[{"embeddable":true,"href":"http:\/\/www.musees-mediterranee.org\/index.php\/wp-json\/wp\/v2\/users\/1"}],"replies":[{"embeddable":true,"href":"http:\/\/www.musees-mediterranee.org\/index.php\/wp-json\/wp\/v2\/comments?post=2133"}],"version-history":[{"count":0,"href":"http:\/\/www.musees-mediterranee.org\/index.php\/wp-json\/wp\/v2\/posts\/2133\/revisions"}],"wp:featuredmedia":[{"embeddable":true,"href":"http:\/\/www.musees-mediterranee.org\/index.php\/wp-json\/wp\/v2\/media\/2135"}],"wp:attachment":[{"href":"http:\/\/www.musees-mediterranee.org\/index.php\/wp-json\/wp\/v2\/media?parent=2133"}],"wp:term":[{"taxonomy":"category","embeddable":true,"href":"http:\/\/www.musees-mediterranee.org\/index.php\/wp-json\/wp\/v2\/categories?post=2133"},{"taxonomy":"post_tag","embeddable":true,"href":"http:\/\/www.musees-mediterranee.org\/index.php\/wp-json\/wp\/v2\/tags?post=2133"}],"curies":[{"name":"wp","href":"https:\/\/api.w.org\/{rel}","templated":true}]}}