{"id":18474,"date":"2025-03-25T09:09:17","date_gmt":"2025-03-25T08:09:17","guid":{"rendered":"http:\/\/www.musees-mediterranee.org\/?p=18474"},"modified":"2025-07-02T09:11:19","modified_gmt":"2025-07-02T07:11:19","slug":"recensement-et-valorisation-des-collections-sur-la-peche-lancement-dune-enquete","status":"publish","type":"post","link":"http:\/\/www.musees-mediterranee.org\/index.php\/2025\/03\/25\/recensement-et-valorisation-des-collections-sur-la-peche-lancement-dune-enquete\/","title":{"rendered":"Recensement et Valorisation des collections sur la p\u00eache : lancement d\u2019une enqu\u00eate"},"content":{"rendered":"\t\t<div data-elementor-type=\"wp-post\" data-elementor-id=\"18474\" class=\"elementor elementor-18474\" data-elementor-post-type=\"post\">\n\t\t\t\t<div class=\"elementor-element elementor-element-06df574 e-flex e-con-boxed e-con e-parent\" data-id=\"06df574\" data-element_type=\"container\" data-e-type=\"container\">\n\t\t\t\t\t<div class=\"e-con-inner\">\n\t\t\t\t<div class=\"elementor-element elementor-element-846d81a exad-sticky-section-no exad-glass-effect-no elementor-widget elementor-widget-text-editor\" data-id=\"846d81a\" data-element_type=\"widget\" data-e-type=\"widget\" data-widget_type=\"text-editor.default\">\n\t\t\t\t<div class=\"elementor-widget-container\">\n\t\t\t\t\t\t\t\t\t<p>Conform\u00e9ment \u00e0 ce qui a \u00e9t\u00e9 annonc\u00e9 dans la Lettre n\u00b013, l\u2019association Mus\u00e9es M\u00e9diterran\u00e9e lance un programme de valorisation des collections patrimoniales maritimes, lagunaires et fluviales, en choisissant de privil\u00e9gier le th\u00e8me de la p\u00eache. La constitution d\u2019une base de donn\u00e9es repr\u00e9sente la premi\u00e8re \u00e9tape de ce projet.<br \/>Dans cette perspective, une enqu\u00eate sera conduite aupr\u00e8s des mus\u00e9es durant l\u2019ann\u00e9e 2025, sous la forme d\u2019un questionnaire destin\u00e9 \u00e0 identifier les fonds relatifs \u00e0 cette th\u00e9matique. Les r\u00e9ponses permettront de d\u00e9finir le d\u00e9veloppement des \u00e9tapes et d\u2019\u00e9laborer un r\u00e9seau entre les mus\u00e9es.<\/p><p>Pour r\u00e9aliser cette mission, l\u2019association a le plaisir d\u2019accueillir Eve Recotillet, doctorante en histoire contemporaine (Universit\u00e9 Paris Sorbonne), dans le cadre d\u2019un stage professionnel d\u2019une dur\u00e9e de 4 \u00e0 6 mois. Nous remercions nos coll\u00e8gues de leur participation et de leur contribution \u00e0 cette enqu\u00eate dont les r\u00e9sultats seront communiqu\u00e9s dans le cadre d\u2019une journ\u00e9e d\u2019\u00e9tude.<\/p>\t\t\t\t\t\t\t\t<\/div>\n\t\t\t\t<\/div>\n\t\t\t\t\t<\/div>\n\t\t\t\t<\/div>\n\t\t<div class=\"elementor-element elementor-element-d900578 e-flex e-con-boxed e-con e-parent\" data-id=\"d900578\" data-element_type=\"container\" data-e-type=\"container\">\n\t\t\t\t\t<div class=\"e-con-inner\">\n\t\t\t\t<div class=\"elementor-element elementor-element-840d9d2 exad-sticky-section-no exad-glass-effect-no elementor-widget elementor-widget-image\" data-id=\"840d9d2\" data-element_type=\"widget\" data-e-type=\"widget\" data-widget_type=\"image.default\">\n\t\t\t\t<div class=\"elementor-widget-container\">\n\t\t\t\t\t\t\t\t\t\t\t\t<figure class=\"wp-caption\">\n\t\t\t\t\t\t\t\t\t\t\t<a href=\"http:\/\/www.musees-mediterranee.org\/wp-content\/uploads\/2025\/03\/collections-sur-la-peche.jpg\" data-elementor-open-lightbox=\"yes\" data-e-action-hash=\"#elementor-action%3Aaction%3Dlightbox%26settings%3DeyJpZCI6MTg0NzUsInVybCI6Imh0dHA6XC9cL3d3dy5tdXNlZXMtbWVkaXRlcnJhbmVlLm9yZ1wvd3AtY29udGVudFwvdXBsb2Fkc1wvMjAyNVwvMDNcL2NvbGxlY3Rpb25zLXN1ci1sYS1wZWNoZS5qcGcifQ%3D%3D\">\n\t\t\t\t\t\t\t<img fetchpriority=\"high\" decoding=\"async\" width=\"1100\" height=\"1023\" src=\"http:\/\/www.musees-mediterranee.org\/wp-content\/uploads\/2025\/03\/collections-sur-la-peche.jpg\" class=\"attachment-full size-full wp-image-18475\" alt=\"\" srcset=\"http:\/\/www.musees-mediterranee.org\/wp-content\/uploads\/2025\/03\/collections-sur-la-peche.jpg 1100w, http:\/\/www.musees-mediterranee.org\/wp-content\/uploads\/2025\/03\/collections-sur-la-peche-300x279.jpg 300w, http:\/\/www.musees-mediterranee.org\/wp-content\/uploads\/2025\/03\/collections-sur-la-peche-1024x952.jpg 1024w, http:\/\/www.musees-mediterranee.org\/wp-content\/uploads\/2025\/03\/collections-sur-la-peche-768x714.jpg 768w\" sizes=\"(max-width: 1100px) 100vw, 1100px\" \/>\t\t\t\t\t\t\t\t<\/a>\n\t\t\t\t\t\t\t\t\t\t\t<figcaption class=\"widget-image-caption wp-caption-text\">R\u00e9gion de Fos \u2013 Canal, cabanes et bettes<br \/> Photographie, couple st\u00e9r\u00e9oscopique n\u00e9gatif<br \/> Collection Mus\u00e9e d\u2019Histoire de Marseille, Don Yves Laget.<\/figcaption>\n\t\t\t\t\t\t\t\t\t\t<\/figure>\n\t\t\t\t\t\t\t\t\t<\/div>\n\t\t\t\t<\/div>\n\t\t\t\t\t<\/div>\n\t\t\t\t<\/div>\n\t\t\t\t<\/div>\n\t\t","protected":false},"excerpt":{"rendered":"<p>Conform\u00e9ment \u00e0 ce qui a \u00e9t\u00e9 annonc\u00e9 dans la Lettre n\u00b013, l\u2019association Mus\u00e9es M\u00e9diterran\u00e9e lance un programme de valorisation des collections patrimoniales maritimes, lagunaires et fluviales, en choisissant de privil\u00e9gier le th\u00e8me de la p\u00eache.<\/p>\n","protected":false},"author":1,"featured_media":18475,"comment_status":"closed","ping_status":"closed","sticky":false,"template":"","format":"standard","meta":{"_acf_changed":false,"_bbp_topic_count":0,"_bbp_reply_count":0,"_bbp_total_topic_count":0,"_bbp_total_reply_count":0,"_bbp_voice_count":0,"_bbp_anonymous_reply_count":0,"_bbp_topic_count_hidden":0,"_bbp_reply_count_hidden":0,"_bbp_forum_subforum_count":0,"iawp_total_views":80,"footnotes":""},"categories":[25,43],"tags":[247],"class_list":["post-18474","post","type-post","status-publish","format-standard","has-post-thumbnail","hentry","category-journal","category-reseau-musees","tag-mars-2025"],"acf":[],"_links":{"self":[{"href":"http:\/\/www.musees-mediterranee.org\/index.php\/wp-json\/wp\/v2\/posts\/18474","targetHints":{"allow":["GET"]}}],"collection":[{"href":"http:\/\/www.musees-mediterranee.org\/index.php\/wp-json\/wp\/v2\/posts"}],"about":[{"href":"http:\/\/www.musees-mediterranee.org\/index.php\/wp-json\/wp\/v2\/types\/post"}],"author":[{"embeddable":true,"href":"http:\/\/www.musees-mediterranee.org\/index.php\/wp-json\/wp\/v2\/users\/1"}],"replies":[{"embeddable":true,"href":"http:\/\/www.musees-mediterranee.org\/index.php\/wp-json\/wp\/v2\/comments?post=18474"}],"version-history":[{"count":0,"href":"http:\/\/www.musees-mediterranee.org\/index.php\/wp-json\/wp\/v2\/posts\/18474\/revisions"}],"wp:featuredmedia":[{"embeddable":true,"href":"http:\/\/www.musees-mediterranee.org\/index.php\/wp-json\/wp\/v2\/media\/18475"}],"wp:attachment":[{"href":"http:\/\/www.musees-mediterranee.org\/index.php\/wp-json\/wp\/v2\/media?parent=18474"}],"wp:term":[{"taxonomy":"category","embeddable":true,"href":"http:\/\/www.musees-mediterranee.org\/index.php\/wp-json\/wp\/v2\/categories?post=18474"},{"taxonomy":"post_tag","embeddable":true,"href":"http:\/\/www.musees-mediterranee.org\/index.php\/wp-json\/wp\/v2\/tags?post=18474"}],"curies":[{"name":"wp","href":"https:\/\/api.w.org\/{rel}","templated":true}]}}