{"id":17706,"date":"2025-03-04T10:05:31","date_gmt":"2025-03-04T09:05:31","guid":{"rendered":"http:\/\/www.musees-mediterranee.org\/?p=17706"},"modified":"2025-07-02T09:12:22","modified_gmt":"2025-07-02T07:12:22","slug":"bergeries-de-crau-une-exposition-sur-le-patrimoine-rural","status":"publish","type":"post","link":"http:\/\/www.musees-mediterranee.org\/index.php\/2025\/03\/04\/bergeries-de-crau-une-exposition-sur-le-patrimoine-rural\/","title":{"rendered":"\u00ab Bergeries de Crau \u00bb une exposition sur le patrimoine rural"},"content":{"rendered":"\t\t<div data-elementor-type=\"wp-post\" data-elementor-id=\"17706\" class=\"elementor elementor-17706\" data-elementor-post-type=\"post\">\n\t\t\t\t<div class=\"elementor-element elementor-element-2e949e2 e-grid e-con-boxed e-con e-parent\" data-id=\"2e949e2\" data-element_type=\"container\" data-e-type=\"container\">\n\t\t\t\t\t<div class=\"e-con-inner\">\n\t\t\t\t<div class=\"elementor-element elementor-element-14c52d5 exad-sticky-section-no exad-glass-effect-no elementor-widget elementor-widget-image\" data-id=\"14c52d5\" data-element_type=\"widget\" data-e-type=\"widget\" data-widget_type=\"image.default\">\n\t\t\t\t<div class=\"elementor-widget-container\">\n\t\t\t\t\t\t\t\t\t\t\t\t<figure class=\"wp-caption\">\n\t\t\t\t\t\t\t\t\t\t\t<a href=\"http:\/\/www.musees-mediterranee.org\/wp-content\/uploads\/2025\/03\/B.-Caramante.jpg\" data-elementor-open-lightbox=\"yes\" data-e-action-hash=\"#elementor-action%3Aaction%3Dlightbox%26settings%3DeyJpZCI6MTc3MDcsInVybCI6Imh0dHA6XC9cL3d3dy5tdXNlZXMtbWVkaXRlcnJhbmVlLm9yZ1wvd3AtY29udGVudFwvdXBsb2Fkc1wvMjAyNVwvMDNcL0IuLUNhcmFtYW50ZS5qcGcifQ%3D%3D\">\n\t\t\t\t\t\t\t<img fetchpriority=\"high\" decoding=\"async\" width=\"500\" height=\"300\" src=\"http:\/\/www.musees-mediterranee.org\/wp-content\/uploads\/2025\/03\/B.-Caramante.jpg\" class=\"attachment-large size-large wp-image-17707\" alt=\"\" srcset=\"http:\/\/www.musees-mediterranee.org\/wp-content\/uploads\/2025\/03\/B.-Caramante.jpg 500w, http:\/\/www.musees-mediterranee.org\/wp-content\/uploads\/2025\/03\/B.-Caramante-300x180.jpg 300w\" sizes=\"(max-width: 500px) 100vw, 500px\" \/>\t\t\t\t\t\t\t\t<\/a>\n\t\t\t\t\t\t\t\t\t\t\t<figcaption class=\"widget-image-caption wp-caption-text\">\u00a9 Bernard Caramante<\/figcaption>\n\t\t\t\t\t\t\t\t\t\t<\/figure>\n\t\t\t\t\t\t\t\t\t<\/div>\n\t\t\t\t<\/div>\n\t\t\t\t<div class=\"elementor-element elementor-element-b528795 exad-sticky-section-no exad-glass-effect-no elementor-widget elementor-widget-text-editor\" data-id=\"b528795\" data-element_type=\"widget\" data-e-type=\"widget\" data-widget_type=\"text-editor.default\">\n\t\t\t\t<div class=\"elementor-widget-container\">\n\t\t\t\t\t\t\t\t\t<p>L\u2019exposition <em>Bergeries de Crau<\/em> pr\u00e9sente une soixantaine de photographies de Bernard Caramante, r\u00e9alis\u00e9es dans les ann\u00e9es 1990, mettant en lumi\u00e8re les bergeries traditionnelles en pierre s\u00e8che de la plaine de la Crau. Ces clich\u00e9s, en noir et blanc, capturent l\u2019aust\u00e9rit\u00e9 et la beaut\u00e9 fonctionnelle de ces structures, t\u00e9moins de la relation entre l\u2019homme et ce territoire aride.<\/p>\t\t\t\t\t\t\t\t<\/div>\n\t\t\t\t<\/div>\n\t\t\t\t\t<\/div>\n\t\t\t\t<\/div>\n\t\t<div class=\"elementor-element elementor-element-f39f5ba e-flex e-con-boxed e-con e-parent\" data-id=\"f39f5ba\" data-element_type=\"container\" data-e-type=\"container\">\n\t\t\t\t\t<div class=\"e-con-inner\">\n\t\t\t\t<div class=\"elementor-element elementor-element-e7fe63c exad-sticky-section-no exad-glass-effect-no elementor-widget elementor-widget-text-editor\" data-id=\"e7fe63c\" data-element_type=\"widget\" data-e-type=\"widget\" data-widget_type=\"text-editor.default\">\n\t\t\t\t<div class=\"elementor-widget-container\">\n\t\t\t\t\t\t\t\t\t<p>\u00c0 une \u00e9poque o\u00f9 de nombreuses bergeries \u00e9taient abandonn\u00e9es en raison de l\u2019\u00e9volution des pratiques agricoles, ce travail patrimonial a contribu\u00e9 \u00e0 pr\u00e9server la m\u00e9moire de ces \u00e9difices embl\u00e9matiques tout en alertant sur leur disparition progressive.<\/p><p>L\u2019exposition se tient dans deux lieux : l\u2019\u00c9comus\u00e9e de la Crau, avec des vues ext\u00e9rieures, et l\u2019Atelier des Patrimoines \u00e0 Istres, qui expose des sc\u00e8nes int\u00e9rieures. Organis\u00e9e en partenariat entre la M\u00e9tropole Aix-Marseille-Provence et le Conservatoire d\u2019espaces naturels de Provence-Alpes-C\u00f4te d\u2019Azur. Elle sera inaugur\u00e9e le 17 mai 2025 \u00e0 l\u2019\u00c9comus\u00e9e et le 24 mai 2025 \u00e0 Istres.<\/p>\t\t\t\t\t\t\t\t<\/div>\n\t\t\t\t<\/div>\n\t\t\t\t\t<\/div>\n\t\t\t\t<\/div>\n\t\t<div class=\"elementor-element elementor-element-6cf8142 e-flex e-con-boxed e-con e-parent\" data-id=\"6cf8142\" data-element_type=\"container\" data-e-type=\"container\">\n\t\t\t\t\t<div class=\"e-con-inner\">\n\t\t\t\t\t<\/div>\n\t\t\t\t<\/div>\n\t\t\t\t<\/div>\n\t\t","protected":false},"excerpt":{"rendered":"<p>L\u2019exposition Bergeries de Crau pr\u00e9sente une soixantaine de photographies de Bernard Caramante, r\u00e9alis\u00e9es dans les ann\u00e9es 1990, mettant en lumi\u00e8re les bergeries traditionnelles en pierre s\u00e8che de la plaine de la Crau. <\/p>\n","protected":false},"author":1,"featured_media":17707,"comment_status":"closed","ping_status":"closed","sticky":false,"template":"","format":"standard","meta":{"_acf_changed":false,"_bbp_topic_count":0,"_bbp_reply_count":0,"_bbp_total_topic_count":0,"_bbp_total_reply_count":0,"_bbp_voice_count":0,"_bbp_anonymous_reply_count":0,"_bbp_topic_count_hidden":0,"_bbp_reply_count_hidden":0,"_bbp_forum_subforum_count":0,"iawp_total_views":55,"footnotes":""},"categories":[32,25],"tags":[247],"class_list":["post-17706","post","type-post","status-publish","format-standard","has-post-thumbnail","hentry","category-exposition","category-journal","tag-mars-2025"],"acf":[],"_links":{"self":[{"href":"http:\/\/www.musees-mediterranee.org\/index.php\/wp-json\/wp\/v2\/posts\/17706","targetHints":{"allow":["GET"]}}],"collection":[{"href":"http:\/\/www.musees-mediterranee.org\/index.php\/wp-json\/wp\/v2\/posts"}],"about":[{"href":"http:\/\/www.musees-mediterranee.org\/index.php\/wp-json\/wp\/v2\/types\/post"}],"author":[{"embeddable":true,"href":"http:\/\/www.musees-mediterranee.org\/index.php\/wp-json\/wp\/v2\/users\/1"}],"replies":[{"embeddable":true,"href":"http:\/\/www.musees-mediterranee.org\/index.php\/wp-json\/wp\/v2\/comments?post=17706"}],"version-history":[{"count":0,"href":"http:\/\/www.musees-mediterranee.org\/index.php\/wp-json\/wp\/v2\/posts\/17706\/revisions"}],"wp:featuredmedia":[{"embeddable":true,"href":"http:\/\/www.musees-mediterranee.org\/index.php\/wp-json\/wp\/v2\/media\/17707"}],"wp:attachment":[{"href":"http:\/\/www.musees-mediterranee.org\/index.php\/wp-json\/wp\/v2\/media?parent=17706"}],"wp:term":[{"taxonomy":"category","embeddable":true,"href":"http:\/\/www.musees-mediterranee.org\/index.php\/wp-json\/wp\/v2\/categories?post=17706"},{"taxonomy":"post_tag","embeddable":true,"href":"http:\/\/www.musees-mediterranee.org\/index.php\/wp-json\/wp\/v2\/tags?post=17706"}],"curies":[{"name":"wp","href":"https:\/\/api.w.org\/{rel}","templated":true}]}}