{"id":17681,"date":"2025-03-04T09:29:12","date_gmt":"2025-03-04T08:29:12","guid":{"rendered":"http:\/\/www.musees-mediterranee.org\/?p=17681"},"modified":"2025-07-02T09:12:34","modified_gmt":"2025-07-02T07:12:34","slug":"au-musee-national-pablo-picasso-la-guerre-et-la-paix","status":"publish","type":"post","link":"http:\/\/www.musees-mediterranee.org\/index.php\/2025\/03\/04\/au-musee-national-pablo-picasso-la-guerre-et-la-paix\/","title":{"rendered":"Au mus\u00e9e national Pablo Picasso, La Guerre et la Paix"},"content":{"rendered":"\t\t<div data-elementor-type=\"wp-post\" data-elementor-id=\"17681\" class=\"elementor elementor-17681\" data-elementor-post-type=\"post\">\n\t\t\t\t<div class=\"elementor-element elementor-element-dc0f8c9 e-flex e-con-boxed e-con e-parent\" data-id=\"dc0f8c9\" data-element_type=\"container\" data-e-type=\"container\">\n\t\t\t\t\t<div class=\"e-con-inner\">\n\t\t\t\t<div class=\"elementor-element elementor-element-ad1d85d exad-sticky-section-no exad-glass-effect-no elementor-widget elementor-widget-text-editor\" data-id=\"ad1d85d\" data-element_type=\"widget\" data-e-type=\"widget\" data-widget_type=\"text-editor.default\">\n\t\t\t\t<div class=\"elementor-widget-container\">\n\t\t\t\t\t\t\t\t\t<p>Le mus\u00e9e Magnelli, mus\u00e9e de la c\u00e9ramique et le relai petite enfance de Vallauris Golfe-Juan proposent un projet d\u2019\u00e9veil artistique et culturel aux tout-petits accompagn\u00e9s de leurs assistantes maternelles.<\/p><p>Les tout-petits vivent l\u2019\u0153uvre de Pablo Picasso, <em>La Guerre et la Paix<\/em> en la ressentant \u00e0 travers leur corps et leurs \u00e9motions, gr\u00e2ce \u00e0 des visites et \u00e0 des ateliers ludiques, adapt\u00e9s \u00e0 leur d\u00e9veloppement.<\/p><p>Cinq th\u00e9matiques : couleurs, sons, formes, personnages, animaux, permettant d\u2019analyser l\u2019\u0153uvre, sont d\u00e9clin\u00e9es au relai puis au mus\u00e9e pour que les enfants puissent, \u00e0 leur rythme et \u00e0 leur niveau, aborder tous les sujets trait\u00e9s par l\u2019artiste.<\/p>\t\t\t\t\t\t\t\t<\/div>\n\t\t\t\t<\/div>\n\t\t\t\t\t<\/div>\n\t\t\t\t<\/div>\n\t\t<div class=\"elementor-element elementor-element-3de880f e-flex e-con-boxed e-con e-parent\" data-id=\"3de880f\" data-element_type=\"container\" data-e-type=\"container\">\n\t\t\t\t\t<div class=\"e-con-inner\">\n\t\t\t\t<div class=\"elementor-element elementor-element-5b29dcd elementor-widget__width-initial exad-sticky-section-no exad-glass-effect-no elementor-widget elementor-widget-image\" data-id=\"5b29dcd\" data-element_type=\"widget\" data-e-type=\"widget\" data-widget_type=\"image.default\">\n\t\t\t\t<div class=\"elementor-widget-container\">\n\t\t\t\t\t\t\t\t\t\t\t\t<figure class=\"wp-caption\">\n\t\t\t\t\t\t\t\t\t\t\t<a href=\"http:\/\/www.musees-mediterranee.org\/wp-content\/uploads\/2025\/03\/decouverte-de-la-photo-de-lartiste-rotated.jpg\" data-elementor-open-lightbox=\"yes\" data-e-action-hash=\"#elementor-action%3Aaction%3Dlightbox%26settings%3DeyJpZCI6MTc2ODIsInVybCI6Imh0dHA6XC9cL3d3dy5tdXNlZXMtbWVkaXRlcnJhbmVlLm9yZ1wvd3AtY29udGVudFwvdXBsb2Fkc1wvMjAyNVwvMDNcL2RlY291dmVydGUtZGUtbGEtcGhvdG8tZGUtbGFydGlzdGUtcm90YXRlZC5qcGcifQ%3D%3D\">\n\t\t\t\t\t\t\t<img fetchpriority=\"high\" decoding=\"async\" width=\"500\" height=\"353\" src=\"http:\/\/www.musees-mediterranee.org\/wp-content\/uploads\/2025\/03\/decouverte-de-la-photo-de-lartiste-rotated.jpg\" class=\"attachment-full size-full wp-image-17682\" alt=\"\" srcset=\"http:\/\/www.musees-mediterranee.org\/wp-content\/uploads\/2025\/03\/decouverte-de-la-photo-de-lartiste-rotated.jpg 500w, http:\/\/www.musees-mediterranee.org\/wp-content\/uploads\/2025\/03\/decouverte-de-la-photo-de-lartiste-300x212.jpg 300w\" sizes=\"(max-width: 500px) 100vw, 500px\" \/>\t\t\t\t\t\t\t\t<\/a>\n\t\t\t\t\t\t\t\t\t\t\t<figcaption class=\"widget-image-caption wp-caption-text\">Pablo Picasso (1881-1973)<\/figcaption>\n\t\t\t\t\t\t\t\t\t\t<\/figure>\n\t\t\t\t\t\t\t\t\t<\/div>\n\t\t\t\t<\/div>\n\t\t\t\t<div class=\"elementor-element elementor-element-9ca4f61 exad-sticky-section-no exad-glass-effect-no elementor-widget elementor-widget-image\" data-id=\"9ca4f61\" data-element_type=\"widget\" data-e-type=\"widget\" data-widget_type=\"image.default\">\n\t\t\t\t<div class=\"elementor-widget-container\">\n\t\t\t\t\t\t\t\t\t\t\t\t<figure class=\"wp-caption\">\n\t\t\t\t\t\t\t\t\t\t\t<a href=\"http:\/\/www.musees-mediterranee.org\/wp-content\/uploads\/2025\/03\/etude-des-formes-du-tableau-rotated.jpg\" data-elementor-open-lightbox=\"yes\" data-e-action-hash=\"#elementor-action%3Aaction%3Dlightbox%26settings%3DeyJpZCI6MTc2ODMsInVybCI6Imh0dHA6XC9cL3d3dy5tdXNlZXMtbWVkaXRlcnJhbmVlLm9yZ1wvd3AtY29udGVudFwvdXBsb2Fkc1wvMjAyNVwvMDNcL2V0dWRlLWRlcy1mb3JtZXMtZHUtdGFibGVhdS1yb3RhdGVkLmpwZyJ9\">\n\t\t\t\t\t\t\t<img decoding=\"async\" width=\"500\" height=\"321\" src=\"http:\/\/www.musees-mediterranee.org\/wp-content\/uploads\/2025\/03\/etude-des-formes-du-tableau-rotated.jpg\" class=\"attachment-full size-full wp-image-17683\" alt=\"\" srcset=\"http:\/\/www.musees-mediterranee.org\/wp-content\/uploads\/2025\/03\/etude-des-formes-du-tableau-rotated.jpg 500w, http:\/\/www.musees-mediterranee.org\/wp-content\/uploads\/2025\/03\/etude-des-formes-du-tableau-300x193.jpg 300w\" sizes=\"(max-width: 500px) 100vw, 500px\" \/>\t\t\t\t\t\t\t\t<\/a>\n\t\t\t\t\t\t\t\t\t\t\t<figcaption class=\"widget-image-caption wp-caption-text\"><i>La Guerre et la Paix, <\/i>1952<\/figcaption>\n\t\t\t\t\t\t\t\t\t\t<\/figure>\n\t\t\t\t\t\t\t\t\t<\/div>\n\t\t\t\t<\/div>\n\t\t\t\t\t<\/div>\n\t\t\t\t<\/div>\n\t\t<div class=\"elementor-element elementor-element-43bfb96 e-flex e-con-boxed e-con e-parent\" data-id=\"43bfb96\" data-element_type=\"container\" data-e-type=\"container\">\n\t\t\t\t\t<div class=\"e-con-inner\">\n\t\t\t\t<div class=\"elementor-element elementor-element-acc02ca exad-sticky-section-no exad-glass-effect-no elementor-widget elementor-widget-text-editor\" data-id=\"acc02ca\" data-element_type=\"widget\" data-e-type=\"widget\" data-widget_type=\"text-editor.default\">\n\t\t\t\t<div class=\"elementor-widget-container\">\n\t\t\t\t\t\t\t\t\t<p>Plus l\u2019enfant est petit, plus les \u00ab apprentissages \u00bb se font par le corps et le jeu, ainsi de nombreuses exp\u00e9rimentations et manipulations sont propos\u00e9es.<\/p><p>Les s\u00e9ances au relai ont pour objectif de d\u00e9couvrir le th\u00e8me abord\u00e9 au mus\u00e9e. Elles offrent un cadre aux enfants pour jouer avec des \u00e9l\u00e9ments du tableau et s\u2019en impr\u00e9gner en les rendant \u00ab vivants \u00bb. Diff\u00e9rents accessoires ou mat\u00e9riaux repr\u00e9sentant un \u00e9l\u00e9ment de l\u2019\u0153uvre, des marionnettes sont utilis\u00e9s&#8230;<\/p><p>Puis, les enfants sont sensibilis\u00e9s \u00e0 ce qu\u2019ils vont vivre au mus\u00e9e. Ils seront alors en capacit\u00e9 de mieux s\u2019approprier l\u2019\u0153uvre et le v\u00e9cu li\u00e9 aux exp\u00e9riences propos\u00e9es, en respectant le cadre r\u00e9glementaire du mus\u00e9e, expliqu\u00e9 par l\u2019adulte comme l\u2019interdiction de toucher l\u2019\u0153uvre, par exemple.<\/p><p>Au mus\u00e9e, l\u2019enfant est immerg\u00e9 dans cette \u0153uvre gigantesque. Il observe l\u2019\u0153uvre, \u00e9coute la m\u00e9diatrice culturelle. L\u00e0 aussi, des supports concrets : visuels en rapport avec chaque th\u00e8me, sons pouvant repr\u00e9senter un \u00e9l\u00e9ment de l\u2019\u0153uvre, etc. sont utilis\u00e9s afin que le tout-petit soit acteur de sa d\u00e9couverte.<\/p><p>Les adultes accompagnent l\u2019enfant dans ce qu\u2019il vit.<br \/>L\u2019adulte cr\u00e9e le contexte favorable pour chaque enfant : des moments r\u00e9p\u00e9titifs pour favoriser un ancrage dans son cerveau, des espaces ludiques et cr\u00e9atifs o\u00f9 il est actif, pour qu\u2019il y trouve un int\u00e9r\u00eat et du plaisir. Tout ce qu\u2019il aura v\u00e9cu \u00e0 travers ces exp\u00e9riences r\u00e9p\u00e9t\u00e9es laissera des traces. Concr\u00e8tement cela aura permis d\u2019\u00e9veiller et affiner le sens de l\u2019observation et des autres sens : toucher, ou\u00efe, mais ce projet l\u2019aura aussi sensibilis\u00e9 \u00e0 l\u2019art. Cela aura \u00e9t\u00e9 pour lui une ouverture au monde, il aura contribu\u00e9 \u00e0 forger sa personnalit\u00e9 et aura pr\u00e9par\u00e9 le terrain des acquisitions \u00e0 venir\u2026<\/p>\t\t\t\t\t\t\t\t<\/div>\n\t\t\t\t<\/div>\n\t\t\t\t\t<\/div>\n\t\t\t\t<\/div>\n\t\t<div class=\"elementor-element elementor-element-34b5897 e-flex e-con-boxed e-con e-parent\" data-id=\"34b5897\" data-element_type=\"container\" data-e-type=\"container\">\n\t\t\t\t\t<div class=\"e-con-inner\">\n\t\t<div class=\"elementor-element elementor-element-96fa94b e-con-full e-flex e-con e-child\" data-id=\"96fa94b\" data-element_type=\"container\" data-e-type=\"container\">\n\t\t\t\t<div class=\"elementor-element elementor-element-3936560 exad-sticky-section-no exad-glass-effect-no elementor-widget elementor-widget-image\" data-id=\"3936560\" data-element_type=\"widget\" data-e-type=\"widget\" data-widget_type=\"image.default\">\n\t\t\t\t<div class=\"elementor-widget-container\">\n\t\t\t\t\t\t\t\t\t\t\t\t<figure class=\"wp-caption\">\n\t\t\t\t\t\t\t\t\t\t\t<a href=\"http:\/\/www.musees-mediterranee.org\/wp-content\/uploads\/2025\/03\/visite-avec-les-familles-a-la-fin-du-projet.jpg\" data-elementor-open-lightbox=\"yes\" data-e-action-hash=\"#elementor-action%3Aaction%3Dlightbox%26settings%3DeyJpZCI6MTc2ODQsInVybCI6Imh0dHA6XC9cL3d3dy5tdXNlZXMtbWVkaXRlcnJhbmVlLm9yZ1wvd3AtY29udGVudFwvdXBsb2Fkc1wvMjAyNVwvMDNcL3Zpc2l0ZS1hdmVjLWxlcy1mYW1pbGxlcy1hLWxhLWZpbi1kdS1wcm9qZXQuanBnIn0%3D\">\n\t\t\t\t\t\t\t<img decoding=\"async\" width=\"480\" height=\"329\" src=\"http:\/\/www.musees-mediterranee.org\/wp-content\/uploads\/2025\/03\/visite-avec-les-familles-a-la-fin-du-projet.jpg\" class=\"attachment-large size-large wp-image-17684\" alt=\"\" srcset=\"http:\/\/www.musees-mediterranee.org\/wp-content\/uploads\/2025\/03\/visite-avec-les-familles-a-la-fin-du-projet.jpg 480w, http:\/\/www.musees-mediterranee.org\/wp-content\/uploads\/2025\/03\/visite-avec-les-familles-a-la-fin-du-projet-300x206.jpg 300w\" sizes=\"(max-width: 480px) 100vw, 480px\" \/>\t\t\t\t\t\t\t\t<\/a>\n\t\t\t\t\t\t\t\t\t\t\t<figcaption class=\"widget-image-caption wp-caption-text\">Peinture \u00e0 l\u2019huile sur isorel<br \/> Collection Mus\u00e9e national Picasso, <i>La Guerre et la Paix<\/i><br \/> Succession Picasso, Paris, 2025<\/figcaption>\n\t\t\t\t\t\t\t\t\t\t<\/figure>\n\t\t\t\t\t\t\t\t\t<\/div>\n\t\t\t\t<\/div>\n\t\t\t\t<\/div>\n\t\t<div class=\"elementor-element elementor-element-9f958e8 e-con-full e-flex e-con e-child\" data-id=\"9f958e8\" data-element_type=\"container\" data-e-type=\"container\">\n\t\t\t\t<div class=\"elementor-element elementor-element-8c974a5 exad-sticky-section-no exad-glass-effect-no elementor-widget elementor-widget-text-editor\" data-id=\"8c974a5\" data-element_type=\"widget\" data-e-type=\"widget\" data-widget_type=\"text-editor.default\">\n\t\t\t\t<div class=\"elementor-widget-container\">\n\t\t\t\t\t\t\t\t\t<p>Au d\u00e9but du projet, les familles sont invit\u00e9es au mus\u00e9e afin qu\u2019elles puissent d\u00e9couvrir ensemble l\u2019\u0153uvre que les enfants vont fr\u00e9quenter r\u00e9guli\u00e8rement. A la fin du projet, gr\u00e2ce \u00e0 une exposition photo et vid\u00e9o les parents voient tout ce qui a \u00e9t\u00e9 men\u00e9 \u00e0 bien avec les enfants pendant 8 mois.<\/p><p>Enfin, un temps est consacr\u00e9 \u00e0 une \u00e9valuation du sensible avec les assistantes maternelles et les enfants afin de mesurer l\u2019impact \u00e9motionnel, le ressenti de l\u2019\u0153uvre sur les participants.<\/p>\t\t\t\t\t\t\t\t<\/div>\n\t\t\t\t<\/div>\n\t\t\t\t<\/div>\n\t\t\t\t\t<\/div>\n\t\t\t\t<\/div>\n\t\t<div class=\"elementor-element elementor-element-15c6653 e-flex e-con-boxed e-con e-parent\" data-id=\"15c6653\" data-element_type=\"container\" data-e-type=\"container\">\n\t\t\t\t\t<div class=\"e-con-inner\">\n\t\t\t\t\t<\/div>\n\t\t\t\t<\/div>\n\t\t\t\t<\/div>\n\t\t","protected":false},"excerpt":{"rendered":"<p>Le mus\u00e9e Magnelli, mus\u00e9e de la c\u00e9ramique et le relai petite enfance de Vallauris Golfe-Juan proposent un projet d\u2019\u00e9veil artistique et culturel aux tout-petits accompagn\u00e9s de leurs assistantes maternelles.<\/p>\n","protected":false},"author":1,"featured_media":17682,"comment_status":"closed","ping_status":"closed","sticky":false,"template":"","format":"standard","meta":{"_acf_changed":false,"_bbp_topic_count":0,"_bbp_reply_count":0,"_bbp_total_topic_count":0,"_bbp_total_reply_count":0,"_bbp_voice_count":0,"_bbp_anonymous_reply_count":0,"_bbp_topic_count_hidden":0,"_bbp_reply_count_hidden":0,"_bbp_forum_subforum_count":0,"iawp_total_views":12,"footnotes":""},"categories":[25,233],"tags":[247],"class_list":["post-17681","post","type-post","status-publish","format-standard","has-post-thumbnail","hentry","category-journal","category-mediation","tag-mars-2025"],"acf":[],"_links":{"self":[{"href":"http:\/\/www.musees-mediterranee.org\/index.php\/wp-json\/wp\/v2\/posts\/17681","targetHints":{"allow":["GET"]}}],"collection":[{"href":"http:\/\/www.musees-mediterranee.org\/index.php\/wp-json\/wp\/v2\/posts"}],"about":[{"href":"http:\/\/www.musees-mediterranee.org\/index.php\/wp-json\/wp\/v2\/types\/post"}],"author":[{"embeddable":true,"href":"http:\/\/www.musees-mediterranee.org\/index.php\/wp-json\/wp\/v2\/users\/1"}],"replies":[{"embeddable":true,"href":"http:\/\/www.musees-mediterranee.org\/index.php\/wp-json\/wp\/v2\/comments?post=17681"}],"version-history":[{"count":0,"href":"http:\/\/www.musees-mediterranee.org\/index.php\/wp-json\/wp\/v2\/posts\/17681\/revisions"}],"wp:featuredmedia":[{"embeddable":true,"href":"http:\/\/www.musees-mediterranee.org\/index.php\/wp-json\/wp\/v2\/media\/17682"}],"wp:attachment":[{"href":"http:\/\/www.musees-mediterranee.org\/index.php\/wp-json\/wp\/v2\/media?parent=17681"}],"wp:term":[{"taxonomy":"category","embeddable":true,"href":"http:\/\/www.musees-mediterranee.org\/index.php\/wp-json\/wp\/v2\/categories?post=17681"},{"taxonomy":"post_tag","embeddable":true,"href":"http:\/\/www.musees-mediterranee.org\/index.php\/wp-json\/wp\/v2\/tags?post=17681"}],"curies":[{"name":"wp","href":"https:\/\/api.w.org\/{rel}","templated":true}]}}