{"id":17672,"date":"2025-03-04T09:16:50","date_gmt":"2025-03-04T08:16:50","guid":{"rendered":"http:\/\/www.musees-mediterranee.org\/?p=17672"},"modified":"2025-07-02T09:12:46","modified_gmt":"2025-07-02T07:12:46","slug":"une-nouvelle-toile-peinte-du-xviiie-siecle-dans-les-collections-du-musee-provencal","status":"publish","type":"post","link":"http:\/\/www.musees-mediterranee.org\/index.php\/2025\/03\/04\/une-nouvelle-toile-peinte-du-xviiie-siecle-dans-les-collections-du-musee-provencal\/","title":{"rendered":"Une nouvelle toile peinte du XVIIIe si\u00e8cle dans les collections du mus\u00e9e proven\u00e7al"},"content":{"rendered":"\t\t<div data-elementor-type=\"wp-post\" data-elementor-id=\"17672\" class=\"elementor elementor-17672\" data-elementor-post-type=\"post\">\n\t\t\t\t<div class=\"elementor-element elementor-element-1f45566 e-flex e-con-boxed e-con e-parent\" data-id=\"1f45566\" data-element_type=\"container\" data-e-type=\"container\">\n\t\t\t\t\t<div class=\"e-con-inner\">\n\t\t\t\t<div class=\"elementor-element elementor-element-c7544f2 exad-sticky-section-no exad-glass-effect-no elementor-widget elementor-widget-image\" data-id=\"c7544f2\" data-element_type=\"widget\" data-e-type=\"widget\" data-widget_type=\"image.default\">\n\t\t\t\t<div class=\"elementor-widget-container\">\n\t\t\t\t\t\t\t\t\t\t\t\t<figure class=\"wp-caption\">\n\t\t\t\t\t\t\t\t\t\t\t<a href=\"http:\/\/www.musees-mediterranee.org\/wp-content\/uploads\/2025\/03\/MP_202503_Acc.jpg\" data-elementor-open-lightbox=\"yes\" data-e-action-hash=\"#elementor-action%3Aaction%3Dlightbox%26settings%3DeyJpZCI6MTg1NDgsInVybCI6Imh0dHA6XC9cL3d3dy5tdXNlZXMtbWVkaXRlcnJhbmVlLm9yZ1wvd3AtY29udGVudFwvdXBsb2Fkc1wvMjAyNVwvMDNcL01QXzIwMjUwM19BY2MuanBnIn0%3D\">\n\t\t\t\t\t\t\t<img fetchpriority=\"high\" decoding=\"async\" width=\"1186\" height=\"989\" src=\"http:\/\/www.musees-mediterranee.org\/wp-content\/uploads\/2025\/03\/MP_202503_Acc.jpg\" class=\"attachment-full size-full wp-image-18548\" alt=\"\" srcset=\"http:\/\/www.musees-mediterranee.org\/wp-content\/uploads\/2025\/03\/MP_202503_Acc.jpg 1186w, http:\/\/www.musees-mediterranee.org\/wp-content\/uploads\/2025\/03\/MP_202503_Acc-300x250.jpg 300w, http:\/\/www.musees-mediterranee.org\/wp-content\/uploads\/2025\/03\/MP_202503_Acc-1024x854.jpg 1024w, http:\/\/www.musees-mediterranee.org\/wp-content\/uploads\/2025\/03\/MP_202503_Acc-768x640.jpg 768w\" sizes=\"(max-width: 1186px) 100vw, 1186px\" \/>\t\t\t\t\t\t\t\t<\/a>\n\t\t\t\t\t\t\t\t\t\t\t<figcaption class=\"widget-image-caption wp-caption-text\">Toile peinte \u00e0 la d\u00e9trempe, 260 x 310 cm, Provence, 3e quart du XVIIIe s., don Audibert, novembre 2024, clich\u00e9 Mus\u00e9e Proven\u00e7al<\/figcaption>\n\t\t\t\t\t\t\t\t\t\t<\/figure>\n\t\t\t\t\t\t\t\t\t<\/div>\n\t\t\t\t<\/div>\n\t\t\t\t<div class=\"elementor-element elementor-element-cfc4812 exad-sticky-section-no exad-glass-effect-no elementor-widget elementor-widget-text-editor\" data-id=\"cfc4812\" data-element_type=\"widget\" data-e-type=\"widget\" data-widget_type=\"text-editor.default\">\n\t\t\t\t<div class=\"elementor-widget-container\">\n\t\t\t\t\t\t\t\t\t<p>Les collections du Mus\u00e9e Proven\u00e7al \u00e0 Marseille se sont r\u00e9cemment enrichies d\u2019une remarquable toile peinte \u00e0 la d\u00e9trempe du XVIIIe si\u00e8cle, provenant de l\u2019h\u00f4tel particulier de la famille Audibert, au c\u0153ur du Quartier Mazarin d\u2019Aix. Ce don vient compl\u00e9ter avantageusement les collections du mus\u00e9e qui renferment un ensemble d\u00e9j\u00e0 important de toiles peintes et enduites de la m\u00eame p\u00e9riode, jadis nombreuses dans les int\u00e9rieurs m\u00e9ridionaux. Avec notamment la s\u00e9rie de toiles peintes qui ornaient jusqu\u2019en 2011 la bastide de la Perrine \u00e0 Marseille et qui s\u2019inspirent pour partie de l\u2019\u0153uvre grav\u00e9e de J. Vernet, le mus\u00e9e se trouve \u00eatre aujourd\u2019hui l\u2019institution qui conserve la plus importante collection de ce type de grands d\u00e9cors muraux, parfois taill\u00e9s dans d\u2019anciennes voiles de bateaux. D\u2019une mise en \u0153uvre modeste, d\u2019un dessin souvent rapide et enlev\u00e9, ces toiles seront prochainement mises en situation dans des period rooms, permettant d\u2019illustrer cet aspect notable des arts d\u00e9coratifs proven\u00e7aux.<\/p>\t\t\t\t\t\t\t\t<\/div>\n\t\t\t\t<\/div>\n\t\t\t\t\t<\/div>\n\t\t\t\t<\/div>\n\t\t\t\t<\/div>\n\t\t","protected":false},"excerpt":{"rendered":"<p>Les collections du Mus\u00e9e Proven\u00e7al \u00e0 Marseille se sont r\u00e9cemment enrichies d\u2019une remarquable toile peinte \u00e0 la d\u00e9trempe du XVIIIe si\u00e8cle, provenant de l\u2019h\u00f4tel particulier de la famille Audibert, au c\u0153ur du Quartier Mazarin d\u2019Aix.<\/p>\n","protected":false},"author":1,"featured_media":18548,"comment_status":"closed","ping_status":"closed","sticky":false,"template":"","format":"standard","meta":{"_acf_changed":false,"_bbp_topic_count":0,"_bbp_reply_count":0,"_bbp_total_topic_count":0,"_bbp_total_reply_count":0,"_bbp_voice_count":0,"_bbp_anonymous_reply_count":0,"_bbp_topic_count_hidden":0,"_bbp_reply_count_hidden":0,"_bbp_forum_subforum_count":0,"iawp_total_views":24,"footnotes":""},"categories":[31,25],"tags":[247],"class_list":["post-17672","post","type-post","status-publish","format-standard","has-post-thumbnail","hentry","category-acquisition","category-journal","tag-mars-2025"],"acf":[],"_links":{"self":[{"href":"http:\/\/www.musees-mediterranee.org\/index.php\/wp-json\/wp\/v2\/posts\/17672","targetHints":{"allow":["GET"]}}],"collection":[{"href":"http:\/\/www.musees-mediterranee.org\/index.php\/wp-json\/wp\/v2\/posts"}],"about":[{"href":"http:\/\/www.musees-mediterranee.org\/index.php\/wp-json\/wp\/v2\/types\/post"}],"author":[{"embeddable":true,"href":"http:\/\/www.musees-mediterranee.org\/index.php\/wp-json\/wp\/v2\/users\/1"}],"replies":[{"embeddable":true,"href":"http:\/\/www.musees-mediterranee.org\/index.php\/wp-json\/wp\/v2\/comments?post=17672"}],"version-history":[{"count":0,"href":"http:\/\/www.musees-mediterranee.org\/index.php\/wp-json\/wp\/v2\/posts\/17672\/revisions"}],"wp:featuredmedia":[{"embeddable":true,"href":"http:\/\/www.musees-mediterranee.org\/index.php\/wp-json\/wp\/v2\/media\/18548"}],"wp:attachment":[{"href":"http:\/\/www.musees-mediterranee.org\/index.php\/wp-json\/wp\/v2\/media?parent=17672"}],"wp:term":[{"taxonomy":"category","embeddable":true,"href":"http:\/\/www.musees-mediterranee.org\/index.php\/wp-json\/wp\/v2\/categories?post=17672"},{"taxonomy":"post_tag","embeddable":true,"href":"http:\/\/www.musees-mediterranee.org\/index.php\/wp-json\/wp\/v2\/tags?post=17672"}],"curies":[{"name":"wp","href":"https:\/\/api.w.org\/{rel}","templated":true}]}}