{"id":15185,"date":"2024-12-10T10:20:41","date_gmt":"2024-12-10T09:20:41","guid":{"rendered":"http:\/\/www.musees-mediterranee.org\/?p=15185"},"modified":"2025-03-26T09:07:49","modified_gmt":"2025-03-26T08:07:49","slug":"gilbert-portanier-le-chemin-du-reve","status":"publish","type":"post","link":"http:\/\/www.musees-mediterranee.org\/index.php\/2024\/12\/10\/gilbert-portanier-le-chemin-du-reve\/","title":{"rendered":"Gilbert Portanier, le chemin du r\u00eave"},"content":{"rendered":"\t\t<div data-elementor-type=\"wp-post\" data-elementor-id=\"15185\" class=\"elementor elementor-15185\" data-elementor-post-type=\"post\">\n\t\t\t\t\t\t<section class=\"elementor-section elementor-top-section elementor-element elementor-element-6c3637b elementor-section-boxed elementor-section-height-default elementor-section-height-default exad-glass-effect-no exad-sticky-section-no\" data-id=\"6c3637b\" data-element_type=\"section\" data-e-type=\"section\">\n\t\t\t\t\t\t<div class=\"elementor-container elementor-column-gap-default\">\n\t\t\t\t\t<div class=\"elementor-column elementor-col-100 elementor-top-column elementor-element elementor-element-d829c70 exad-glass-effect-no exad-sticky-section-no\" data-id=\"d829c70\" data-element_type=\"column\" data-e-type=\"column\">\n\t\t\t<div class=\"elementor-widget-wrap elementor-element-populated\">\n\t\t\t\t\t\t<div class=\"elementor-element elementor-element-df8e94f exad-sticky-section-no exad-glass-effect-no elementor-widget elementor-widget-text-editor\" data-id=\"df8e94f\" data-element_type=\"widget\" data-e-type=\"widget\" data-widget_type=\"text-editor.default\">\n\t\t\t\t<div class=\"elementor-widget-container\">\n\t\t\t\t\t\t\t\t\t<p>Le mus\u00e9e Magnelli, mus\u00e9e de la c\u00e9ramique propose, actuellement, une exposition monographique en hommage \u00e0 Gilbert Portanier, artiste embl\u00e9matique de la ville de Vallauris, disparu en 2023. \u00c0 travers un ensemble de pr\u00e8s de cent pi\u00e8ces, l\u2019exposition <i>Gilbert Portanier : le chemin du r\u00eave<\/i> illustre les diff\u00e9rents moments d\u2019un des grands noms de la c\u00e9ramique contemporaine, mettant en lumi\u00e8re les \u0153uvres significatives de sa carri\u00e8re. Cette s\u00e9lection d\u2019\u0153uvres embl\u00e9matiques illustre l\u2019\u00e9volution de son style et l\u2019\u00e9tendue de son talent.<\/p>\t\t\t\t\t\t\t\t<\/div>\n\t\t\t\t<\/div>\n\t\t\t\t\t<\/div>\n\t\t<\/div>\n\t\t\t\t\t<\/div>\n\t\t<\/section>\n\t\t\t\t<section class=\"elementor-section elementor-top-section elementor-element elementor-element-4b0f52e elementor-section-boxed elementor-section-height-default elementor-section-height-default exad-glass-effect-no exad-sticky-section-no\" data-id=\"4b0f52e\" data-element_type=\"section\" data-e-type=\"section\">\n\t\t\t\t\t\t<div class=\"elementor-container elementor-column-gap-default\">\n\t\t\t\t\t<div class=\"elementor-column elementor-col-100 elementor-top-column elementor-element elementor-element-b1494f8 exad-glass-effect-no exad-sticky-section-no\" data-id=\"b1494f8\" data-element_type=\"column\" data-e-type=\"column\">\n\t\t\t<div class=\"elementor-widget-wrap elementor-element-populated\">\n\t\t\t\t\t\t<div class=\"elementor-element elementor-element-cf9a1e7 exad-sticky-section-no exad-glass-effect-no elementor-widget elementor-widget-image\" data-id=\"cf9a1e7\" data-element_type=\"widget\" data-e-type=\"widget\" data-widget_type=\"image.default\">\n\t\t\t\t<div class=\"elementor-widget-container\">\n\t\t\t\t\t\t\t\t\t\t\t\t<figure class=\"wp-caption\">\n\t\t\t\t\t\t\t\t\t\t\t<a href=\"http:\/\/www.musees-mediterranee.org\/wp-content\/uploads\/2024\/12\/IMG_1552.jpg\" data-elementor-open-lightbox=\"yes\" data-e-action-hash=\"#elementor-action%3Aaction%3Dlightbox%26settings%3DeyJpZCI6MTUxODgsInVybCI6Imh0dHA6XC9cL3d3dy5tdXNlZXMtbWVkaXRlcnJhbmVlLm9yZ1wvd3AtY29udGVudFwvdXBsb2Fkc1wvMjAyNFwvMTJcL0lNR18xNTUyLmpwZyJ9\">\n\t\t\t\t\t\t\t<img fetchpriority=\"high\" decoding=\"async\" width=\"900\" height=\"1200\" src=\"http:\/\/www.musees-mediterranee.org\/wp-content\/uploads\/2024\/12\/IMG_1552.jpg\" class=\"attachment-full size-full wp-image-15188\" alt=\"\" srcset=\"http:\/\/www.musees-mediterranee.org\/wp-content\/uploads\/2024\/12\/IMG_1552.jpg 900w, http:\/\/www.musees-mediterranee.org\/wp-content\/uploads\/2024\/12\/IMG_1552-225x300.jpg 225w, http:\/\/www.musees-mediterranee.org\/wp-content\/uploads\/2024\/12\/IMG_1552-768x1024.jpg 768w\" sizes=\"(max-width: 900px) 100vw, 900px\" \/>\t\t\t\t\t\t\t\t<\/a>\n\t\t\t\t\t\t\t\t\t\t\t<figcaption class=\"widget-image-caption wp-caption-text\"><\/figcaption>\n\t\t\t\t\t\t\t\t\t\t<\/figure>\n\t\t\t\t\t\t\t\t\t<\/div>\n\t\t\t\t<\/div>\n\t\t\t\t\t<\/div>\n\t\t<\/div>\n\t\t\t\t\t<\/div>\n\t\t<\/section>\n\t\t\t\t<section class=\"elementor-section elementor-top-section elementor-element elementor-element-070fe2b elementor-section-boxed elementor-section-height-default elementor-section-height-default exad-glass-effect-no exad-sticky-section-no\" data-id=\"070fe2b\" data-element_type=\"section\" data-e-type=\"section\">\n\t\t\t\t\t\t<div class=\"elementor-container elementor-column-gap-default\">\n\t\t\t\t\t<div class=\"elementor-column elementor-col-100 elementor-top-column elementor-element elementor-element-8a63e35 exad-glass-effect-no exad-sticky-section-no\" data-id=\"8a63e35\" data-element_type=\"column\" data-e-type=\"column\">\n\t\t\t<div class=\"elementor-widget-wrap elementor-element-populated\">\n\t\t\t\t\t\t<div class=\"elementor-element elementor-element-3655bd1 exad-sticky-section-no exad-glass-effect-no elementor-widget elementor-widget-text-editor\" data-id=\"3655bd1\" data-element_type=\"widget\" data-e-type=\"widget\" data-widget_type=\"text-editor.default\">\n\t\t\t\t<div class=\"elementor-widget-container\">\n\t\t\t\t\t\t\t\t\t<p>Gilbert Portanier suit une formation en architecture et en peinture \u00e0 l\u2019\u00c9cole des Beaux-Arts de Paris de 1945 \u00e0 1948. Au cours de l\u2019\u00e9t\u00e9 1948, il part \u00e0 Vallauris avec ses amis Albert Diato et Francine Del Pierre tenter l\u2019aventure c\u00e9ramique. Ensemble, ils fondent le Triptyque et se forment \u00e0 ce mat\u00e9riau. Alors qu\u2019Albert Diato et Francine Del Pierre retournent \u00e0 Paris, Gilbert Portanier fait le choix de s\u2019installer \u00e0 Vallauris. Il fonde son propre atelier en 1954 dans une ancienne poterie devenu aujourd\u2019hui l\u2019atelier galerie Gilbert Portanier.<br \/>Son travail est tr\u00e8s t\u00f4t remarqu\u00e9, notamment en Allemagne d\u00e8s 1954 o\u00f9 ses \u0153uvres sont depuis lors r\u00e9guli\u00e8rement pr\u00e9sent\u00e9es, et aussi sur le continent am\u00e9ricain. De nombreux prix et r\u00e9compenses viennent par la suite jalonner une longue carri\u00e8re \u00e9maill\u00e9e de succ\u00e8s.<br \/>Assumant pleinement sa filiation avec Picasso dont il a int\u00e9gr\u00e9 la premi\u00e8re le\u00e7on, celle de la libert\u00e9, il aborde la c\u00e9ramique en peintre tout en faisant preuve d\u2019une grande ma\u00eetrise technique tant dans le fa\u00e7onnage &#8211; tournage mais aussi estampage et moulage &#8211; que dans le travail des \u00e9maux d\u00e9voilant une \u0153uvre d\u00e9licate et \u00e9l\u00e9gante. Ses premi\u00e8res cr\u00e9ations pr\u00e9sentent des motifs, souvent abstraits, t\u00e9moignant de son go\u00fbt pour la calligraphie avant qu\u2019il ne d\u00e9veloppe une iconographie plus figurative explorant diff\u00e9rentes th\u00e9matiques en s\u2019attachant toujours aux rapports entre graphisme et couleur. Dans les ann\u00e9es 1950, les formes traditionnelles, toujours finement tourn\u00e9es, sont appr\u00e9hend\u00e9es comme des supports picturaux. La composition se d\u00e9ploie sur des assiettes ou des bouteilles dont les bords par l\u2019utilisation d\u2019aplats de couleur permettent de cr\u00e9er des effets d\u2019encadrement. Par la suite, il continue ses recherches, notamment sur les \u00e9maux et exp\u00e9rimente diff\u00e9rentes techniques de r\u00e9alisation. Il \u00e9volue vers une approche plus sculpturale et plus libre formellement, jouant pleinement des relations entre le volume et le d\u00e9cor dans des pi\u00e8ces \u00e0 la taille de plus en plus imposante.<\/p>\t\t\t\t\t\t\t\t<\/div>\n\t\t\t\t<\/div>\n\t\t\t\t\t<\/div>\n\t\t<\/div>\n\t\t\t\t\t<\/div>\n\t\t<\/section>\n\t\t\t\t<section class=\"elementor-section elementor-top-section elementor-element elementor-element-24f4a2f elementor-section-boxed elementor-section-height-default elementor-section-height-default exad-glass-effect-no exad-sticky-section-no\" data-id=\"24f4a2f\" data-element_type=\"section\" data-e-type=\"section\">\n\t\t\t\t\t\t<div class=\"elementor-container elementor-column-gap-default\">\n\t\t\t\t\t<div class=\"elementor-column elementor-col-100 elementor-top-column elementor-element elementor-element-50f2065 exad-glass-effect-no exad-sticky-section-no\" data-id=\"50f2065\" data-element_type=\"column\" data-e-type=\"column\">\n\t\t\t<div class=\"elementor-widget-wrap elementor-element-populated\">\n\t\t\t\t\t\t<div class=\"elementor-element elementor-element-b3a26cb exad-sticky-section-no exad-glass-effect-no elementor-widget elementor-widget-image\" data-id=\"b3a26cb\" data-element_type=\"widget\" data-e-type=\"widget\" data-widget_type=\"image.default\">\n\t\t\t\t<div class=\"elementor-widget-container\">\n\t\t\t\t\t\t\t\t\t\t\t\t<figure class=\"wp-caption\">\n\t\t\t\t\t\t\t\t\t\t\t<a href=\"http:\/\/www.musees-mediterranee.org\/wp-content\/uploads\/2024\/12\/Petites-sculptures_\u00a9-Francois-Fernandez-49.jpg\" data-elementor-open-lightbox=\"yes\" data-e-action-hash=\"#elementor-action%3Aaction%3Dlightbox%26settings%3DeyJpZCI6MTUxODksInVybCI6Imh0dHA6XC9cL3d3dy5tdXNlZXMtbWVkaXRlcnJhbmVlLm9yZ1wvd3AtY29udGVudFwvdXBsb2Fkc1wvMjAyNFwvMTJcL1BldGl0ZXMtc2N1bHB0dXJlc19cdTAwYTktRnJhbmNvaXMtRmVybmFuZGV6LTQ5LmpwZyJ9\">\n\t\t\t\t\t\t\t<img decoding=\"async\" width=\"1200\" height=\"899\" src=\"http:\/\/www.musees-mediterranee.org\/wp-content\/uploads\/2024\/12\/Petites-sculptures_\u00a9-Francois-Fernandez-49.jpg\" class=\"attachment-full size-full wp-image-15189\" alt=\"\" srcset=\"http:\/\/www.musees-mediterranee.org\/wp-content\/uploads\/2024\/12\/Petites-sculptures_\u00a9-Francois-Fernandez-49.jpg 1200w, http:\/\/www.musees-mediterranee.org\/wp-content\/uploads\/2024\/12\/Petites-sculptures_\u00a9-Francois-Fernandez-49-300x225.jpg 300w, http:\/\/www.musees-mediterranee.org\/wp-content\/uploads\/2024\/12\/Petites-sculptures_\u00a9-Francois-Fernandez-49-1024x767.jpg 1024w, http:\/\/www.musees-mediterranee.org\/wp-content\/uploads\/2024\/12\/Petites-sculptures_\u00a9-Francois-Fernandez-49-768x575.jpg 768w\" sizes=\"(max-width: 1200px) 100vw, 1200px\" \/>\t\t\t\t\t\t\t\t<\/a>\n\t\t\t\t\t\t\t\t\t\t\t<figcaption class=\"widget-image-caption wp-caption-text\">Petites sculptures_\u00a9 Fran\u00e7ois Fernandez<\/figcaption>\n\t\t\t\t\t\t\t\t\t\t<\/figure>\n\t\t\t\t\t\t\t\t\t<\/div>\n\t\t\t\t<\/div>\n\t\t\t\t\t<\/div>\n\t\t<\/div>\n\t\t\t\t\t<\/div>\n\t\t<\/section>\n\t\t\t\t<section class=\"elementor-section elementor-top-section elementor-element elementor-element-b5e10fa elementor-section-boxed elementor-section-height-default elementor-section-height-default exad-glass-effect-no exad-sticky-section-no\" data-id=\"b5e10fa\" data-element_type=\"section\" data-e-type=\"section\">\n\t\t\t\t\t\t<div class=\"elementor-container elementor-column-gap-default\">\n\t\t\t\t\t<div class=\"elementor-column elementor-col-100 elementor-top-column elementor-element elementor-element-7890623 exad-glass-effect-no exad-sticky-section-no\" data-id=\"7890623\" data-element_type=\"column\" data-e-type=\"column\">\n\t\t\t<div class=\"elementor-widget-wrap elementor-element-populated\">\n\t\t\t\t\t\t<div class=\"elementor-element elementor-element-fd15d05 exad-sticky-section-no exad-glass-effect-no elementor-widget elementor-widget-text-editor\" data-id=\"fd15d05\" data-element_type=\"widget\" data-e-type=\"widget\" data-widget_type=\"text-editor.default\">\n\t\t\t\t<div class=\"elementor-widget-container\">\n\t\t\t\t\t\t\t\t\t<p>Cet \u00e9v\u00e9nement est non seulement une invitation \u00e0 d\u00e9couvrir ou red\u00e9couvrir l\u2019\u0153uvre d\u2019un c\u00e9ramiste majeur qui a contribu\u00e9 au renouveau de la c\u00e9ramique fran\u00e7aise des ann\u00e9es 1950 \u00e0 nos jours mais \u00e9galement une invitation \u00e0 un voyage onirique o\u00f9 l\u2019imagination et la libert\u00e9 cr\u00e9ative sont les ma\u00eetres mots.<\/p>\t\t\t\t\t\t\t\t<\/div>\n\t\t\t\t<\/div>\n\t\t\t\t\t<\/div>\n\t\t<\/div>\n\t\t\t\t\t<\/div>\n\t\t<\/section>\n\t\t\t\t<section class=\"elementor-section elementor-top-section elementor-element elementor-element-6490312 elementor-section-boxed elementor-section-height-default elementor-section-height-default exad-glass-effect-no exad-sticky-section-no\" data-id=\"6490312\" data-element_type=\"section\" data-e-type=\"section\">\n\t\t\t\t\t\t<div class=\"elementor-container elementor-column-gap-default\">\n\t\t\t\t\t<div class=\"elementor-column elementor-col-100 elementor-top-column elementor-element elementor-element-6b53b46 exad-glass-effect-no exad-sticky-section-no\" data-id=\"6b53b46\" data-element_type=\"column\" data-e-type=\"column\">\n\t\t\t<div class=\"elementor-widget-wrap elementor-element-populated\">\n\t\t\t\t\t\t<div class=\"elementor-element elementor-element-49e74b8 exad-sticky-section-no exad-glass-effect-no elementor-widget elementor-widget-image\" data-id=\"49e74b8\" data-element_type=\"widget\" data-e-type=\"widget\" data-widget_type=\"image.default\">\n\t\t\t\t<div class=\"elementor-widget-container\">\n\t\t\t\t\t\t\t\t\t\t\t\t<figure class=\"wp-caption\">\n\t\t\t\t\t\t\t\t\t\t\t<a href=\"http:\/\/www.musees-mediterranee.org\/wp-content\/uploads\/2024\/12\/Coupe-pan-coupe_\u00a9-Francois-Fernandez-14.jpg\" data-elementor-open-lightbox=\"yes\" data-e-action-hash=\"#elementor-action%3Aaction%3Dlightbox%26settings%3DeyJpZCI6MTUxOTAsInVybCI6Imh0dHA6XC9cL3d3dy5tdXNlZXMtbWVkaXRlcnJhbmVlLm9yZ1wvd3AtY29udGVudFwvdXBsb2Fkc1wvMjAyNFwvMTJcL0NvdXBlLXBhbi1jb3VwZV9cdTAwYTktRnJhbmNvaXMtRmVybmFuZGV6LTE0LmpwZyJ9\">\n\t\t\t\t\t\t\t<img decoding=\"async\" width=\"1064\" height=\"1200\" src=\"http:\/\/www.musees-mediterranee.org\/wp-content\/uploads\/2024\/12\/Coupe-pan-coupe_\u00a9-Francois-Fernandez-14.jpg\" class=\"attachment-full size-full wp-image-15190\" alt=\"\" srcset=\"http:\/\/www.musees-mediterranee.org\/wp-content\/uploads\/2024\/12\/Coupe-pan-coupe_\u00a9-Francois-Fernandez-14.jpg 1064w, http:\/\/www.musees-mediterranee.org\/wp-content\/uploads\/2024\/12\/Coupe-pan-coupe_\u00a9-Francois-Fernandez-14-266x300.jpg 266w, http:\/\/www.musees-mediterranee.org\/wp-content\/uploads\/2024\/12\/Coupe-pan-coupe_\u00a9-Francois-Fernandez-14-908x1024.jpg 908w, http:\/\/www.musees-mediterranee.org\/wp-content\/uploads\/2024\/12\/Coupe-pan-coupe_\u00a9-Francois-Fernandez-14-768x866.jpg 768w\" sizes=\"(max-width: 1064px) 100vw, 1064px\" \/>\t\t\t\t\t\t\t\t<\/a>\n\t\t\t\t\t\t\t\t\t\t\t<figcaption class=\"widget-image-caption wp-caption-text\">Coupe pan coup\u00e9 \u00a9 Fran\u00e7ois Fernandez<\/figcaption>\n\t\t\t\t\t\t\t\t\t\t<\/figure>\n\t\t\t\t\t\t\t\t\t<\/div>\n\t\t\t\t<\/div>\n\t\t\t\t\t<\/div>\n\t\t<\/div>\n\t\t\t\t\t<\/div>\n\t\t<\/section>\n\t\t\t\t<\/div>\n\t\t","protected":false},"excerpt":{"rendered":"<p>Le mus\u00e9e Magnelli, mus\u00e9e de la c\u00e9ramique propose, actuellement, une exposition monographique en hommage \u00e0 Gilbert Portanier, artiste embl\u00e9matique de la ville de Vallauris, disparu en 2023.<\/p>\n","protected":false},"author":1,"featured_media":15186,"comment_status":"closed","ping_status":"closed","sticky":false,"template":"","format":"standard","meta":{"_acf_changed":false,"_bbp_topic_count":0,"_bbp_reply_count":0,"_bbp_total_topic_count":0,"_bbp_total_reply_count":0,"_bbp_voice_count":0,"_bbp_anonymous_reply_count":0,"_bbp_topic_count_hidden":0,"_bbp_reply_count_hidden":0,"_bbp_forum_subforum_count":0,"iawp_total_views":24,"footnotes":""},"categories":[32,25],"tags":[229],"class_list":["post-15185","post","type-post","status-publish","format-standard","has-post-thumbnail","hentry","category-exposition","category-journal","tag-decembre-2024"],"acf":[],"_links":{"self":[{"href":"http:\/\/www.musees-mediterranee.org\/index.php\/wp-json\/wp\/v2\/posts\/15185","targetHints":{"allow":["GET"]}}],"collection":[{"href":"http:\/\/www.musees-mediterranee.org\/index.php\/wp-json\/wp\/v2\/posts"}],"about":[{"href":"http:\/\/www.musees-mediterranee.org\/index.php\/wp-json\/wp\/v2\/types\/post"}],"author":[{"embeddable":true,"href":"http:\/\/www.musees-mediterranee.org\/index.php\/wp-json\/wp\/v2\/users\/1"}],"replies":[{"embeddable":true,"href":"http:\/\/www.musees-mediterranee.org\/index.php\/wp-json\/wp\/v2\/comments?post=15185"}],"version-history":[{"count":0,"href":"http:\/\/www.musees-mediterranee.org\/index.php\/wp-json\/wp\/v2\/posts\/15185\/revisions"}],"wp:featuredmedia":[{"embeddable":true,"href":"http:\/\/www.musees-mediterranee.org\/index.php\/wp-json\/wp\/v2\/media\/15186"}],"wp:attachment":[{"href":"http:\/\/www.musees-mediterranee.org\/index.php\/wp-json\/wp\/v2\/media?parent=15185"}],"wp:term":[{"taxonomy":"category","embeddable":true,"href":"http:\/\/www.musees-mediterranee.org\/index.php\/wp-json\/wp\/v2\/categories?post=15185"},{"taxonomy":"post_tag","embeddable":true,"href":"http:\/\/www.musees-mediterranee.org\/index.php\/wp-json\/wp\/v2\/tags?post=15185"}],"curies":[{"name":"wp","href":"https:\/\/api.w.org\/{rel}","templated":true}]}}