{"id":15159,"date":"2024-12-10T09:24:47","date_gmt":"2024-12-10T08:24:47","guid":{"rendered":"http:\/\/www.musees-mediterranee.org\/?p=15159"},"modified":"2025-03-26T09:08:18","modified_gmt":"2025-03-26T08:08:18","slug":"le-chantier-des-collections-du-musee-des-comtes-de-provence","status":"publish","type":"post","link":"http:\/\/www.musees-mediterranee.org\/index.php\/2024\/12\/10\/le-chantier-des-collections-du-musee-des-comtes-de-provence\/","title":{"rendered":"Le chantier des collections du Mus\u00e9e des Comtes de Provence"},"content":{"rendered":"\t\t<div data-elementor-type=\"wp-post\" data-elementor-id=\"15159\" class=\"elementor elementor-15159\" data-elementor-post-type=\"post\">\n\t\t\t\t\t\t<section class=\"elementor-section elementor-top-section elementor-element elementor-element-7e07208 elementor-section-boxed elementor-section-height-default elementor-section-height-default exad-glass-effect-no exad-sticky-section-no\" data-id=\"7e07208\" data-element_type=\"section\" data-e-type=\"section\">\n\t\t\t\t\t\t<div class=\"elementor-container elementor-column-gap-default\">\n\t\t\t\t\t<div class=\"elementor-column elementor-col-100 elementor-top-column elementor-element elementor-element-54677f7 exad-glass-effect-no exad-sticky-section-no\" data-id=\"54677f7\" data-element_type=\"column\" data-e-type=\"column\">\n\t\t\t<div class=\"elementor-widget-wrap elementor-element-populated\">\n\t\t\t\t\t\t<div class=\"elementor-element elementor-element-3e7a071 exad-sticky-section-no exad-glass-effect-no elementor-widget elementor-widget-text-editor\" data-id=\"3e7a071\" data-element_type=\"widget\" data-e-type=\"widget\" data-widget_type=\"text-editor.default\">\n\t\t\t\t<div class=\"elementor-widget-container\">\n\t\t\t\t\t\t\t\t\t<p>Dans le cadre d\u2019un grand projet de r\u00e9novation men\u00e9 par l\u2019Agglom\u00e9ration Provence Verte, le Mus\u00e9e des Comtes de Provence de Brignoles a ferm\u00e9 ses portes au public le 1er janvier 2024. Afin de pouvoir r\u00e9aliser le diagnostic arch\u00e9ologique d\u00e8s janvier 2025, le mus\u00e9e s\u2019est attel\u00e9 \u00e0 vider le palais de ses collections et \u00e0 organiser cette grande op\u00e9ration qu\u2019est le chantier des collections.<\/p>\t\t\t\t\t\t\t\t<\/div>\n\t\t\t\t<\/div>\n\t\t\t\t\t<\/div>\n\t\t<\/div>\n\t\t\t\t\t<\/div>\n\t\t<\/section>\n\t\t\t\t<section class=\"elementor-section elementor-top-section elementor-element elementor-element-f500c00 elementor-section-boxed elementor-section-height-default elementor-section-height-default exad-glass-effect-no exad-sticky-section-no\" data-id=\"f500c00\" data-element_type=\"section\" data-e-type=\"section\">\n\t\t\t\t\t\t<div class=\"elementor-container elementor-column-gap-default\">\n\t\t\t\t\t<div class=\"elementor-column elementor-col-100 elementor-top-column elementor-element elementor-element-13848e1 exad-glass-effect-no exad-sticky-section-no\" data-id=\"13848e1\" data-element_type=\"column\" data-e-type=\"column\">\n\t\t\t<div class=\"elementor-widget-wrap elementor-element-populated\">\n\t\t\t\t\t\t<div class=\"elementor-element elementor-element-9f863ea exad-sticky-section-no exad-glass-effect-no elementor-widget elementor-widget-image\" data-id=\"9f863ea\" data-element_type=\"widget\" data-e-type=\"widget\" data-widget_type=\"image.default\">\n\t\t\t\t<div class=\"elementor-widget-container\">\n\t\t\t\t\t\t\t\t\t\t\t\t<figure class=\"wp-caption\">\n\t\t\t\t\t\t\t\t\t\t\t<a href=\"http:\/\/www.musees-mediterranee.org\/wp-content\/uploads\/2024\/12\/ill-1.png\" data-elementor-open-lightbox=\"yes\" data-e-action-hash=\"#elementor-action%3Aaction%3Dlightbox%26settings%3DeyJpZCI6MTUxNjEsInVybCI6Imh0dHA6XC9cL3d3dy5tdXNlZXMtbWVkaXRlcnJhbmVlLm9yZ1wvd3AtY29udGVudFwvdXBsb2Fkc1wvMjAyNFwvMTJcL2lsbC0xLnBuZyJ9\">\n\t\t\t\t\t\t\t<img fetchpriority=\"high\" decoding=\"async\" width=\"500\" height=\"374\" src=\"http:\/\/www.musees-mediterranee.org\/wp-content\/uploads\/2024\/12\/ill-1.png\" class=\"attachment-full size-full wp-image-15161\" alt=\"\" srcset=\"http:\/\/www.musees-mediterranee.org\/wp-content\/uploads\/2024\/12\/ill-1.png 500w, http:\/\/www.musees-mediterranee.org\/wp-content\/uploads\/2024\/12\/ill-1-300x224.png 300w\" sizes=\"(max-width: 500px) 100vw, 500px\" \/>\t\t\t\t\t\t\t\t<\/a>\n\t\t\t\t\t\t\t\t\t\t\t<figcaption class=\"widget-image-caption wp-caption-text\">copyright C. Month\u00e9rat<\/figcaption>\n\t\t\t\t\t\t\t\t\t\t<\/figure>\n\t\t\t\t\t\t\t\t\t<\/div>\n\t\t\t\t<\/div>\n\t\t\t\t\t<\/div>\n\t\t<\/div>\n\t\t\t\t\t<\/div>\n\t\t<\/section>\n\t\t\t\t<section class=\"elementor-section elementor-top-section elementor-element elementor-element-93db733 elementor-section-boxed elementor-section-height-default elementor-section-height-default exad-glass-effect-no exad-sticky-section-no\" data-id=\"93db733\" data-element_type=\"section\" data-e-type=\"section\">\n\t\t\t\t\t\t<div class=\"elementor-container elementor-column-gap-default\">\n\t\t\t\t\t<div class=\"elementor-column elementor-col-100 elementor-top-column elementor-element elementor-element-17ac258 exad-glass-effect-no exad-sticky-section-no\" data-id=\"17ac258\" data-element_type=\"column\" data-e-type=\"column\">\n\t\t\t<div class=\"elementor-widget-wrap elementor-element-populated\">\n\t\t\t\t\t\t<div class=\"elementor-element elementor-element-e8465b8 exad-sticky-section-no exad-glass-effect-no elementor-widget elementor-widget-text-editor\" data-id=\"e8465b8\" data-element_type=\"widget\" data-e-type=\"widget\" data-widget_type=\"text-editor.default\">\n\t\t\t\t<div class=\"elementor-widget-container\">\n\t\t\t\t\t\t\t\t\t<p>L\u2019\u00e9quipe du Mus\u00e9e d\u00e9di\u00e9e \u00e0 cette op\u00e9ration, compos\u00e9e de trois personnes, a d\u2019abord proc\u00e9d\u00e9 \u00e0 l\u2019inventaire de l\u2019int\u00e9gralit\u00e9 de la collection et sa tra\u00e7abilit\u00e9. Sur une base de 1 700 objets, ce sont finalement un peu plus de 3 800 objets qui figurent \u00e0 pr\u00e9sent sur la base de donn\u00e9es. Parall\u00e8lement, un appel d\u2019offres a \u00e9t\u00e9 lanc\u00e9 afin d\u2019externaliser le chantier des collections qui, en raison de l\u2019imp\u00e9ratif des d\u00e9lais, ne pouvait se r\u00e9aliser en interne.<br \/>L\u2019entreprise retenue est UP2ART pour le chantier proprement dit. Mais deux autres entreprises sont pr\u00e9sentes : la Pierre au Carr\u00e9 pour le descellement d\u2019un certain nombre d\u2019objets scell\u00e9s au mur et\/ou sol du mus\u00e9e. La soci\u00e9t\u00e9 Bovis Fine Art, quant \u00e0 elle, a en charge le conditionnement de certains objets et leur transport vers des r\u00e9serves externalis\u00e9es. <br \/>La particularit\u00e9 du Mus\u00e9e des Comtes de Provence r\u00e9side dans la diversit\u00e9 de ses collections : pierre, m\u00e9tal, verre, c\u00e9ramique, bois\/mobilier, textile, animaux naturalis\u00e9s, objets en cire, arts graphiques, photographies&#8230; autant de mat\u00e9riaux que de sp\u00e9cialit\u00e9s n\u00e9cessaires pour r\u00e9aliser ce chantier. Ce ne sont pas moins de 21 conservateurs-restaurateurs qui se succ\u00e8dent durant les trois mois du chantier, de septembre \u00e0 d\u00e9cembre 2024. L\u2019\u00e9quipe est compl\u00e9t\u00e9e par cinq techniciennes de conservation qui conditionnent les objets de petit et moyen format et de cinq r\u00e9gisseurs qui ont en charge les mouvements d\u2019\u0153uvres et les conditionnements plus cons\u00e9quents. Charlotte Sauzereau, responsable d\u2019UP2ART et r\u00e9gisseuse d\u2019\u0153uvre d\u2019art, est le chef d\u2019orchestre de tout ce petit monde et coordonne l\u2019ensemble, accompagn\u00e9e de Caroline Gabriel, conservatrice-restauratrice.<\/p>\t\t\t\t\t\t\t\t<\/div>\n\t\t\t\t<\/div>\n\t\t\t\t\t<\/div>\n\t\t<\/div>\n\t\t\t\t\t<\/div>\n\t\t<\/section>\n\t\t\t\t<section class=\"elementor-section elementor-top-section elementor-element elementor-element-6083f73 elementor-section-boxed elementor-section-height-default elementor-section-height-default exad-glass-effect-no exad-sticky-section-no\" data-id=\"6083f73\" data-element_type=\"section\" data-e-type=\"section\">\n\t\t\t\t\t\t<div class=\"elementor-container elementor-column-gap-default\">\n\t\t\t\t\t<div class=\"elementor-column elementor-col-100 elementor-top-column elementor-element elementor-element-257188f exad-glass-effect-no exad-sticky-section-no\" data-id=\"257188f\" data-element_type=\"column\" data-e-type=\"column\">\n\t\t\t<div class=\"elementor-widget-wrap elementor-element-populated\">\n\t\t\t\t\t\t<div class=\"elementor-element elementor-element-6e41a79 exad-sticky-section-no exad-glass-effect-no elementor-widget elementor-widget-image\" data-id=\"6e41a79\" data-element_type=\"widget\" data-e-type=\"widget\" data-widget_type=\"image.default\">\n\t\t\t\t<div class=\"elementor-widget-container\">\n\t\t\t\t\t\t\t\t\t\t\t\t<figure class=\"wp-caption\">\n\t\t\t\t\t\t\t\t\t\t\t<a href=\"http:\/\/www.musees-mediterranee.org\/wp-content\/uploads\/2024\/12\/ill-2.jpg\" data-elementor-open-lightbox=\"yes\" data-e-action-hash=\"#elementor-action%3Aaction%3Dlightbox%26settings%3DeyJpZCI6MTUxNjIsInVybCI6Imh0dHA6XC9cL3d3dy5tdXNlZXMtbWVkaXRlcnJhbmVlLm9yZ1wvd3AtY29udGVudFwvdXBsb2Fkc1wvMjAyNFwvMTJcL2lsbC0yLmpwZyJ9\">\n\t\t\t\t\t\t\t<img decoding=\"async\" width=\"500\" height=\"498\" src=\"http:\/\/www.musees-mediterranee.org\/wp-content\/uploads\/2024\/12\/ill-2.jpg\" class=\"attachment-full size-full wp-image-15162\" alt=\"\" srcset=\"http:\/\/www.musees-mediterranee.org\/wp-content\/uploads\/2024\/12\/ill-2.jpg 500w, http:\/\/www.musees-mediterranee.org\/wp-content\/uploads\/2024\/12\/ill-2-300x300.jpg 300w, http:\/\/www.musees-mediterranee.org\/wp-content\/uploads\/2024\/12\/ill-2-150x150.jpg 150w, http:\/\/www.musees-mediterranee.org\/wp-content\/uploads\/2024\/12\/ill-2-330x330.jpg 330w\" sizes=\"(max-width: 500px) 100vw, 500px\" \/>\t\t\t\t\t\t\t\t<\/a>\n\t\t\t\t\t\t\t\t\t\t\t<figcaption class=\"widget-image-caption wp-caption-text\">La chaine op\u00e9ratoire : la pes\u00e9e, le d\u00e9poussi\u00e9rage, le constat d\u2019\u00e9tat et enfin le conditionnement. <br \/> copyright C. Month\u00e9rat<\/figcaption>\n\t\t\t\t\t\t\t\t\t\t<\/figure>\n\t\t\t\t\t\t\t\t\t<\/div>\n\t\t\t\t<\/div>\n\t\t\t\t\t<\/div>\n\t\t<\/div>\n\t\t\t\t\t<\/div>\n\t\t<\/section>\n\t\t\t\t<section class=\"elementor-section elementor-top-section elementor-element elementor-element-ee60f54 elementor-section-boxed elementor-section-height-default elementor-section-height-default exad-glass-effect-no exad-sticky-section-no\" data-id=\"ee60f54\" data-element_type=\"section\" data-e-type=\"section\">\n\t\t\t\t\t\t<div class=\"elementor-container elementor-column-gap-default\">\n\t\t\t\t\t<div class=\"elementor-column elementor-col-100 elementor-top-column elementor-element elementor-element-708af55 exad-glass-effect-no exad-sticky-section-no\" data-id=\"708af55\" data-element_type=\"column\" data-e-type=\"column\">\n\t\t\t<div class=\"elementor-widget-wrap elementor-element-populated\">\n\t\t\t\t\t\t<div class=\"elementor-element elementor-element-bb2f0b7 exad-sticky-section-no exad-glass-effect-no elementor-widget elementor-widget-text-editor\" data-id=\"bb2f0b7\" data-element_type=\"widget\" data-e-type=\"widget\" data-widget_type=\"text-editor.default\">\n\t\t\t\t<div class=\"elementor-widget-container\">\n\t\t\t\t\t\t\t\t\t<p>Ainsi chaque semaine, une dizaine de personnes scrutent les objets. Elles les d\u00e9poussi\u00e8rent, r\u00e9alisent les constats d\u2019\u00e9tat, effectuent des consolidations si cela s\u2019av\u00e8re n\u00e9cessaire pour le transport, et enfin les conditionnent selon leur typologie et leur format : en bacs, sur palette, en MRT, en tamponnage. Un v\u00e9ritable conditionnement sur mesure est r\u00e9alis\u00e9. En effet, compte tenu des enjeux financiers et organisationnels, l\u2019un des objectifs est que ces conditionnements soient d\u00e9finitifs et r\u00e9utilisables dans les futures r\u00e9serves du mus\u00e9e.<\/p>\t\t\t\t\t\t\t\t<\/div>\n\t\t\t\t<\/div>\n\t\t\t\t\t<\/div>\n\t\t<\/div>\n\t\t\t\t\t<\/div>\n\t\t<\/section>\n\t\t\t\t<section class=\"elementor-section elementor-top-section elementor-element elementor-element-0e9ab47 elementor-section-boxed elementor-section-height-default elementor-section-height-default exad-glass-effect-no exad-sticky-section-no\" data-id=\"0e9ab47\" data-element_type=\"section\" data-e-type=\"section\">\n\t\t\t\t\t\t<div class=\"elementor-container elementor-column-gap-default\">\n\t\t\t\t\t<div class=\"elementor-column elementor-col-100 elementor-top-column elementor-element elementor-element-4acba46 exad-glass-effect-no exad-sticky-section-no\" data-id=\"4acba46\" data-element_type=\"column\" data-e-type=\"column\">\n\t\t\t<div class=\"elementor-widget-wrap elementor-element-populated\">\n\t\t\t\t\t\t<div class=\"elementor-element elementor-element-e95b315 exad-sticky-section-no exad-glass-effect-no elementor-widget elementor-widget-image\" data-id=\"e95b315\" data-element_type=\"widget\" data-e-type=\"widget\" data-widget_type=\"image.default\">\n\t\t\t\t<div class=\"elementor-widget-container\">\n\t\t\t\t\t\t\t\t\t\t\t\t<figure class=\"wp-caption\">\n\t\t\t\t\t\t\t\t\t\t\t<a href=\"http:\/\/www.musees-mediterranee.org\/wp-content\/uploads\/2024\/12\/ill-3.jpg\" data-elementor-open-lightbox=\"yes\" data-e-action-hash=\"#elementor-action%3Aaction%3Dlightbox%26settings%3DeyJpZCI6MTUxNjMsInVybCI6Imh0dHA6XC9cL3d3dy5tdXNlZXMtbWVkaXRlcnJhbmVlLm9yZ1wvd3AtY29udGVudFwvdXBsb2Fkc1wvMjAyNFwvMTJcL2lsbC0zLmpwZyJ9\">\n\t\t\t\t\t\t\t<img decoding=\"async\" width=\"500\" height=\"393\" src=\"http:\/\/www.musees-mediterranee.org\/wp-content\/uploads\/2024\/12\/ill-3.jpg\" class=\"attachment-full size-full wp-image-15163\" alt=\"\" srcset=\"http:\/\/www.musees-mediterranee.org\/wp-content\/uploads\/2024\/12\/ill-3.jpg 500w, http:\/\/www.musees-mediterranee.org\/wp-content\/uploads\/2024\/12\/ill-3-300x236.jpg 300w\" sizes=\"(max-width: 500px) 100vw, 500px\" \/>\t\t\t\t\t\t\t\t<\/a>\n\t\t\t\t\t\t\t\t\t\t\t<figcaption class=\"widget-image-caption wp-caption-text\">Des infestations \u00e9taient suspect\u00e9es avant le chantier des collections,<br \/>diff\u00e9rentes bulles d\u2019anoxie ont \u00e9t\u00e9 mises en place par la soci\u00e9t\u00e9 3PA (Aur\u00e9lie Fortin) <br \/> copyright C. Month\u00e9rat<\/figcaption>\n\t\t\t\t\t\t\t\t\t\t<\/figure>\n\t\t\t\t\t\t\t\t\t<\/div>\n\t\t\t\t<\/div>\n\t\t\t\t\t<\/div>\n\t\t<\/div>\n\t\t\t\t\t<\/div>\n\t\t<\/section>\n\t\t\t\t<section class=\"elementor-section elementor-top-section elementor-element elementor-element-8058c3d elementor-section-boxed elementor-section-height-default elementor-section-height-default exad-glass-effect-no exad-sticky-section-no\" data-id=\"8058c3d\" data-element_type=\"section\" data-e-type=\"section\">\n\t\t\t\t\t\t<div class=\"elementor-container elementor-column-gap-default\">\n\t\t\t\t\t<div class=\"elementor-column elementor-col-100 elementor-top-column elementor-element elementor-element-4c7350d exad-glass-effect-no exad-sticky-section-no\" data-id=\"4c7350d\" data-element_type=\"column\" data-e-type=\"column\">\n\t\t\t<div class=\"elementor-widget-wrap elementor-element-populated\">\n\t\t\t\t\t\t<div class=\"elementor-element elementor-element-c77e60d exad-sticky-section-no exad-glass-effect-no elementor-widget elementor-widget-text-editor\" data-id=\"c77e60d\" data-element_type=\"widget\" data-e-type=\"widget\" data-widget_type=\"text-editor.default\">\n\t\t\t\t<div class=\"elementor-widget-container\">\n\t\t\t\t\t\t\t\t\t<p>Une fiche de suivi a \u00e9t\u00e9 mise en place afin d\u2019avoir une tra\u00e7abilit\u00e9 sans faille de chacun des objets. Cette fiche permet de savoir si chaque objet est pass\u00e9 par toutes les \u00e9tapes de la cha\u00eene op\u00e9ratoire et accompagne l\u2019objet jusqu\u2019\u00e0 son d\u00e9part du Mus\u00e9e. <br \/>Le Mus\u00e9e sera presque enti\u00e8rement vid\u00e9, \u00e0 l\u2019exception de certains objets de mobilier liturgique qui vont rester en place et faire l\u2019objet d\u2019une \u00e9tude avant de proc\u00e9der \u00e0 leur restauration. Mais ceci est une autre histoire\u2026<\/p>\t\t\t\t\t\t\t\t<\/div>\n\t\t\t\t<\/div>\n\t\t\t\t\t<\/div>\n\t\t<\/div>\n\t\t\t\t\t<\/div>\n\t\t<\/section>\n\t\t\t\t<section class=\"elementor-section elementor-top-section elementor-element elementor-element-40c3d6b elementor-section-boxed elementor-section-height-default elementor-section-height-default exad-glass-effect-no exad-sticky-section-no\" data-id=\"40c3d6b\" data-element_type=\"section\" data-e-type=\"section\">\n\t\t\t\t\t\t<div class=\"elementor-container elementor-column-gap-default\">\n\t\t\t\t\t<div class=\"elementor-column elementor-col-100 elementor-top-column elementor-element elementor-element-035e5c6 exad-glass-effect-no exad-sticky-section-no\" data-id=\"035e5c6\" data-element_type=\"column\" data-e-type=\"column\">\n\t\t\t<div class=\"elementor-widget-wrap elementor-element-populated\">\n\t\t\t\t\t\t<div class=\"elementor-element elementor-element-9b7ab04 exad-sticky-section-no exad-glass-effect-no elementor-widget elementor-widget-image\" data-id=\"9b7ab04\" data-element_type=\"widget\" data-e-type=\"widget\" data-widget_type=\"image.default\">\n\t\t\t\t<div class=\"elementor-widget-container\">\n\t\t\t\t\t\t\t\t\t\t\t\t<figure class=\"wp-caption\">\n\t\t\t\t\t\t\t\t\t\t\t<a href=\"http:\/\/www.musees-mediterranee.org\/wp-content\/uploads\/2024\/12\/ill4.jpg\" data-elementor-open-lightbox=\"yes\" data-e-action-hash=\"#elementor-action%3Aaction%3Dlightbox%26settings%3DeyJpZCI6MTUxNjcsInVybCI6Imh0dHA6XC9cL3d3dy5tdXNlZXMtbWVkaXRlcnJhbmVlLm9yZ1wvd3AtY29udGVudFwvdXBsb2Fkc1wvMjAyNFwvMTJcL2lsbDQuanBnIn0%3D\">\n\t\t\t\t\t\t\t<img loading=\"lazy\" decoding=\"async\" width=\"500\" height=\"373\" src=\"http:\/\/www.musees-mediterranee.org\/wp-content\/uploads\/2024\/12\/ill4.jpg\" class=\"attachment-full size-full wp-image-15167\" alt=\"\" srcset=\"http:\/\/www.musees-mediterranee.org\/wp-content\/uploads\/2024\/12\/ill4.jpg 500w, http:\/\/www.musees-mediterranee.org\/wp-content\/uploads\/2024\/12\/ill4-300x224.jpg 300w\" sizes=\"(max-width: 500px) 100vw, 500px\" \/>\t\t\t\t\t\t\t\t<\/a>\n\t\t\t\t\t\t\t\t\t\t\t<figcaption class=\"widget-image-caption wp-caption-text\">Parfois quand les objets sont trop encombrants, le travail se fait en ext\u00e9rieur ; <br \/> un chantier c\u2019est aussi savoir s\u2019adapter \u00e0 des conditions pas toujours faciles <br \/> copyright C. Month\u00e9rat<\/figcaption>\n\t\t\t\t\t\t\t\t\t\t<\/figure>\n\t\t\t\t\t\t\t\t\t<\/div>\n\t\t\t\t<\/div>\n\t\t\t\t\t<\/div>\n\t\t<\/div>\n\t\t\t\t\t<\/div>\n\t\t<\/section>\n\t\t\t\t<\/div>\n\t\t","protected":false},"excerpt":{"rendered":"<p>Dans le cadre d\u2019un grand projet de r\u00e9novation men\u00e9 par l\u2019Agglom\u00e9ration Provence Verte, le Mus\u00e9e des Comtes de Provence de Brignoles a ferm\u00e9 ses portes au public le 1er janvier 2024.<\/p>\n","protected":false},"author":1,"featured_media":15161,"comment_status":"closed","ping_status":"closed","sticky":false,"template":"","format":"standard","meta":{"_acf_changed":false,"_bbp_topic_count":0,"_bbp_reply_count":0,"_bbp_total_topic_count":0,"_bbp_total_reply_count":0,"_bbp_voice_count":0,"_bbp_anonymous_reply_count":0,"_bbp_topic_count_hidden":0,"_bbp_reply_count_hidden":0,"_bbp_forum_subforum_count":0,"iawp_total_views":60,"footnotes":""},"categories":[41,25],"tags":[229],"class_list":["post-15159","post","type-post","status-publish","format-standard","has-post-thumbnail","hentry","category-chantier","category-journal","tag-decembre-2024"],"acf":[],"_links":{"self":[{"href":"http:\/\/www.musees-mediterranee.org\/index.php\/wp-json\/wp\/v2\/posts\/15159","targetHints":{"allow":["GET"]}}],"collection":[{"href":"http:\/\/www.musees-mediterranee.org\/index.php\/wp-json\/wp\/v2\/posts"}],"about":[{"href":"http:\/\/www.musees-mediterranee.org\/index.php\/wp-json\/wp\/v2\/types\/post"}],"author":[{"embeddable":true,"href":"http:\/\/www.musees-mediterranee.org\/index.php\/wp-json\/wp\/v2\/users\/1"}],"replies":[{"embeddable":true,"href":"http:\/\/www.musees-mediterranee.org\/index.php\/wp-json\/wp\/v2\/comments?post=15159"}],"version-history":[{"count":0,"href":"http:\/\/www.musees-mediterranee.org\/index.php\/wp-json\/wp\/v2\/posts\/15159\/revisions"}],"wp:featuredmedia":[{"embeddable":true,"href":"http:\/\/www.musees-mediterranee.org\/index.php\/wp-json\/wp\/v2\/media\/15161"}],"wp:attachment":[{"href":"http:\/\/www.musees-mediterranee.org\/index.php\/wp-json\/wp\/v2\/media?parent=15159"}],"wp:term":[{"taxonomy":"category","embeddable":true,"href":"http:\/\/www.musees-mediterranee.org\/index.php\/wp-json\/wp\/v2\/categories?post=15159"},{"taxonomy":"post_tag","embeddable":true,"href":"http:\/\/www.musees-mediterranee.org\/index.php\/wp-json\/wp\/v2\/tags?post=15159"}],"curies":[{"name":"wp","href":"https:\/\/api.w.org\/{rel}","templated":true}]}}