{"id":14997,"date":"2024-12-03T09:25:47","date_gmt":"2024-12-03T08:25:47","guid":{"rendered":"http:\/\/www.musees-mediterranee.org\/?p=14997"},"modified":"2025-03-26T09:08:36","modified_gmt":"2025-03-26T08:08:36","slug":"la-collection-funeraire-de-cagnano-cap-corse-age-du-fer","status":"publish","type":"post","link":"http:\/\/www.musees-mediterranee.org\/index.php\/2024\/12\/03\/la-collection-funeraire-de-cagnano-cap-corse-age-du-fer\/","title":{"rendered":"La collection fun\u00e9raire de Cagnano<br\/>(Cap Corse, \u00e2ge du Fer)"},"content":{"rendered":"\t\t<div data-elementor-type=\"wp-post\" data-elementor-id=\"14997\" class=\"elementor elementor-14997\" data-elementor-post-type=\"post\">\n\t\t\t\t\t\t<section class=\"elementor-section elementor-top-section elementor-element elementor-element-42ee60c elementor-section-boxed elementor-section-height-default elementor-section-height-default exad-glass-effect-no exad-sticky-section-no\" data-id=\"42ee60c\" data-element_type=\"section\" data-e-type=\"section\">\n\t\t\t\t\t\t<div class=\"elementor-container elementor-column-gap-default\">\n\t\t\t\t\t<div class=\"elementor-column elementor-col-100 elementor-top-column elementor-element elementor-element-e08b510 exad-glass-effect-no exad-sticky-section-no\" data-id=\"e08b510\" data-element_type=\"column\" data-e-type=\"column\">\n\t\t\t<div class=\"elementor-widget-wrap elementor-element-populated\">\n\t\t\t\t\t\t<div class=\"elementor-element elementor-element-8aa60c5 exad-sticky-section-no exad-glass-effect-no elementor-widget elementor-widget-text-editor\" data-id=\"8aa60c5\" data-element_type=\"widget\" data-e-type=\"widget\" data-widget_type=\"text-editor.default\">\n\t\t\t\t<div class=\"elementor-widget-container\">\n\t\t\t\t\t\t\t\t\t<p>L&#8217;association Mus\u00e9es M\u00e9diterran\u00e9e d\u00e9veloppe des programmes pluriannuels de recensement, d&#8217;inventaire, d&#8217;\u00e9tude et de valorisation des collections autour de th\u00e9matiques d\u00e9finies. Ces initiatives ont pour objectif de mettre en lumi\u00e8re les collections m\u00e9connues en lien avec des mus\u00e9es, stimulant des travaux de partenariat entre les \u00e9quipes en charge des collections et les experts, chercheurs et doctorants.<br \/>Ces projets collectifs de recherche ont vocation, s\u2019agissant notamment des fonds arch\u00e9ologiques, \u00e0 redonner une unit\u00e9 virtuelle \u00e0 des mobiliers issus d&#8217;un territoire ou d&#8217;un site, mais qui ont \u00e9t\u00e9 dispers\u00e9s, depuis leur d\u00e9couverte au XIXe si\u00e8cle et dans la premi\u00e8re moiti\u00e9 XXe si\u00e8cle, dans plusieurs mus\u00e9es et fonds priv\u00e9s.<br \/>Apr\u00e8s avoir travaill\u00e9 sur les mobiliers fun\u00e9raires de l&#8217;\u00e2ge du Fer du territoire alpin, c&#8217;est aujourd&#8217;hui autour de mobiliers fun\u00e9raires de l&#8217;\u00e2ge du Fer d\u00e9couverts dans le Cap Corse que l\u2019association s\u2019implique \u00e0 travers un nouveau projet collectif de recherches soutenu par la DRAC Corse.<\/p>\t\t\t\t\t\t\t\t<\/div>\n\t\t\t\t<\/div>\n\t\t\t\t\t<\/div>\n\t\t<\/div>\n\t\t\t\t\t<\/div>\n\t\t<\/section>\n\t\t\t\t<section class=\"elementor-section elementor-top-section elementor-element elementor-element-2e70341 elementor-section-boxed elementor-section-height-default elementor-section-height-default exad-glass-effect-no exad-sticky-section-no\" data-id=\"2e70341\" data-element_type=\"section\" data-e-type=\"section\">\n\t\t\t\t\t\t<div class=\"elementor-container elementor-column-gap-default\">\n\t\t\t\t\t<div class=\"elementor-column elementor-col-100 elementor-top-column elementor-element elementor-element-8028f94 exad-glass-effect-no exad-sticky-section-no\" data-id=\"8028f94\" data-element_type=\"column\" data-e-type=\"column\">\n\t\t\t<div class=\"elementor-widget-wrap elementor-element-populated\">\n\t\t\t\t\t\t<div class=\"elementor-element elementor-element-c0b701d exad-sticky-section-no exad-glass-effect-no elementor-widget elementor-widget-image\" data-id=\"c0b701d\" data-element_type=\"widget\" data-e-type=\"widget\" data-widget_type=\"image.default\">\n\t\t\t\t<div class=\"elementor-widget-container\">\n\t\t\t\t\t\t\t\t\t\t\t\t<figure class=\"wp-caption\">\n\t\t\t\t\t\t\t\t\t\t\t<a href=\"http:\/\/www.musees-mediterranee.org\/wp-content\/uploads\/2024\/12\/parure.jpg\" data-elementor-open-lightbox=\"yes\" data-e-action-hash=\"#elementor-action%3Aaction%3Dlightbox%26settings%3DeyJpZCI6MTUwMDAsInVybCI6Imh0dHA6XC9cL3d3dy5tdXNlZXMtbWVkaXRlcnJhbmVlLm9yZ1wvd3AtY29udGVudFwvdXBsb2Fkc1wvMjAyNFwvMTJcL3BhcnVyZS5qcGcifQ%3D%3D\">\n\t\t\t\t\t\t\t<img fetchpriority=\"high\" decoding=\"async\" width=\"951\" height=\"1500\" src=\"http:\/\/www.musees-mediterranee.org\/wp-content\/uploads\/2024\/12\/parure.jpg\" class=\"attachment-full size-full wp-image-15000\" alt=\"\" srcset=\"http:\/\/www.musees-mediterranee.org\/wp-content\/uploads\/2024\/12\/parure.jpg 951w, http:\/\/www.musees-mediterranee.org\/wp-content\/uploads\/2024\/12\/parure-190x300.jpg 190w, http:\/\/www.musees-mediterranee.org\/wp-content\/uploads\/2024\/12\/parure-649x1024.jpg 649w, http:\/\/www.musees-mediterranee.org\/wp-content\/uploads\/2024\/12\/parure-768x1211.jpg 768w\" sizes=\"(max-width: 951px) 100vw, 951px\" \/>\t\t\t\t\t\t\t\t<\/a>\n\t\t\t\t\t\t\t\t\t\t\t<figcaption class=\"widget-image-caption wp-caption-text\">Mobiliers de l\u2019\u00e2ge du Cagnano : object de parure et de toilette, alliage cuivreux ; perles en verre et en pierre ; poterie. Collections des mus\u00e9es de Lyon-Confluences, Marseille-Mus\u00e9e d\u2019Arch\u00e9ologie m\u00e9diterran\u00e9enne.<br \/>Clich\u00e9s Nicolas Rouzeau<\/figcaption>\n\t\t\t\t\t\t\t\t\t\t<\/figure>\n\t\t\t\t\t\t\t\t\t<\/div>\n\t\t\t\t<\/div>\n\t\t\t\t\t<\/div>\n\t\t<\/div>\n\t\t\t\t\t<\/div>\n\t\t<\/section>\n\t\t\t\t<section class=\"elementor-section elementor-top-section elementor-element elementor-element-cef0aa9 elementor-section-boxed elementor-section-height-default elementor-section-height-default exad-glass-effect-no exad-sticky-section-no\" data-id=\"cef0aa9\" data-element_type=\"section\" data-e-type=\"section\">\n\t\t\t\t\t\t<div class=\"elementor-container elementor-column-gap-default\">\n\t\t\t\t\t<div class=\"elementor-column elementor-col-100 elementor-top-column elementor-element elementor-element-30f1cfe exad-glass-effect-no exad-sticky-section-no\" data-id=\"30f1cfe\" data-element_type=\"column\" data-e-type=\"column\">\n\t\t\t<div class=\"elementor-widget-wrap elementor-element-populated\">\n\t\t\t\t\t\t<div class=\"elementor-element elementor-element-99465a3 exad-sticky-section-no exad-glass-effect-no elementor-widget elementor-widget-text-editor\" data-id=\"99465a3\" data-element_type=\"widget\" data-e-type=\"widget\" data-widget_type=\"text-editor.default\">\n\t\t\t\t<div class=\"elementor-widget-container\">\n\t\t\t\t\t\t\t\t\t<p>La d\u00e9couverte fortuite de restes humains et d\u2019objets en bronze, \u00e0 Carbonacce, sur la commune de Cagnano, en d\u00e9cembre 1900, a eu un fort retentissement dans le cercle des soci\u00e9t\u00e9s savantes. Il fut impossible au mus\u00e9e de Bastia de se porter acqu\u00e9reur de pi\u00e8ces estim\u00e9es comme un \u00ab tr\u00e9sor \u00bb par le propri\u00e9taire du terrain. Le Museum de Lyon fut en mesure d\u2019acheter une importante partie des mobiliers en m\u00e9tal, verre et c\u00e9ramique apr\u00e8s que le sous-directeur, Ernest Chantre, illustre anthropologue, ait \u00e9tudi\u00e9 ces mobiliers dont les conclusions ont \u00e9t\u00e9 publi\u00e9es en 1902. Des \u00ab \u00e9chantillons \u00bb de ce site fun\u00e9raire &#8211; reconnu comme une n\u00e9cropole \u2013 ont toutefois int\u00e9gr\u00e9 les mus\u00e9es de Bastia, Marseille, Bagnols-sur-C\u00e8ze par des dons, ainsi que le mus\u00e9e arch\u00e9ologique national de Florence (Italie) suite \u00e0 un achat.<\/p>\t\t\t\t\t\t\t\t<\/div>\n\t\t\t\t<\/div>\n\t\t\t\t\t<\/div>\n\t\t<\/div>\n\t\t\t\t\t<\/div>\n\t\t<\/section>\n\t\t\t\t<section class=\"elementor-section elementor-top-section elementor-element elementor-element-7ee4c06 elementor-section-boxed elementor-section-height-default elementor-section-height-default exad-glass-effect-no exad-sticky-section-no\" data-id=\"7ee4c06\" data-element_type=\"section\" data-e-type=\"section\">\n\t\t\t\t\t\t<div class=\"elementor-container elementor-column-gap-default\">\n\t\t\t\t\t<div class=\"elementor-column elementor-col-100 elementor-top-column elementor-element elementor-element-d845886 exad-glass-effect-no exad-sticky-section-no\" data-id=\"d845886\" data-element_type=\"column\" data-e-type=\"column\">\n\t\t\t<div class=\"elementor-widget-wrap elementor-element-populated\">\n\t\t\t\t\t\t<div class=\"elementor-element elementor-element-884b16c exad-sticky-section-no exad-glass-effect-no elementor-widget elementor-widget-image\" data-id=\"884b16c\" data-element_type=\"widget\" data-e-type=\"widget\" data-widget_type=\"image.default\">\n\t\t\t\t<div class=\"elementor-widget-container\">\n\t\t\t\t\t\t\t\t\t\t\t\t<figure class=\"wp-caption\">\n\t\t\t\t\t\t\t\t\t\t\t<a href=\"http:\/\/www.musees-mediterranee.org\/wp-content\/uploads\/2024\/12\/Courrier-de-Jacques-Agostini.jpg\" data-elementor-open-lightbox=\"yes\" data-e-action-hash=\"#elementor-action%3Aaction%3Dlightbox%26settings%3DeyJpZCI6MTUwMDEsInVybCI6Imh0dHA6XC9cL3d3dy5tdXNlZXMtbWVkaXRlcnJhbmVlLm9yZ1wvd3AtY29udGVudFwvdXBsb2Fkc1wvMjAyNFwvMTJcL0NvdXJyaWVyLWRlLUphY3F1ZXMtQWdvc3RpbmkuanBnIn0%3D\">\n\t\t\t\t\t\t\t<img decoding=\"async\" width=\"1200\" height=\"923\" src=\"http:\/\/www.musees-mediterranee.org\/wp-content\/uploads\/2024\/12\/Courrier-de-Jacques-Agostini.jpg\" class=\"attachment-full size-full wp-image-15001\" alt=\"\" srcset=\"http:\/\/www.musees-mediterranee.org\/wp-content\/uploads\/2024\/12\/Courrier-de-Jacques-Agostini.jpg 1200w, http:\/\/www.musees-mediterranee.org\/wp-content\/uploads\/2024\/12\/Courrier-de-Jacques-Agostini-300x231.jpg 300w, http:\/\/www.musees-mediterranee.org\/wp-content\/uploads\/2024\/12\/Courrier-de-Jacques-Agostini-1024x788.jpg 1024w, http:\/\/www.musees-mediterranee.org\/wp-content\/uploads\/2024\/12\/Courrier-de-Jacques-Agostini-768x591.jpg 768w\" sizes=\"(max-width: 1200px) 100vw, 1200px\" \/>\t\t\t\t\t\t\t\t<\/a>\n\t\t\t\t\t\t\t\t\t\t\t<figcaption class=\"widget-image-caption wp-caption-text\">Courrier de Jacques Agostini,\u00e0 Ernest Chantre, 18 juillet 1901 : liste des objets et croquis (collection priv\u00e9e). En regard, une calotte bifor\u00e9e en alliage cuivreux, faisant partie de la collection du mus\u00e9e de Marseille-Mus\u00e9e d\u2019Arch\u00e9ologie m\u00e9diterran\u00e9enne. <br \/>Clich\u00e9 Nicolas Rouzeau<\/figcaption>\n\t\t\t\t\t\t\t\t\t\t<\/figure>\n\t\t\t\t\t\t\t\t\t<\/div>\n\t\t\t\t<\/div>\n\t\t\t\t\t<\/div>\n\t\t<\/div>\n\t\t\t\t\t<\/div>\n\t\t<\/section>\n\t\t\t\t<section class=\"elementor-section elementor-top-section elementor-element elementor-element-73b77a6 elementor-section-boxed elementor-section-height-default elementor-section-height-default exad-glass-effect-no exad-sticky-section-no\" data-id=\"73b77a6\" data-element_type=\"section\" data-e-type=\"section\">\n\t\t\t\t\t\t<div class=\"elementor-container elementor-column-gap-default\">\n\t\t\t\t\t<div class=\"elementor-column elementor-col-100 elementor-top-column elementor-element elementor-element-2a6924f exad-glass-effect-no exad-sticky-section-no\" data-id=\"2a6924f\" data-element_type=\"column\" data-e-type=\"column\">\n\t\t\t<div class=\"elementor-widget-wrap elementor-element-populated\">\n\t\t\t\t\t\t<div class=\"elementor-element elementor-element-e6d3dec exad-sticky-section-no exad-glass-effect-no elementor-widget elementor-widget-text-editor\" data-id=\"e6d3dec\" data-element_type=\"widget\" data-e-type=\"widget\" data-widget_type=\"text-editor.default\">\n\t\t\t\t<div class=\"elementor-widget-container\">\n\t\t\t\t\t\t\t\t\t<p>Le r\u00e9colement des Mus\u00e9es, associ\u00e9 \u00e0 des recherches doctorales sur l&#8217;arch\u00e9ologie corse, a suscit\u00e9 la volont\u00e9 de reconstituer ce fonds m\u00e9connu, conserv\u00e9 pour une grande partie dans l&#8217;ombre des r\u00e9serves et chez des particuliers. La premi\u00e8re partie des op\u00e9rations consiste \u00e0 dresser l\u2019inventaire exhaustif des objets dans leurs lieux de conservation et \u00e0 r\u00e9aliser des photographies macroscopiques, en mise au point augment\u00e9e par compilation logicielle, en vue de l&#8217;\u00e9dition d&#8217;un catalogue num\u00e9rique. Les recherches historiographiques constituent un autre volet de ces investigations, non moins important, car les archives publiques ont parfois aussi \u00e9t\u00e9 dispers\u00e9es au fil des d\u00e9cennies. Archives publiques et priv\u00e9es apportent un \u00e9clairage sur les circonstances de la d\u00e9couverte, la constitution des fonds, leur mode de pr\u00e9sentation et leur vulgarisation. Cette documentation vient nourrir les dossiers d\u2019\u0153uvre des mus\u00e9es.<\/p>\t\t\t\t\t\t\t\t<\/div>\n\t\t\t\t<\/div>\n\t\t\t\t\t<\/div>\n\t\t<\/div>\n\t\t\t\t\t<\/div>\n\t\t<\/section>\n\t\t\t\t<section class=\"elementor-section elementor-top-section elementor-element elementor-element-0000f88 elementor-section-boxed elementor-section-height-default elementor-section-height-default exad-glass-effect-no exad-sticky-section-no\" data-id=\"0000f88\" data-element_type=\"section\" data-e-type=\"section\">\n\t\t\t\t\t\t<div class=\"elementor-container elementor-column-gap-default\">\n\t\t\t\t\t<div class=\"elementor-column elementor-col-100 elementor-top-column elementor-element elementor-element-79f8338 exad-glass-effect-no exad-sticky-section-no\" data-id=\"79f8338\" data-element_type=\"column\" data-e-type=\"column\">\n\t\t\t<div class=\"elementor-widget-wrap elementor-element-populated\">\n\t\t\t\t\t\t<div class=\"elementor-element elementor-element-f3df15c exad-sticky-section-no exad-glass-effect-no elementor-widget elementor-widget-image\" data-id=\"f3df15c\" data-element_type=\"widget\" data-e-type=\"widget\" data-widget_type=\"image.default\">\n\t\t\t\t<div class=\"elementor-widget-container\">\n\t\t\t\t\t\t\t\t\t\t\t\t<figure class=\"wp-caption\">\n\t\t\t\t\t\t\t\t\t\t\t<a href=\"http:\/\/www.musees-mediterranee.org\/wp-content\/uploads\/2024\/12\/base-Eligis.jpg\" data-elementor-open-lightbox=\"yes\" data-e-action-hash=\"#elementor-action%3Aaction%3Dlightbox%26settings%3DeyJpZCI6MTUwMDIsInVybCI6Imh0dHA6XC9cL3d3dy5tdXNlZXMtbWVkaXRlcnJhbmVlLm9yZ1wvd3AtY29udGVudFwvdXBsb2Fkc1wvMjAyNFwvMTJcL2Jhc2UtRWxpZ2lzLmpwZyJ9\">\n\t\t\t\t\t\t\t<img decoding=\"async\" width=\"1200\" height=\"747\" src=\"http:\/\/www.musees-mediterranee.org\/wp-content\/uploads\/2024\/12\/base-Eligis.jpg\" class=\"attachment-full size-full wp-image-15002\" alt=\"\" srcset=\"http:\/\/www.musees-mediterranee.org\/wp-content\/uploads\/2024\/12\/base-Eligis.jpg 1200w, http:\/\/www.musees-mediterranee.org\/wp-content\/uploads\/2024\/12\/base-Eligis-300x187.jpg 300w, http:\/\/www.musees-mediterranee.org\/wp-content\/uploads\/2024\/12\/base-Eligis-1024x637.jpg 1024w, http:\/\/www.musees-mediterranee.org\/wp-content\/uploads\/2024\/12\/base-Eligis-768x478.jpg 768w\" sizes=\"(max-width: 1200px) 100vw, 1200px\" \/>\t\t\t\t\t\t\t\t<\/a>\n\t\t\t\t\t\t\t\t\t\t\t<figcaption class=\"widget-image-caption wp-caption-text\">De la banque d\u2019images au mus\u00e9e virtuel. Extrait du catalogue num\u00e9rique de  Gaulois des Alpes. Arch\u00e9ologie fun\u00e9raire et parures mis en ligne sur la base Eligis, DRAC PACA<\/figcaption>\n\t\t\t\t\t\t\t\t\t\t<\/figure>\n\t\t\t\t\t\t\t\t\t<\/div>\n\t\t\t\t<\/div>\n\t\t\t\t\t<\/div>\n\t\t<\/div>\n\t\t\t\t\t<\/div>\n\t\t<\/section>\n\t\t\t\t<section class=\"elementor-section elementor-top-section elementor-element elementor-element-51ae5b0 elementor-section-boxed elementor-section-height-default elementor-section-height-default exad-glass-effect-no exad-sticky-section-no\" data-id=\"51ae5b0\" data-element_type=\"section\" data-e-type=\"section\">\n\t\t\t\t\t\t<div class=\"elementor-container elementor-column-gap-default\">\n\t\t\t\t\t<div class=\"elementor-column elementor-col-100 elementor-top-column elementor-element elementor-element-ceeae28 exad-glass-effect-no exad-sticky-section-no\" data-id=\"ceeae28\" data-element_type=\"column\" data-e-type=\"column\">\n\t\t\t<div class=\"elementor-widget-wrap elementor-element-populated\">\n\t\t\t\t\t\t<div class=\"elementor-element elementor-element-90a8fb6 exad-sticky-section-no exad-glass-effect-no elementor-widget elementor-widget-text-editor\" data-id=\"90a8fb6\" data-element_type=\"widget\" data-e-type=\"widget\" data-widget_type=\"text-editor.default\">\n\t\t\t\t<div class=\"elementor-widget-container\">\n\t\t\t\t\t\t\t\t\t<p>Lire l&#8217;article de Jo\u00eblle Bouvry <a href=\"http:\/\/www.musees-mediterranee.org\/index.php\/2023\/11\/10\/gaulois-des-alpes-archeologie-funeraire-et-parures\/\" target=\"_blank\" rel=\"noopener\">\u00ab\u00a0Gaulois des Alpes. Arch\u00e9ologie fun\u00e9raire et parures<\/a>.\u00a0\u00bb<\/p>\t\t\t\t\t\t\t\t<\/div>\n\t\t\t\t<\/div>\n\t\t\t\t\t<\/div>\n\t\t<\/div>\n\t\t\t\t\t<\/div>\n\t\t<\/section>\n\t\t\t\t<section class=\"elementor-section elementor-top-section elementor-element elementor-element-6c30b0a elementor-section-boxed elementor-section-height-default elementor-section-height-default exad-glass-effect-no exad-sticky-section-no\" data-id=\"6c30b0a\" data-element_type=\"section\" data-e-type=\"section\">\n\t\t\t\t\t\t<div class=\"elementor-container elementor-column-gap-default\">\n\t\t\t\t\t<div class=\"elementor-column elementor-col-100 elementor-top-column elementor-element elementor-element-a031064 exad-glass-effect-no exad-sticky-section-no\" data-id=\"a031064\" data-element_type=\"column\" data-e-type=\"column\">\n\t\t\t<div class=\"elementor-widget-wrap elementor-element-populated\">\n\t\t\t\t\t\t<div class=\"elementor-element elementor-element-f94dda6 exad-sticky-section-no exad-glass-effect-no elementor-widget elementor-widget-text-editor\" data-id=\"f94dda6\" data-element_type=\"widget\" data-e-type=\"widget\" data-widget_type=\"text-editor.default\">\n\t\t\t\t<div class=\"elementor-widget-container\">\n\t\t\t\t\t\t\t\t\t<p>Dans son r\u00f4le de coordination, l\u2019association Mus\u00e9es M\u00e9diterran\u00e9e s\u2019int\u00e9resse \u00e0 soutenir des \u00e9tudes et des analyses scientifiques, dont certaines sont conduites \u00e0 l\u2019occasion d\u2019op\u00e9rations de restauration. Les conclusions de ces travaux seront publi\u00e9es et pourront donner lieu \u00e0 des expositions et des actions de m\u00e9diation \u00e0 l&#8217;horizon 2026-2027.<\/p>\t\t\t\t\t\t\t\t<\/div>\n\t\t\t\t<\/div>\n\t\t\t\t\t<\/div>\n\t\t<\/div>\n\t\t\t\t\t<\/div>\n\t\t<\/section>\n\t\t\t\t<\/div>\n\t\t","protected":false},"excerpt":{"rendered":"<p>L&#8217;association Mus\u00e9es M\u00e9diterran\u00e9e d\u00e9veloppe des programmes pluriannuels de recensement, d&#8217;inventaire, d&#8217;\u00e9tude et de valorisation des collections autour de th\u00e9matiques d\u00e9finies.<\/p>\n","protected":false},"author":1,"featured_media":15000,"comment_status":"closed","ping_status":"closed","sticky":false,"template":"","format":"standard","meta":{"_acf_changed":false,"_bbp_topic_count":0,"_bbp_reply_count":0,"_bbp_total_topic_count":0,"_bbp_total_reply_count":0,"_bbp_voice_count":0,"_bbp_anonymous_reply_count":0,"_bbp_topic_count_hidden":0,"_bbp_reply_count_hidden":0,"_bbp_forum_subforum_count":0,"iawp_total_views":58,"footnotes":""},"categories":[25,43],"tags":[229],"class_list":["post-14997","post","type-post","status-publish","format-standard","has-post-thumbnail","hentry","category-journal","category-reseau-musees","tag-decembre-2024"],"acf":[],"_links":{"self":[{"href":"http:\/\/www.musees-mediterranee.org\/index.php\/wp-json\/wp\/v2\/posts\/14997","targetHints":{"allow":["GET"]}}],"collection":[{"href":"http:\/\/www.musees-mediterranee.org\/index.php\/wp-json\/wp\/v2\/posts"}],"about":[{"href":"http:\/\/www.musees-mediterranee.org\/index.php\/wp-json\/wp\/v2\/types\/post"}],"author":[{"embeddable":true,"href":"http:\/\/www.musees-mediterranee.org\/index.php\/wp-json\/wp\/v2\/users\/1"}],"replies":[{"embeddable":true,"href":"http:\/\/www.musees-mediterranee.org\/index.php\/wp-json\/wp\/v2\/comments?post=14997"}],"version-history":[{"count":0,"href":"http:\/\/www.musees-mediterranee.org\/index.php\/wp-json\/wp\/v2\/posts\/14997\/revisions"}],"wp:featuredmedia":[{"embeddable":true,"href":"http:\/\/www.musees-mediterranee.org\/index.php\/wp-json\/wp\/v2\/media\/15000"}],"wp:attachment":[{"href":"http:\/\/www.musees-mediterranee.org\/index.php\/wp-json\/wp\/v2\/media?parent=14997"}],"wp:term":[{"taxonomy":"category","embeddable":true,"href":"http:\/\/www.musees-mediterranee.org\/index.php\/wp-json\/wp\/v2\/categories?post=14997"},{"taxonomy":"post_tag","embeddable":true,"href":"http:\/\/www.musees-mediterranee.org\/index.php\/wp-json\/wp\/v2\/tags?post=14997"}],"curies":[{"name":"wp","href":"https:\/\/api.w.org\/{rel}","templated":true}]}}