{"id":13773,"date":"2023-06-08T10:41:46","date_gmt":"2023-06-08T08:41:46","guid":{"rendered":"http:\/\/www.musees-mediterranee.org\/?p=13773"},"modified":"2024-10-22T09:16:38","modified_gmt":"2024-10-22T07:16:38","slug":"projet-de-recherche-documentaire-sur-la-necropole-de-lage-du-fer-de-cagnano-haute-corse","status":"publish","type":"post","link":"http:\/\/www.musees-mediterranee.org\/index.php\/2023\/06\/08\/projet-de-recherche-documentaire-sur-la-necropole-de-lage-du-fer-de-cagnano-haute-corse\/","title":{"rendered":"Projet de recherche documentaire sur la n\u00e9cropole de l&#8217;\u00e2ge du Fer de Cagnano (Haute-Corse)"},"content":{"rendered":"\t\t<div data-elementor-type=\"wp-page\" data-elementor-id=\"13773\" class=\"elementor elementor-13773\" data-elementor-post-type=\"post\">\n\t\t\t\t\t\t<section class=\"elementor-section elementor-top-section elementor-element elementor-element-7bb232f elementor-section-boxed elementor-section-height-default elementor-section-height-default exad-glass-effect-no exad-sticky-section-no\" data-id=\"7bb232f\" data-element_type=\"section\" data-e-type=\"section\">\n\t\t\t\t\t\t<div class=\"elementor-container elementor-column-gap-default\">\n\t\t\t\t\t<div class=\"elementor-column elementor-col-100 elementor-top-column elementor-element elementor-element-fe5907f exad-glass-effect-no exad-sticky-section-no\" data-id=\"fe5907f\" data-element_type=\"column\" data-e-type=\"column\">\n\t\t\t<div class=\"elementor-widget-wrap\">\n\t\t\t\t\t\t\t<\/div>\n\t\t<\/div>\n\t\t\t\t\t<\/div>\n\t\t<\/section>\n\t\t\t\t<section class=\"elementor-section elementor-top-section elementor-element elementor-element-896f629 elementor-section-boxed elementor-section-height-default elementor-section-height-default exad-glass-effect-no exad-sticky-section-no\" data-id=\"896f629\" data-element_type=\"section\" data-e-type=\"section\">\n\t\t\t\t\t\t<div class=\"elementor-container elementor-column-gap-default\">\n\t\t\t\t\t<div class=\"elementor-column elementor-col-100 elementor-top-column elementor-element elementor-element-086452c exad-glass-effect-no exad-sticky-section-no\" data-id=\"086452c\" data-element_type=\"column\" data-e-type=\"column\">\n\t\t\t<div class=\"elementor-widget-wrap elementor-element-populated\">\n\t\t\t\t\t\t<div class=\"elementor-element elementor-element-d9f73d5 exad-sticky-section-no exad-glass-effect-no elementor-widget elementor-widget-image\" data-id=\"d9f73d5\" data-element_type=\"widget\" data-e-type=\"widget\" data-widget_type=\"image.default\">\n\t\t\t\t<div class=\"elementor-widget-container\">\n\t\t\t\t\t\t\t\t\t\t\t\t<figure class=\"wp-caption\">\n\t\t\t\t\t\t\t\t\t\t\t<a href=\"http:\/\/www.musees-mediterranee.org\/wp-content\/uploads\/2024\/10\/1.png\" data-elementor-open-lightbox=\"yes\" data-e-action-hash=\"#elementor-action%3Aaction%3Dlightbox%26settings%3DeyJpZCI6MTM3ODUsInVybCI6Imh0dHA6XC9cL3d3dy5tdXNlZXMtbWVkaXRlcnJhbmVlLm9yZ1wvd3AtY29udGVudFwvdXBsb2Fkc1wvMjAyNFwvMTBcLzEucG5nIn0%3D\">\n\t\t\t\t\t\t\t<img fetchpriority=\"high\" decoding=\"async\" width=\"1000\" height=\"538\" src=\"http:\/\/www.musees-mediterranee.org\/wp-content\/uploads\/2024\/10\/1.png\" class=\"attachment-full size-full wp-image-13785\" alt=\"\" srcset=\"http:\/\/www.musees-mediterranee.org\/wp-content\/uploads\/2024\/10\/1.png 1000w, http:\/\/www.musees-mediterranee.org\/wp-content\/uploads\/2024\/10\/1-300x161.png 300w, http:\/\/www.musees-mediterranee.org\/wp-content\/uploads\/2024\/10\/1-768x413.png 768w\" sizes=\"(max-width: 1000px) 100vw, 1000px\" \/>\t\t\t\t\t\t\t\t<\/a>\n\t\t\t\t\t\t\t\t\t\t\t<figcaption class=\"widget-image-caption wp-caption-text\">Boucle de ceinturon, alliage cuivreux. Coll. Mus\u00e9e des Confluences, inv.  80014862. Photo Nicolas Rouzeau.<\/figcaption>\n\t\t\t\t\t\t\t\t\t\t<\/figure>\n\t\t\t\t\t\t\t\t\t<\/div>\n\t\t\t\t<\/div>\n\t\t\t\t\t<\/div>\n\t\t<\/div>\n\t\t\t\t\t<\/div>\n\t\t<\/section>\n\t\t\t\t<section class=\"elementor-section elementor-top-section elementor-element elementor-element-ed6bf47 elementor-section-boxed elementor-section-height-default elementor-section-height-default exad-glass-effect-no exad-sticky-section-no\" data-id=\"ed6bf47\" data-element_type=\"section\" data-e-type=\"section\">\n\t\t\t\t\t\t<div class=\"elementor-container elementor-column-gap-default\">\n\t\t\t\t\t<div class=\"elementor-column elementor-col-100 elementor-top-column elementor-element elementor-element-012601f exad-glass-effect-no exad-sticky-section-no\" data-id=\"012601f\" data-element_type=\"column\" data-e-type=\"column\">\n\t\t\t<div class=\"elementor-widget-wrap elementor-element-populated\">\n\t\t\t\t\t\t<div class=\"elementor-element elementor-element-06b498d exad-sticky-section-no exad-glass-effect-no elementor-widget elementor-widget-text-editor\" data-id=\"06b498d\" data-element_type=\"widget\" data-e-type=\"widget\" data-widget_type=\"text-editor.default\">\n\t\t\t\t<div class=\"elementor-widget-container\">\n\t\t\t\t\t\t\t\t\t<p>Le projet collectif de recherches sur <a href=\"http:\/\/www.musees-mediterranee.org\/index.php\/2023\/06\/11\/les-sepultures-de-lage-du-fer-dans-les-alpes-du-sud\/\">les s\u00e9pultures de l\u2019\u00e2ge du Fer<\/a>\u00a0 a donn\u00e9 l\u2019opportunit\u00e9 d\u2019initier l\u2019inventaire et l\u2019\u00e9tude de mobiliers issus de la n\u00e9cropole protohistorique de Cagnano (Corse), d\u00e9couverte en 1900, et qui ont \u00e9t\u00e9 r\u00e9partis dans plusieurs mus\u00e9es en France et en Italie (Marseille, Lyon, Bastia, Bagnols-sur-C\u00e8ze, Florence).\u00a0\u00a0<\/p>\t\t\t\t\t\t\t\t<\/div>\n\t\t\t\t<\/div>\n\t\t\t\t\t<\/div>\n\t\t<\/div>\n\t\t\t\t\t<\/div>\n\t\t<\/section>\n\t\t\t\t<section class=\"elementor-section elementor-top-section elementor-element elementor-element-b746ee0 elementor-section-boxed elementor-section-height-default elementor-section-height-default exad-glass-effect-no exad-sticky-section-no\" data-id=\"b746ee0\" data-element_type=\"section\" data-e-type=\"section\">\n\t\t\t\t\t\t<div class=\"elementor-container elementor-column-gap-default\">\n\t\t\t\t\t<div class=\"elementor-column elementor-col-100 elementor-top-column elementor-element elementor-element-10ab10c exad-glass-effect-no exad-sticky-section-no\" data-id=\"10ab10c\" data-element_type=\"column\" data-e-type=\"column\">\n\t\t\t<div class=\"elementor-widget-wrap elementor-element-populated\">\n\t\t\t\t\t\t<div class=\"elementor-element elementor-element-3d081c8 elementor-widget__width-initial exad-sticky-section-no exad-glass-effect-no elementor-widget elementor-widget-image\" data-id=\"3d081c8\" data-element_type=\"widget\" data-e-type=\"widget\" data-widget_type=\"image.default\">\n\t\t\t\t<div class=\"elementor-widget-container\">\n\t\t\t\t\t\t\t\t\t\t\t\t<figure class=\"wp-caption\">\n\t\t\t\t\t\t\t\t\t\t\t<a href=\"http:\/\/www.musees-mediterranee.org\/wp-content\/uploads\/2024\/10\/2.png\" data-elementor-open-lightbox=\"yes\" data-e-action-hash=\"#elementor-action%3Aaction%3Dlightbox%26settings%3DeyJpZCI6MTM3ODksInVybCI6Imh0dHA6XC9cL3d3dy5tdXNlZXMtbWVkaXRlcnJhbmVlLm9yZ1wvd3AtY29udGVudFwvdXBsb2Fkc1wvMjAyNFwvMTBcLzIucG5nIn0%3D\">\n\t\t\t\t\t\t\t<img decoding=\"async\" width=\"1000\" height=\"441\" src=\"http:\/\/www.musees-mediterranee.org\/wp-content\/uploads\/2024\/10\/2.png\" class=\"attachment-full size-full wp-image-13789\" alt=\"\" srcset=\"http:\/\/www.musees-mediterranee.org\/wp-content\/uploads\/2024\/10\/2.png 1000w, http:\/\/www.musees-mediterranee.org\/wp-content\/uploads\/2024\/10\/2-300x132.png 300w, http:\/\/www.musees-mediterranee.org\/wp-content\/uploads\/2024\/10\/2-768x339.png 768w\" sizes=\"(max-width: 1000px) 100vw, 1000px\" \/>\t\t\t\t\t\t\t\t<\/a>\n\t\t\t\t\t\t\t\t\t\t\t<figcaption class=\"widget-image-caption wp-caption-text\">Fibule \u00e0 laquelle est suspendue une cha\u00eenette termin\u00e9e par une pendeloque, alliage cuivreux. Avant et apr\u00e8s restauration. Coll. Mus\u00e9e des Confluences, inv. 80015001. Photo Nicolas Rouzeau.<\/figcaption>\n\t\t\t\t\t\t\t\t\t\t<\/figure>\n\t\t\t\t\t\t\t\t\t<\/div>\n\t\t\t\t<\/div>\n\t\t\t\t\t<\/div>\n\t\t<\/div>\n\t\t\t\t\t<\/div>\n\t\t<\/section>\n\t\t\t\t<section class=\"elementor-section elementor-top-section elementor-element elementor-element-e971678 elementor-section-boxed elementor-section-height-default elementor-section-height-default exad-glass-effect-no exad-sticky-section-no\" data-id=\"e971678\" data-element_type=\"section\" data-e-type=\"section\">\n\t\t\t\t\t\t<div class=\"elementor-container elementor-column-gap-default\">\n\t\t\t\t\t<div class=\"elementor-column elementor-col-100 elementor-top-column elementor-element elementor-element-5a0afc7 exad-glass-effect-no exad-sticky-section-no\" data-id=\"5a0afc7\" data-element_type=\"column\" data-e-type=\"column\">\n\t\t\t<div class=\"elementor-widget-wrap elementor-element-populated\">\n\t\t\t\t\t\t<div class=\"elementor-element elementor-element-b225367 exad-sticky-section-no exad-glass-effect-no elementor-widget elementor-widget-text-editor\" data-id=\"b225367\" data-element_type=\"widget\" data-e-type=\"widget\" data-widget_type=\"text-editor.default\">\n\t\t\t\t<div class=\"elementor-widget-container\">\n\t\t\t\t\t\t\t\t\t<p>La DRAC de Corse a souhait\u00e9 que ces travaux d\u2019inventaire et de photographie de l\u2019ensemble de la collection, du d\u00e9pouillement et de la num\u00e9risation des archives relatives \u00e0 la d\u00e9couverte du site, soient compl\u00e9t\u00e9s par des analyses des mobiliers dans la perspective de documenter les collections de l\u2019\u00e2ge du Fer en Corse. Elle a confi\u00e9 \u00e0 l\u2019association Mus\u00e9es M\u00e9diterran\u00e9e le soin de r\u00e9unir une \u00e9quipe compos\u00e9e de chercheurs, arch\u00e9ologues, anthropologues, chimistes, de doctorants, de conservateurs de mus\u00e9es et attach\u00e9s de conservation du patrimoine pour mener \u00e0 bien un projet collectif de recherche.<\/p>\t\t\t\t\t\t\t\t<\/div>\n\t\t\t\t<\/div>\n\t\t\t\t\t<\/div>\n\t\t<\/div>\n\t\t\t\t\t<\/div>\n\t\t<\/section>\n\t\t\t\t<section class=\"elementor-section elementor-top-section elementor-element elementor-element-a9efff8 elementor-section-boxed elementor-section-height-default elementor-section-height-default exad-glass-effect-no exad-sticky-section-no\" data-id=\"a9efff8\" data-element_type=\"section\" data-e-type=\"section\">\n\t\t\t\t\t\t<div class=\"elementor-container elementor-column-gap-default\">\n\t\t\t\t\t<div class=\"elementor-column elementor-col-100 elementor-top-column elementor-element elementor-element-b71f9a2 exad-glass-effect-no exad-sticky-section-no\" data-id=\"b71f9a2\" data-element_type=\"column\" data-e-type=\"column\">\n\t\t\t<div class=\"elementor-widget-wrap elementor-element-populated\">\n\t\t\t\t\t\t<div class=\"elementor-element elementor-element-cf08219 exad-sticky-section-no exad-glass-effect-no elementor-widget elementor-widget-image\" data-id=\"cf08219\" data-element_type=\"widget\" data-e-type=\"widget\" data-widget_type=\"image.default\">\n\t\t\t\t<div class=\"elementor-widget-container\">\n\t\t\t\t\t\t\t\t\t\t\t\t<figure class=\"wp-caption\">\n\t\t\t\t\t\t\t\t\t\t\t<a href=\"http:\/\/www.musees-mediterranee.org\/wp-content\/uploads\/2024\/10\/3.png\" data-elementor-open-lightbox=\"yes\" data-e-action-hash=\"#elementor-action%3Aaction%3Dlightbox%26settings%3DeyJpZCI6MTM3OTAsInVybCI6Imh0dHA6XC9cL3d3dy5tdXNlZXMtbWVkaXRlcnJhbmVlLm9yZ1wvd3AtY29udGVudFwvdXBsb2Fkc1wvMjAyNFwvMTBcLzMucG5nIn0%3D\">\n\t\t\t\t\t\t\t<img decoding=\"async\" width=\"1300\" height=\"952\" src=\"http:\/\/www.musees-mediterranee.org\/wp-content\/uploads\/2024\/10\/3.png\" class=\"attachment-full size-full wp-image-13790\" alt=\"\" srcset=\"http:\/\/www.musees-mediterranee.org\/wp-content\/uploads\/2024\/10\/3.png 1300w, http:\/\/www.musees-mediterranee.org\/wp-content\/uploads\/2024\/10\/3-300x220.png 300w, http:\/\/www.musees-mediterranee.org\/wp-content\/uploads\/2024\/10\/3-1024x750.png 1024w, http:\/\/www.musees-mediterranee.org\/wp-content\/uploads\/2024\/10\/3-768x562.png 768w\" sizes=\"(max-width: 1300px) 100vw, 1300px\" \/>\t\t\t\t\t\t\t\t<\/a>\n\t\t\t\t\t\t\t\t\t\t\t<figcaption class=\"widget-image-caption wp-caption-text\">Fibule reli\u00e9e \u00e0 une pince par trois chainettes, alliage cuivreux. Coll. Museo archeologico nazionale di Firenze,  inv. 208555. Photo Nicolas Rouzeau. <\/figcaption>\n\t\t\t\t\t\t\t\t\t\t<\/figure>\n\t\t\t\t\t\t\t\t\t<\/div>\n\t\t\t\t<\/div>\n\t\t\t\t\t<\/div>\n\t\t<\/div>\n\t\t\t\t\t<\/div>\n\t\t<\/section>\n\t\t\t\t<section class=\"elementor-section elementor-top-section elementor-element elementor-element-5a20249 elementor-section-boxed elementor-section-height-default elementor-section-height-default exad-glass-effect-no exad-sticky-section-no\" data-id=\"5a20249\" data-element_type=\"section\" data-e-type=\"section\">\n\t\t\t\t\t\t<div class=\"elementor-container elementor-column-gap-default\">\n\t\t\t\t\t<div class=\"elementor-column elementor-col-100 elementor-top-column elementor-element elementor-element-055c228 exad-glass-effect-no exad-sticky-section-no\" data-id=\"055c228\" data-element_type=\"column\" data-e-type=\"column\">\n\t\t\t<div class=\"elementor-widget-wrap elementor-element-populated\">\n\t\t\t\t\t\t<div class=\"elementor-element elementor-element-598fb8f exad-sticky-section-no exad-glass-effect-no elementor-widget elementor-widget-text-editor\" data-id=\"598fb8f\" data-element_type=\"widget\" data-e-type=\"widget\" data-widget_type=\"text-editor.default\">\n\t\t\t\t<div class=\"elementor-widget-container\">\n\t\t\t\t\t\t\t\t\t<p>L&#8217;op\u00e9ration a pour objectif de constituer une collection virtuelle des objets dispers\u00e9s dans des fonds publics et dans des fonds priv\u00e9s, au moyen de photographies macroscopiques\u00a0; d\u2019en proposer une analyse comparative et une pr\u00e9sentation scientifique, culturelle et chronologique, sur les si\u00e8cles d\u2019occupations pr\u00e9sum\u00e9es (IXe-Ve si\u00e8cles av. n. \u00e8.)\u00a0; de restituer les donn\u00e9es historiographiques sur le gisement de Cagnano par la consultation des archives publiques et priv\u00e9es.<\/p>\t\t\t\t\t\t\t\t<\/div>\n\t\t\t\t<\/div>\n\t\t\t\t\t<\/div>\n\t\t<\/div>\n\t\t\t\t\t<\/div>\n\t\t<\/section>\n\t\t\t\t<section class=\"elementor-section elementor-top-section elementor-element elementor-element-24f65c9 elementor-section-boxed elementor-section-height-default elementor-section-height-default exad-glass-effect-no exad-sticky-section-no\" data-id=\"24f65c9\" data-element_type=\"section\" data-e-type=\"section\">\n\t\t\t\t\t\t<div class=\"elementor-container elementor-column-gap-default\">\n\t\t\t\t\t<div class=\"elementor-column elementor-col-50 elementor-top-column elementor-element elementor-element-8d7f0ab exad-glass-effect-no exad-sticky-section-no\" data-id=\"8d7f0ab\" data-element_type=\"column\" data-e-type=\"column\">\n\t\t\t<div class=\"elementor-widget-wrap elementor-element-populated\">\n\t\t\t\t\t\t<div class=\"elementor-element elementor-element-6350994 exad-sticky-section-no exad-glass-effect-no elementor-widget elementor-widget-image\" data-id=\"6350994\" data-element_type=\"widget\" data-e-type=\"widget\" data-widget_type=\"image.default\">\n\t\t\t\t<div class=\"elementor-widget-container\">\n\t\t\t\t\t\t\t\t\t\t\t\t<figure class=\"wp-caption\">\n\t\t\t\t\t\t\t\t\t\t\t<a href=\"http:\/\/www.musees-mediterranee.org\/wp-content\/uploads\/2024\/10\/4.png\" data-elementor-open-lightbox=\"yes\" data-e-action-hash=\"#elementor-action%3Aaction%3Dlightbox%26settings%3DeyJpZCI6MTM3OTEsInVybCI6Imh0dHA6XC9cL3d3dy5tdXNlZXMtbWVkaXRlcnJhbmVlLm9yZ1wvd3AtY29udGVudFwvdXBsb2Fkc1wvMjAyNFwvMTBcLzQucG5nIn0%3D\">\n\t\t\t\t\t\t\t<img loading=\"lazy\" decoding=\"async\" width=\"551\" height=\"700\" src=\"http:\/\/www.musees-mediterranee.org\/wp-content\/uploads\/2024\/10\/4.png\" class=\"attachment-full size-full wp-image-13791\" alt=\"\" srcset=\"http:\/\/www.musees-mediterranee.org\/wp-content\/uploads\/2024\/10\/4.png 551w, http:\/\/www.musees-mediterranee.org\/wp-content\/uploads\/2024\/10\/4-236x300.png 236w\" sizes=\"(max-width: 551px) 100vw, 551px\" \/>\t\t\t\t\t\t\t\t<\/a>\n\t\t\t\t\t\t\t\t\t\t\t<figcaption class=\"widget-image-caption wp-caption-text\">Courrier adress\u00e9 par Jacques Agostini \u00e0 Arnould Locard le 21 f\u00e9vrier 1901 l\u2019informant de la d\u00e9couverte. Collection priv\u00e9e. Photo Nicolas Rouzeau.<\/figcaption>\n\t\t\t\t\t\t\t\t\t\t<\/figure>\n\t\t\t\t\t\t\t\t\t<\/div>\n\t\t\t\t<\/div>\n\t\t\t\t\t<\/div>\n\t\t<\/div>\n\t\t\t\t<div class=\"elementor-column elementor-col-50 elementor-top-column elementor-element elementor-element-5163156 exad-glass-effect-no exad-sticky-section-no\" data-id=\"5163156\" data-element_type=\"column\" data-e-type=\"column\">\n\t\t\t<div class=\"elementor-widget-wrap elementor-element-populated\">\n\t\t\t\t\t\t<div class=\"elementor-element elementor-element-e3ff76c exad-sticky-section-no exad-glass-effect-no elementor-widget elementor-widget-image\" data-id=\"e3ff76c\" data-element_type=\"widget\" data-e-type=\"widget\" data-widget_type=\"image.default\">\n\t\t\t\t<div class=\"elementor-widget-container\">\n\t\t\t\t\t\t\t\t\t\t\t\t<figure class=\"wp-caption\">\n\t\t\t\t\t\t\t\t\t\t\t<a href=\"http:\/\/www.musees-mediterranee.org\/wp-content\/uploads\/2024\/10\/5.png\" data-elementor-open-lightbox=\"yes\" data-e-action-hash=\"#elementor-action%3Aaction%3Dlightbox%26settings%3DeyJpZCI6MTM3OTIsInVybCI6Imh0dHA6XC9cL3d3dy5tdXNlZXMtbWVkaXRlcnJhbmVlLm9yZ1wvd3AtY29udGVudFwvdXBsb2Fkc1wvMjAyNFwvMTBcLzUucG5nIn0%3D\">\n\t\t\t\t\t\t\t<img loading=\"lazy\" decoding=\"async\" width=\"715\" height=\"1000\" src=\"http:\/\/www.musees-mediterranee.org\/wp-content\/uploads\/2024\/10\/5.png\" class=\"attachment-full size-full wp-image-13792\" alt=\"\" srcset=\"http:\/\/www.musees-mediterranee.org\/wp-content\/uploads\/2024\/10\/5.png 715w, http:\/\/www.musees-mediterranee.org\/wp-content\/uploads\/2024\/10\/5-215x300.png 215w\" sizes=\"(max-width: 715px) 100vw, 715px\" \/>\t\t\t\t\t\t\t\t<\/a>\n\t\t\t\t\t\t\t\t\t\t\t<figcaption class=\"widget-image-caption wp-caption-text\">Pendeloque, alliage cuivreux. Coll. Mus\u00e9e L\u00e9on All\u00e8gre, Bagnols-sur-C\u00e8ze. Photo Nicolas Rouzeau.<\/figcaption>\n\t\t\t\t\t\t\t\t\t\t<\/figure>\n\t\t\t\t\t\t\t\t\t<\/div>\n\t\t\t\t<\/div>\n\t\t\t\t\t<\/div>\n\t\t<\/div>\n\t\t\t\t\t<\/div>\n\t\t<\/section>\n\t\t\t\t<section class=\"elementor-section elementor-top-section elementor-element elementor-element-8b49072 elementor-section-boxed elementor-section-height-default elementor-section-height-default exad-glass-effect-no exad-sticky-section-no\" data-id=\"8b49072\" data-element_type=\"section\" data-e-type=\"section\">\n\t\t\t\t\t\t<div class=\"elementor-container elementor-column-gap-default\">\n\t\t\t\t\t<div class=\"elementor-column elementor-col-100 elementor-top-column elementor-element elementor-element-4fa8738 exad-glass-effect-no exad-sticky-section-no\" data-id=\"4fa8738\" data-element_type=\"column\" data-e-type=\"column\">\n\t\t\t<div class=\"elementor-widget-wrap elementor-element-populated\">\n\t\t\t\t\t\t<div class=\"elementor-element elementor-element-d079d21 exad-sticky-section-no exad-glass-effect-no elementor-widget elementor-widget-text-editor\" data-id=\"d079d21\" data-element_type=\"widget\" data-e-type=\"widget\" data-widget_type=\"text-editor.default\">\n\t\t\t\t<div class=\"elementor-widget-container\">\n\t\t\t\t\t\t\t\t\t<p>Les approches scientifiques visent \u00e0 d\u00e9tecter les traces discr\u00e8tes des modes de s\u00e9pultures, de l\u2019utilisation des parures et des c\u00e9ramiques gr\u00e2ce aux restes de tissus, de v\u00e9g\u00e9taux et \u00e0 toutes substances organiques li\u00e9es \u00e0 ces vestiges, \u00e0 l\u2019\u00e9chelle isotopique.<\/p><p>Ces recherches incluent la restauration d\u2019objets, destin\u00e9e \u00e0 une meilleure compr\u00e9hension des d\u00e9tails, tout en r\u00e9pondant \u00e0 un choix didactique en vue de leur pr\u00e9sentation au public. Le retrait des concr\u00e9tions permet une lisibilit\u00e9 des objets offrant \u00e0 voir des d\u00e9cors et des traces de fabrication et\/ou d\u2019usure, donnant lieu \u00e0 des observations propres \u00e0 renouveler les interpr\u00e9tations.<\/p>\t\t\t\t\t\t\t\t<\/div>\n\t\t\t\t<\/div>\n\t\t\t\t\t<\/div>\n\t\t<\/div>\n\t\t\t\t\t<\/div>\n\t\t<\/section>\n\t\t\t\t<section class=\"elementor-section elementor-top-section elementor-element elementor-element-3966025 elementor-section-boxed elementor-section-height-default elementor-section-height-default exad-glass-effect-no exad-sticky-section-no\" data-id=\"3966025\" data-element_type=\"section\" data-e-type=\"section\">\n\t\t\t\t\t\t<div class=\"elementor-container elementor-column-gap-default\">\n\t\t\t\t\t<div class=\"elementor-column elementor-col-100 elementor-top-column elementor-element elementor-element-2d0a442 exad-glass-effect-no exad-sticky-section-no\" data-id=\"2d0a442\" data-element_type=\"column\" data-e-type=\"column\">\n\t\t\t<div class=\"elementor-widget-wrap elementor-element-populated\">\n\t\t\t\t\t\t<div class=\"elementor-element elementor-element-c0533c9 exad-sticky-section-no exad-glass-effect-no elementor-widget elementor-widget-image\" data-id=\"c0533c9\" data-element_type=\"widget\" data-e-type=\"widget\" data-widget_type=\"image.default\">\n\t\t\t\t<div class=\"elementor-widget-container\">\n\t\t\t\t\t\t\t\t\t\t\t\t<figure class=\"wp-caption\">\n\t\t\t\t\t\t\t\t\t\t\t<a href=\"http:\/\/www.musees-mediterranee.org\/wp-content\/uploads\/2024\/10\/6.png\" data-elementor-open-lightbox=\"yes\" data-e-action-hash=\"#elementor-action%3Aaction%3Dlightbox%26settings%3DeyJpZCI6MTM4MTksInVybCI6Imh0dHA6XC9cL3d3dy5tdXNlZXMtbWVkaXRlcnJhbmVlLm9yZ1wvd3AtY29udGVudFwvdXBsb2Fkc1wvMjAyNFwvMTBcLzYucG5nIn0%3D\">\n\t\t\t\t\t\t\t<img loading=\"lazy\" decoding=\"async\" width=\"983\" height=\"613\" src=\"http:\/\/www.musees-mediterranee.org\/wp-content\/uploads\/2024\/10\/6.png\" class=\"attachment-full size-full wp-image-13819\" alt=\"\" srcset=\"http:\/\/www.musees-mediterranee.org\/wp-content\/uploads\/2024\/10\/6.png 983w, http:\/\/www.musees-mediterranee.org\/wp-content\/uploads\/2024\/10\/6-300x187.png 300w, http:\/\/www.musees-mediterranee.org\/wp-content\/uploads\/2024\/10\/6-768x479.png 768w\" sizes=\"(max-width: 983px) 100vw, 983px\" \/>\t\t\t\t\t\t\t\t<\/a>\n\t\t\t\t\t\t\t\t\t\t\t<figcaption class=\"widget-image-caption wp-caption-text\">Louche (simpulum), alliage cuivreux. Avant et apr\u00e8s restauration. Coll. Mus\u00e9e des Confluences,  inv. 80014800.  Photo Nicolas Rouzeau.<\/figcaption>\n\t\t\t\t\t\t\t\t\t\t<\/figure>\n\t\t\t\t\t\t\t\t\t<\/div>\n\t\t\t\t<\/div>\n\t\t\t\t\t<\/div>\n\t\t<\/div>\n\t\t\t\t\t<\/div>\n\t\t<\/section>\n\t\t\t\t<section class=\"elementor-section elementor-top-section elementor-element elementor-element-ea4e5de elementor-section-boxed elementor-section-height-default elementor-section-height-default exad-glass-effect-no exad-sticky-section-no\" data-id=\"ea4e5de\" data-element_type=\"section\" data-e-type=\"section\">\n\t\t\t\t\t\t<div class=\"elementor-container elementor-column-gap-default\">\n\t\t\t\t\t<div class=\"elementor-column elementor-col-100 elementor-top-column elementor-element elementor-element-9201d61 exad-glass-effect-no exad-sticky-section-no\" data-id=\"9201d61\" data-element_type=\"column\" data-e-type=\"column\">\n\t\t\t<div class=\"elementor-widget-wrap elementor-element-populated\">\n\t\t\t\t\t\t<div class=\"elementor-element elementor-element-cc83449 exad-sticky-section-no exad-glass-effect-no elementor-widget elementor-widget-text-editor\" data-id=\"cc83449\" data-element_type=\"widget\" data-e-type=\"widget\" data-widget_type=\"text-editor.default\">\n\t\t\t\t<div class=\"elementor-widget-container\">\n\t\t\t\t\t\t\t\t\t<p>Ce travail se conclura par une publication et une exposition au mus\u00e9e d\u2019arch\u00e9ologie de la Corse, \u00e0 Sart\u00e8ne, mettant en valeur les \u00e9changes entre la Corse, l\u2019Italie, les Alpes et la Ligurie dans la p\u00e9riode du VIIe-Ve si\u00e8cle avant notre \u00e8re.<\/p><p>Ce projet b\u00e9n\u00e9ficie du soutien financier de l\u2019\u00c9tat \u2013 Direction r\u00e9gionale des affaires culturelles Corse (Service r\u00e9gional de l\u2019arch\u00e9ologie).<\/p>\t\t\t\t\t\t\t\t<\/div>\n\t\t\t\t<\/div>\n\t\t\t\t\t<\/div>\n\t\t<\/div>\n\t\t\t\t\t<\/div>\n\t\t<\/section>\n\t\t\t\t<section class=\"elementor-section elementor-top-section elementor-element elementor-element-f90dbba elementor-section-boxed elementor-section-height-default elementor-section-height-default exad-glass-effect-no exad-sticky-section-no\" data-id=\"f90dbba\" data-element_type=\"section\" data-e-type=\"section\">\n\t\t\t\t\t\t<div class=\"elementor-container elementor-column-gap-default\">\n\t\t\t\t\t<div class=\"elementor-column elementor-col-100 elementor-top-column elementor-element elementor-element-2a3fec9 exad-glass-effect-no exad-sticky-section-no\" data-id=\"2a3fec9\" data-element_type=\"column\" data-e-type=\"column\">\n\t\t\t<div class=\"elementor-widget-wrap elementor-element-populated\">\n\t\t\t\t\t\t<div class=\"elementor-element elementor-element-02cc746 exad-sticky-section-no exad-glass-effect-no elementor-widget elementor-widget-image\" data-id=\"02cc746\" data-element_type=\"widget\" data-e-type=\"widget\" data-widget_type=\"image.default\">\n\t\t\t\t<div class=\"elementor-widget-container\">\n\t\t\t\t\t\t\t\t\t\t\t\t\t\t\t<img loading=\"lazy\" decoding=\"async\" width=\"2909\" height=\"2703\" src=\"http:\/\/www.musees-mediterranee.org\/wp-content\/uploads\/2023\/06\/Logo-Prefet-de-Corse.png\" class=\"attachment-full size-full wp-image-8290\" alt=\"\" srcset=\"http:\/\/www.musees-mediterranee.org\/wp-content\/uploads\/2023\/06\/Logo-Prefet-de-Corse.png 2909w, http:\/\/www.musees-mediterranee.org\/wp-content\/uploads\/2023\/06\/Logo-Prefet-de-Corse-300x279.png 300w, http:\/\/www.musees-mediterranee.org\/wp-content\/uploads\/2023\/06\/Logo-Prefet-de-Corse-1024x951.png 1024w, http:\/\/www.musees-mediterranee.org\/wp-content\/uploads\/2023\/06\/Logo-Prefet-de-Corse-768x714.png 768w, http:\/\/www.musees-mediterranee.org\/wp-content\/uploads\/2023\/06\/Logo-Prefet-de-Corse-1536x1427.png 1536w, http:\/\/www.musees-mediterranee.org\/wp-content\/uploads\/2023\/06\/Logo-Prefet-de-Corse-2048x1903.png 2048w, http:\/\/www.musees-mediterranee.org\/wp-content\/uploads\/2023\/06\/Logo-Prefet-de-Corse-1320x1227.png 1320w\" sizes=\"(max-width: 2909px) 100vw, 2909px\" \/>\t\t\t\t\t\t\t\t\t\t\t\t\t\t\t<\/div>\n\t\t\t\t<\/div>\n\t\t\t\t\t<\/div>\n\t\t<\/div>\n\t\t\t\t\t<\/div>\n\t\t<\/section>\n\t\t\t\t<\/div>\n\t\t","protected":false},"excerpt":{"rendered":"<p>Le projet collectif de recherches (PCR) sur les s\u00e9pultures de l\u2019\u00e2ge du Fer a donn\u00e9 l\u2019opportunit\u00e9 d\u2019initier l\u2019inventaire et l\u2019\u00e9tude de mobiliers d\u00e9couverts dans la n\u00e9cropole protohistorique de Cagnano (Corse) en 1900-1901, puis dispers\u00e9s dans plusieurs mus\u00e9es (Marseille, Lyon, Bastia, mais aussi Bagnols-sur-C\u00e8ze, Florence.)<\/p>\n","protected":false},"author":1,"featured_media":13785,"comment_status":"closed","ping_status":"closed","sticky":false,"template":"","format":"standard","meta":{"_acf_changed":false,"_bbp_topic_count":0,"_bbp_reply_count":0,"_bbp_total_topic_count":0,"_bbp_total_reply_count":0,"_bbp_voice_count":0,"_bbp_anonymous_reply_count":0,"_bbp_topic_count_hidden":0,"_bbp_reply_count_hidden":0,"_bbp_forum_subforum_count":0,"iawp_total_views":59,"footnotes":""},"categories":[17],"tags":[79],"class_list":["post-13773","post","type-post","status-publish","format-standard","has-post-thumbnail","hentry","category-projet","tag-livre"],"acf":[],"_links":{"self":[{"href":"http:\/\/www.musees-mediterranee.org\/index.php\/wp-json\/wp\/v2\/posts\/13773","targetHints":{"allow":["GET"]}}],"collection":[{"href":"http:\/\/www.musees-mediterranee.org\/index.php\/wp-json\/wp\/v2\/posts"}],"about":[{"href":"http:\/\/www.musees-mediterranee.org\/index.php\/wp-json\/wp\/v2\/types\/post"}],"author":[{"embeddable":true,"href":"http:\/\/www.musees-mediterranee.org\/index.php\/wp-json\/wp\/v2\/users\/1"}],"replies":[{"embeddable":true,"href":"http:\/\/www.musees-mediterranee.org\/index.php\/wp-json\/wp\/v2\/comments?post=13773"}],"version-history":[{"count":0,"href":"http:\/\/www.musees-mediterranee.org\/index.php\/wp-json\/wp\/v2\/posts\/13773\/revisions"}],"wp:featuredmedia":[{"embeddable":true,"href":"http:\/\/www.musees-mediterranee.org\/index.php\/wp-json\/wp\/v2\/media\/13785"}],"wp:attachment":[{"href":"http:\/\/www.musees-mediterranee.org\/index.php\/wp-json\/wp\/v2\/media?parent=13773"}],"wp:term":[{"taxonomy":"category","embeddable":true,"href":"http:\/\/www.musees-mediterranee.org\/index.php\/wp-json\/wp\/v2\/categories?post=13773"},{"taxonomy":"post_tag","embeddable":true,"href":"http:\/\/www.musees-mediterranee.org\/index.php\/wp-json\/wp\/v2\/tags?post=13773"}],"curies":[{"name":"wp","href":"https:\/\/api.w.org\/{rel}","templated":true}]}}