{"id":13109,"date":"2024-09-11T10:49:39","date_gmt":"2024-09-11T08:49:39","guid":{"rendered":"http:\/\/www.musees-mediterranee.org\/?p=13109"},"modified":"2024-12-18T09:32:05","modified_gmt":"2024-12-18T08:32:05","slug":"sur-un-decor-dauburtin","status":"publish","type":"post","link":"http:\/\/www.musees-mediterranee.org\/index.php\/2024\/09\/11\/sur-un-decor-dauburtin\/","title":{"rendered":"Sur un d\u00e9cor d\u2019Auburtin"},"content":{"rendered":"\t\t<div data-elementor-type=\"wp-post\" data-elementor-id=\"13109\" class=\"elementor elementor-13109\" data-elementor-post-type=\"post\">\n\t\t\t\t\t\t<section class=\"elementor-section elementor-top-section elementor-element elementor-element-bb9fba6 elementor-section-boxed elementor-section-height-default elementor-section-height-default exad-glass-effect-no exad-sticky-section-no\" data-id=\"bb9fba6\" data-element_type=\"section\" data-e-type=\"section\">\n\t\t\t\t\t\t<div class=\"elementor-container elementor-column-gap-default\">\n\t\t\t\t\t<div class=\"elementor-column elementor-col-100 elementor-top-column elementor-element elementor-element-35e4c6d exad-glass-effect-no exad-sticky-section-no\" data-id=\"35e4c6d\" data-element_type=\"column\" data-e-type=\"column\">\n\t\t\t<div class=\"elementor-widget-wrap elementor-element-populated\">\n\t\t\t\t\t\t<div class=\"elementor-element elementor-element-a909afd exad-sticky-section-no exad-glass-effect-no elementor-widget elementor-widget-text-editor\" data-id=\"a909afd\" data-element_type=\"widget\" data-e-type=\"widget\" data-widget_type=\"text-editor.default\">\n\t\t\t\t<div class=\"elementor-widget-container\">\n\t\t\t\t\t\t\t\t\t<p>Le mur du grand escalier du Mus\u00e9um d\u2019histoire naturelle de Marseille, aile droite du Palais Longchamp, est orn\u00e9 d\u2019une toile maroufl\u00e9e repr\u00e9sentant des p\u00eacheurs en action.<\/p>\t\t\t\t\t\t\t\t<\/div>\n\t\t\t\t<\/div>\n\t\t\t\t\t<\/div>\n\t\t<\/div>\n\t\t\t\t\t<\/div>\n\t\t<\/section>\n\t\t\t\t<section class=\"elementor-section elementor-top-section elementor-element elementor-element-1c0edea elementor-section-boxed elementor-section-height-default elementor-section-height-default exad-glass-effect-no exad-sticky-section-no\" data-id=\"1c0edea\" data-element_type=\"section\" data-e-type=\"section\">\n\t\t\t\t\t\t<div class=\"elementor-container elementor-column-gap-default\">\n\t\t\t\t\t<div class=\"elementor-column elementor-col-100 elementor-top-column elementor-element elementor-element-6396128 exad-glass-effect-no exad-sticky-section-no\" data-id=\"6396128\" data-element_type=\"column\" data-e-type=\"column\">\n\t\t\t<div class=\"elementor-widget-wrap elementor-element-populated\">\n\t\t\t\t\t\t<div class=\"elementor-element elementor-element-9e59752 elementor-widget__width-initial exad-sticky-section-no exad-glass-effect-no elementor-widget elementor-widget-image\" data-id=\"9e59752\" data-element_type=\"widget\" data-e-type=\"widget\" data-widget_type=\"image.default\">\n\t\t\t\t<div class=\"elementor-widget-container\">\n\t\t\t\t\t\t\t\t\t\t\t\t<figure class=\"wp-caption\">\n\t\t\t\t\t\t\t\t\t\t<img fetchpriority=\"high\" decoding=\"async\" width=\"1200\" height=\"891\" src=\"http:\/\/www.musees-mediterranee.org\/wp-content\/uploads\/2024\/09\/Jean_Francis_Auburtin-Wikicommons-La_Peche_au_gangui4.jpg\" class=\"attachment-full size-full wp-image-13113\" alt=\"\" srcset=\"http:\/\/www.musees-mediterranee.org\/wp-content\/uploads\/2024\/09\/Jean_Francis_Auburtin-Wikicommons-La_Peche_au_gangui4.jpg 1200w, http:\/\/www.musees-mediterranee.org\/wp-content\/uploads\/2024\/09\/Jean_Francis_Auburtin-Wikicommons-La_Peche_au_gangui4-300x223.jpg 300w, http:\/\/www.musees-mediterranee.org\/wp-content\/uploads\/2024\/09\/Jean_Francis_Auburtin-Wikicommons-La_Peche_au_gangui4-1024x760.jpg 1024w, http:\/\/www.musees-mediterranee.org\/wp-content\/uploads\/2024\/09\/Jean_Francis_Auburtin-Wikicommons-La_Peche_au_gangui4-768x570.jpg 768w\" sizes=\"(max-width: 1200px) 100vw, 1200px\" \/>\t\t\t\t\t\t\t\t\t\t\t<figcaption class=\"widget-image-caption wp-caption-text\">Toile de 100 x 150 m, sign\u00e9e en bas \u00e0 gauche \u00ab J.Francis Auburtin \/Marseille.Paris.1898-99 \u00bb, inscrite parmi les Monuments historiques au titre objet le 30 mars 1981.  Photo Wikimedia Commons.<\/figcaption>\n\t\t\t\t\t\t\t\t\t\t<\/figure>\n\t\t\t\t\t\t\t\t\t<\/div>\n\t\t\t\t<\/div>\n\t\t\t\t\t<\/div>\n\t\t<\/div>\n\t\t\t\t\t<\/div>\n\t\t<\/section>\n\t\t\t\t<section class=\"elementor-section elementor-top-section elementor-element elementor-element-e7aa6a7 elementor-section-boxed elementor-section-height-default elementor-section-height-default exad-glass-effect-no exad-sticky-section-no\" data-id=\"e7aa6a7\" data-element_type=\"section\" data-e-type=\"section\">\n\t\t\t\t\t\t<div class=\"elementor-container elementor-column-gap-default\">\n\t\t\t\t\t<div class=\"elementor-column elementor-col-100 elementor-top-column elementor-element elementor-element-d1dba42 exad-glass-effect-no exad-sticky-section-no\" data-id=\"d1dba42\" data-element_type=\"column\" data-e-type=\"column\">\n\t\t\t<div class=\"elementor-widget-wrap elementor-element-populated\">\n\t\t\t\t\t\t<div class=\"elementor-element elementor-element-ef58666 exad-sticky-section-no exad-glass-effect-no elementor-widget elementor-widget-text-editor\" data-id=\"ef58666\" data-element_type=\"widget\" data-e-type=\"widget\" data-widget_type=\"text-editor.default\">\n\t\t\t\t<div class=\"elementor-widget-container\">\n\t\t\t\t\t\t\t\t\t<p>Elle a figur\u00e9 au Salon de la Soci\u00e9t\u00e9 Nationale des Beaux-Arts de 1899 sous le n\u00b059 : \u00ab Auburtin (J.-F.), Associ\u00e9, 41 rue Madame, <em>P\u00eache au gangui dans le golfe de Marseille<\/em>, (panneau d\u00e9coratif) \u00bb (1). <br \/>Jean Francis Auburtin (Paris, 1866-Dieppe, 1930) est proche de Puvis de Chavannes, rencontr\u00e9 en 1895, auteur des deux c\u00e9l\u00e8bres toiles du grand escalier du mus\u00e9e des Beaux-Arts, aile gauche du Palais Longchamp, <em>Marseille Colonie grecque et Marseille Porte de l\u2019Orient<\/em> (1869). C&#8217;est peut-\u00eatre \u00e0 lui qu\u2019Auburtin doit la commande pour le Mus\u00e9um de deux sujets marseillais, cette sc\u00e8ne et son pendant, <em>La calanque<\/em> (1900, sign\u00e9e et dat\u00e9e en bas \u00e0 gauche). On d\u00e9c\u00e8le dans ces deux compositions l&#8217;influence de Puvis de Chavannes pour La calanque et celle du japonisme pour la sc\u00e8ne de p\u00eache : cadrage audacieux, premier plan oblique, motif tronqu\u00e9, palette intense et limit\u00e9e, traitement graphique des vagues. Auburtin collectionne les estampes japonaises, fait partie des Amis de l\u2019Art japonais et lit la revue <em>Le Japon artistique<\/em> (2). <br \/>Parmi ses paysages figurent ceux d\u2019une M\u00e9diterran\u00e9e japonisante aux couleurs changeantes, parfois symboliste (3). S\u2019il s\u00e9journe surtout \u00e0 Porquerolles entre 1895 et 1904,<a href=\"https:\/\/www.association-auburtin.fr\/index.php\/accueil\/galerie\/japonisme\/\" target=\"_blank\" rel=\"noopener\"> une de ses aquarelles est dat\u00e9e du 24 juillet 1897 \u00e0 Endoume<\/a> (4).<\/p><p>La toile du Mus\u00e9um est consid\u00e9r\u00e9e comme l\u2019illustration de la p\u00eache particuli\u00e8re dont elle porte le titre, en rapport avec le filet utilis\u00e9. Peut-on se fier \u00e0 cette appellation due au peintre lui-m\u00eame ? Jean-Louis Conil nous \u00e9crit : <br \/>\u00ab<em> Il convient de qualifier d&#8217;eissaugue le filet qui pr\u00e9sente ici deux poign\u00e9es de cordage gain\u00e9es de cuir alors que le gangui comporte une barre en bois ou m\u00e9tal qui glisse sur le fond, surmont\u00e9e d&#8217;un arceau m\u00e9tallique qui tient grande ouverte la bouche du filet. De surcro\u00eet, le filet de gangui est gr\u00e9\u00e9 sur le m\u00e2t au moment de le hisser \u00e0 bord, ce qui n&#8217;est pas le cas dans ce tableau.<\/em><br \/><em>Les bateaux repr\u00e9sent\u00e9s sont deux mourre-de-pouar. Au premier plan, en p\u00eache avec une eissaugue, filet trainant \u00e0 poche avec lequel on encercle la zone poissonneuse puis on tire un bord \u00e0 la voile pour \u00ab ratisser \u00bb la zone. Ceci fait, on affale les voiles pour hisser le filet \u00e0 bord, la masse de l\u2019ensemble, filet et poisson, pouvant atteindre 400 kg. Le mousse est en train de r\u00e9cup\u00e9rer le trinquet (voile d\u2019avant) dont il a d\u00e9sarm\u00e9 la part\u00e8gue ou balestron (b\u00e2ton pos\u00e9 sur le passavant au premier plan). Le vent souffle depuis notre regard vers le fond de la toile. La mestre (grand-voile latine) est ferl\u00e9e sur son antenne et pos\u00e9e sur le pont sur le c\u00f4t\u00e9 sous le vent pour d\u00e9gager la zone de travail des marins. On note que le gouvernail a \u00e9t\u00e9 embarqu\u00e9 pour ne pas devenir g\u00eanant.<\/em><br \/><em>Au second plan, le mourre-de-pouar fait route sous un maximum de toile : deux trinquettes bien \u00e9tarqu\u00e9es par leurs balestrons \u00e0 l\u2019avant. La mestre bien \u00e9tablie pour le portant, l\u2019antenne presque horizontale fait que l\u2019air capt\u00e9 par la voile tend \u00e0 soulever le bateau pour qu\u2019il reste bien dans ses lignes d\u2019eau, et, en m\u00eame temps, l\u2019air qu\u2019elle capte d\u00e9verse dans les voiles de trinquet qui prennent ainsi toute la pouss\u00e9e possible. On note que les marins, inactifs et en plein vent sont couverts, contrairement \u00e0 leurs confr\u00e8res en plein travail qui sont en chemise ou torse nu pour prendre la su\u00e9e.<\/em><br \/><em>Toutes les d\u00e9nominations d&#8217;engins, ou presque, comportent ce risque d&#8217;assimilation par apparence qui fait que tout filet tract\u00e9 peut se trouver d\u00e9nomm\u00e9 abusivement gangui<\/em> \u00bb.<\/p><p>C\u2019est l\u00e0 un exemple des questions \u00e0 r\u00e9soudre \u00e0 travers l\u2019enqu\u00eate entreprise par l\u2019association Mus\u00e9es-M\u00e9diterran\u00e9e.<\/p>\t\t\t\t\t\t\t\t<\/div>\n\t\t\t\t<\/div>\n\t\t\t\t<div class=\"elementor-element elementor-element-72a13fd exad-sticky-section-no exad-glass-effect-no elementor-widget elementor-widget-spacer\" data-id=\"72a13fd\" data-element_type=\"widget\" data-e-type=\"widget\" data-widget_type=\"spacer.default\">\n\t\t\t\t<div class=\"elementor-widget-container\">\n\t\t\t\t\t\t\t<div class=\"elementor-spacer\">\n\t\t\t<div class=\"elementor-spacer-inner\"><\/div>\n\t\t<\/div>\n\t\t\t\t\t\t<\/div>\n\t\t\t\t<\/div>\n\t\t\t\t\t<\/div>\n\t\t<\/div>\n\t\t\t\t\t<\/div>\n\t\t<\/section>\n\t\t\t\t<section class=\"elementor-section elementor-top-section elementor-element elementor-element-23e8991 elementor-section-boxed elementor-section-height-default elementor-section-height-default exad-glass-effect-no exad-sticky-section-no\" data-id=\"23e8991\" data-element_type=\"section\" data-e-type=\"section\">\n\t\t\t\t\t\t<div class=\"elementor-container elementor-column-gap-default\">\n\t\t\t\t\t<div class=\"elementor-column elementor-col-100 elementor-top-column elementor-element elementor-element-16acbac exad-glass-effect-no exad-sticky-section-no\" data-id=\"16acbac\" data-element_type=\"column\" data-e-type=\"column\">\n\t\t\t<div class=\"elementor-widget-wrap elementor-element-populated\">\n\t\t\t\t\t\t<div class=\"elementor-element elementor-element-82e4c7e exad-sticky-section-no exad-glass-effect-no elementor-widget elementor-widget-text-editor\" data-id=\"82e4c7e\" data-element_type=\"widget\" data-e-type=\"widget\" data-widget_type=\"text-editor.default\">\n\t\t\t\t<div class=\"elementor-widget-container\">\n\t\t\t\t\t\t\t\t\t<p>1. <em>Soci\u00e9t\u00e9 nationale des Beaux-Arts, Catalogue illustr\u00e9 du Salon de 1899<\/em>, Ludovic Baschet \u00e9d., Paris, avec reproduction grav\u00e9e p. 165, source Gallica.<\/p><p>2. Dossier de presse de l\u2019exposition du mus\u00e9e de Morlaix, \u00ab <em>Le japonisme de Jean Francis Auburtin<\/em>\u00a0\u00bb, octobre 2012-janvier 2013.<\/p><p>3. \u00ab <em>Ecume et Rivages, la M\u00e9diterran\u00e9e de Jean Francis Auburtin\u00a0<\/em>\u00bb, exposition du mus\u00e9e Ziem, Martigues, 3 f\u00e9vrier-30 mai 2010.<\/p><p>4. \u00a9 Association Auburtin. Les Amis et Descendants de Jean Francis Auburtin. Le site de cette association reproduit \u00e9galement une \u00e9tude pour La <a href=\"https:\/\/www.association-auburtin.fr\/wp-content\/uploads\/2020\/12\/n10-e1615721886952.jpg\" target=\"_blank\" rel=\"noopener\"><em>P\u00eache au guangui<\/em><\/a>, aquarelle et encre de Chine.<\/p>\t\t\t\t\t\t\t\t<\/div>\n\t\t\t\t<\/div>\n\t\t\t\t\t<\/div>\n\t\t<\/div>\n\t\t\t\t\t<\/div>\n\t\t<\/section>\n\t\t\t\t<\/div>\n\t\t","protected":false},"excerpt":{"rendered":"<p>Le mur du grand escalier du Mus\u00e9um d\u2019histoire naturelle de Marseille, aile droite du Palais Longchamp, est orn\u00e9 d\u2019une toile maroufl\u00e9e repr\u00e9sentant des p\u00eacheurs en action.<\/p>\n","protected":false},"author":1,"featured_media":13113,"comment_status":"closed","ping_status":"closed","sticky":false,"template":"","format":"standard","meta":{"_acf_changed":false,"_bbp_topic_count":0,"_bbp_reply_count":0,"_bbp_total_topic_count":0,"_bbp_total_reply_count":0,"_bbp_voice_count":0,"_bbp_anonymous_reply_count":0,"_bbp_topic_count_hidden":0,"_bbp_reply_count_hidden":0,"_bbp_forum_subforum_count":0,"iawp_total_views":55,"footnotes":""},"categories":[25,43],"tags":[125],"class_list":["post-13109","post","type-post","status-publish","format-standard","has-post-thumbnail","hentry","category-journal","category-reseau-musees","tag-septembre-2024"],"acf":[],"_links":{"self":[{"href":"http:\/\/www.musees-mediterranee.org\/index.php\/wp-json\/wp\/v2\/posts\/13109","targetHints":{"allow":["GET"]}}],"collection":[{"href":"http:\/\/www.musees-mediterranee.org\/index.php\/wp-json\/wp\/v2\/posts"}],"about":[{"href":"http:\/\/www.musees-mediterranee.org\/index.php\/wp-json\/wp\/v2\/types\/post"}],"author":[{"embeddable":true,"href":"http:\/\/www.musees-mediterranee.org\/index.php\/wp-json\/wp\/v2\/users\/1"}],"replies":[{"embeddable":true,"href":"http:\/\/www.musees-mediterranee.org\/index.php\/wp-json\/wp\/v2\/comments?post=13109"}],"version-history":[{"count":0,"href":"http:\/\/www.musees-mediterranee.org\/index.php\/wp-json\/wp\/v2\/posts\/13109\/revisions"}],"wp:featuredmedia":[{"embeddable":true,"href":"http:\/\/www.musees-mediterranee.org\/index.php\/wp-json\/wp\/v2\/media\/13113"}],"wp:attachment":[{"href":"http:\/\/www.musees-mediterranee.org\/index.php\/wp-json\/wp\/v2\/media?parent=13109"}],"wp:term":[{"taxonomy":"category","embeddable":true,"href":"http:\/\/www.musees-mediterranee.org\/index.php\/wp-json\/wp\/v2\/categories?post=13109"},{"taxonomy":"post_tag","embeddable":true,"href":"http:\/\/www.musees-mediterranee.org\/index.php\/wp-json\/wp\/v2\/tags?post=13109"}],"curies":[{"name":"wp","href":"https:\/\/api.w.org\/{rel}","templated":true}]}}