{"id":12246,"date":"2024-07-23T09:35:04","date_gmt":"2024-07-23T07:35:04","guid":{"rendered":"http:\/\/www.musees-mediterranee.org\/?p=12246"},"modified":"2024-12-18T09:30:49","modified_gmt":"2024-12-18T08:30:49","slug":"joseph-meissonnier-couleur-et-lumiere","status":"publish","type":"post","link":"http:\/\/www.musees-mediterranee.org\/index.php\/2024\/07\/23\/joseph-meissonnier-couleur-et-lumiere\/","title":{"rendered":"Joseph Meissonnier &#8211; Couleur et lumi\u00e8re"},"content":{"rendered":"\t\t<div data-elementor-type=\"wp-post\" data-elementor-id=\"12246\" class=\"elementor elementor-12246\" data-elementor-post-type=\"post\">\n\t\t\t\t\t\t<section class=\"elementor-section elementor-top-section elementor-element elementor-element-99f35c0 elementor-section-boxed elementor-section-height-default elementor-section-height-default exad-glass-effect-no exad-sticky-section-no\" data-id=\"99f35c0\" data-element_type=\"section\" data-e-type=\"section\">\n\t\t\t\t\t\t<div class=\"elementor-container elementor-column-gap-default\">\n\t\t\t\t\t<div class=\"elementor-column elementor-col-100 elementor-top-column elementor-element elementor-element-399324c exad-glass-effect-no exad-sticky-section-no\" data-id=\"399324c\" data-element_type=\"column\" data-e-type=\"column\">\n\t\t\t<div class=\"elementor-widget-wrap elementor-element-populated\">\n\t\t\t\t\t\t<div class=\"elementor-element elementor-element-b094c16 exad-sticky-section-no exad-glass-effect-no elementor-widget elementor-widget-image\" data-id=\"b094c16\" data-element_type=\"widget\" data-e-type=\"widget\" data-widget_type=\"image.default\">\n\t\t\t\t<div class=\"elementor-widget-container\">\n\t\t\t\t\t\t\t\t\t\t\t\t<figure class=\"wp-caption\">\n\t\t\t\t\t\t\t\t\t\t\t<a href=\"http:\/\/www.musees-mediterranee.org\/wp-content\/uploads\/2024\/07\/JM_CouleurLumiere.jpg\" data-elementor-open-lightbox=\"yes\" data-e-action-hash=\"#elementor-action%3Aaction%3Dlightbox%26settings%3DeyJpZCI6MTIyNDcsInVybCI6Imh0dHA6XC9cL3d3dy5tdXNlZXMtbWVkaXRlcnJhbmVlLm9yZ1wvd3AtY29udGVudFwvdXBsb2Fkc1wvMjAyNFwvMDdcL0pNX0NvdWxldXJMdW1pZXJlLmpwZyJ9\">\n\t\t\t\t\t\t\t<img fetchpriority=\"high\" decoding=\"async\" width=\"1200\" height=\"928\" src=\"http:\/\/www.musees-mediterranee.org\/wp-content\/uploads\/2024\/07\/JM_CouleurLumiere.jpg\" class=\"attachment-full size-full wp-image-12247\" alt=\"\" srcset=\"http:\/\/www.musees-mediterranee.org\/wp-content\/uploads\/2024\/07\/JM_CouleurLumiere.jpg 1200w, http:\/\/www.musees-mediterranee.org\/wp-content\/uploads\/2024\/07\/JM_CouleurLumiere-300x232.jpg 300w, http:\/\/www.musees-mediterranee.org\/wp-content\/uploads\/2024\/07\/JM_CouleurLumiere-1024x792.jpg 1024w, http:\/\/www.musees-mediterranee.org\/wp-content\/uploads\/2024\/07\/JM_CouleurLumiere-768x594.jpg 768w\" sizes=\"(max-width: 1200px) 100vw, 1200px\" \/>\t\t\t\t\t\t\t\t<\/a>\n\t\t\t\t\t\t\t\t\t\t\t<figcaption class=\"widget-image-caption wp-caption-text\"><i>Joseph Meissonnier dans la rue Marcel-Fabrigoule \u00e0 Villeneuve lez Avignon<\/i><br \/>Huile sur toile, 54 x 65 cm<br \/>Mus\u00e9e Pierre-de-Luxembourg<\/figcaption>\n\t\t\t\t\t\t\t\t\t\t<\/figure>\n\t\t\t\t\t\t\t\t\t<\/div>\n\t\t\t\t<\/div>\n\t\t\t\t\t<\/div>\n\t\t<\/div>\n\t\t\t\t\t<\/div>\n\t\t<\/section>\n\t\t\t\t<section class=\"elementor-section elementor-top-section elementor-element elementor-element-a0aa9d1 elementor-section-boxed elementor-section-height-default elementor-section-height-default exad-glass-effect-no exad-sticky-section-no\" data-id=\"a0aa9d1\" data-element_type=\"section\" data-e-type=\"section\">\n\t\t\t\t\t\t<div class=\"elementor-container elementor-column-gap-default\">\n\t\t\t\t\t<div class=\"elementor-column elementor-col-100 elementor-top-column elementor-element elementor-element-4c6ad17 exad-glass-effect-no exad-sticky-section-no\" data-id=\"4c6ad17\" data-element_type=\"column\" data-e-type=\"column\">\n\t\t\t<div class=\"elementor-widget-wrap elementor-element-populated\">\n\t\t\t\t\t\t<div class=\"elementor-element elementor-element-7b35b04 exad-sticky-section-no exad-glass-effect-no elementor-widget elementor-widget-text-editor\" data-id=\"7b35b04\" data-element_type=\"widget\" data-e-type=\"widget\" data-widget_type=\"text-editor.default\">\n\t\t\t\t<div class=\"elementor-widget-container\">\n\t\t\t\t\t\t\t\t\t<p>En 1998, la municipalit\u00e9 de Villeneuve lez Avignon recevait, de Mme Hortense Bourgue, un legs compos\u00e9 de 62 peintures de Joseph Meissonnier.<br \/>Fille d\u2019Alphonse Gras, peintre amateur, ami et m\u00e9c\u00e8ne de cet artiste, elle souhaitait que les \u0153uvres h\u00e9rit\u00e9es de son p\u00e8re puissent \u00eatre accessibles au plus grand nombre et, \u00e0 cette fin, en fit don au mus\u00e9e Pierre-de-Luxembourg.<br \/>Expos\u00e9es la m\u00eame ann\u00e9e dans la Tour Philippe-le-Bel, ces huiles n\u2019avaient depuis plus fait l\u2019objet d\u2019aucune pr\u00e9sentation. La cr\u00e9ation d\u2019une salle d\u2019exposition temporaire dans le mus\u00e9e villeneuvois est l\u2019occasion de donner \u00e0 voir de nouveau ce patrimoine.<\/p><p>N\u00e9 dans la cit\u00e9 des Papes d\u2019un p\u00e8re capitaine, commandant du p\u00e9nitencier militaire d\u2019Avignon, Fran\u00e7ois Xavier Marie Joseph Meissonnier affirme sa vocation de peintre apr\u00e8s des \u00e9tudes de pharmacie. Il suit alors l\u2019enseignement de Pierre Grivolas et de Paul Sa\u00efn qui l\u2019initient \u00e0 l\u2019\u00e9tude du plein air et de la nature. Apr\u00e8s une premi\u00e8re exposition \u00e0 Orange en 1888, il participe, d\u00e8s l\u2019ann\u00e9e suivante, au Salon des Artistes Fran\u00e7ais \u00e0 Paris. Sa carri\u00e8re se d\u00e9roule n\u00e9anmoins essentiellement \u00e0 Avignon o\u00f9 il participe \u00e0 la fondation du Groupe des Treize, regroupement d\u2019artistes issus de la Soci\u00e9t\u00e9 Vauclusienne des Amis des Arts.<\/p>\t\t\t\t\t\t\t\t<\/div>\n\t\t\t\t<\/div>\n\t\t\t\t\t<\/div>\n\t\t<\/div>\n\t\t\t\t\t<\/div>\n\t\t<\/section>\n\t\t\t\t<section class=\"elementor-section elementor-top-section elementor-element elementor-element-b9b53b5 elementor-section-boxed elementor-section-height-default elementor-section-height-default exad-glass-effect-no exad-sticky-section-no\" data-id=\"b9b53b5\" data-element_type=\"section\" data-e-type=\"section\">\n\t\t\t\t\t\t<div class=\"elementor-container elementor-column-gap-default\">\n\t\t\t\t\t<div class=\"elementor-column elementor-col-50 elementor-top-column elementor-element elementor-element-3c43fed exad-glass-effect-no exad-sticky-section-no\" data-id=\"3c43fed\" data-element_type=\"column\" data-e-type=\"column\">\n\t\t\t<div class=\"elementor-widget-wrap elementor-element-populated\">\n\t\t\t\t\t\t<div class=\"elementor-element elementor-element-72b8ad4 exad-sticky-section-no exad-glass-effect-no elementor-widget elementor-widget-image\" data-id=\"72b8ad4\" data-element_type=\"widget\" data-e-type=\"widget\" data-widget_type=\"image.default\">\n\t\t\t\t<div class=\"elementor-widget-container\">\n\t\t\t\t\t\t\t\t\t\t\t\t<figure class=\"wp-caption\">\n\t\t\t\t\t\t\t\t\t\t\t<a href=\"http:\/\/www.musees-mediterranee.org\/wp-content\/uploads\/2024\/07\/PL-98.3.33-eckta-D.jpg\" data-elementor-open-lightbox=\"yes\" data-e-action-hash=\"#elementor-action%3Aaction%3Dlightbox%26settings%3DeyJpZCI6MTIzOTUsInVybCI6Imh0dHA6XC9cL3d3dy5tdXNlZXMtbWVkaXRlcnJhbmVlLm9yZ1wvd3AtY29udGVudFwvdXBsb2Fkc1wvMjAyNFwvMDdcL1BMLTk4LjMuMzMtZWNrdGEtRC5qcGcifQ%3D%3D\">\n\t\t\t\t\t\t\t<img decoding=\"async\" width=\"700\" height=\"979\" src=\"http:\/\/www.musees-mediterranee.org\/wp-content\/uploads\/2024\/07\/PL-98.3.33-eckta-D-732x1024.jpg\" class=\"attachment-large size-large wp-image-12395\" alt=\"\" srcset=\"http:\/\/www.musees-mediterranee.org\/wp-content\/uploads\/2024\/07\/PL-98.3.33-eckta-D-732x1024.jpg 732w, http:\/\/www.musees-mediterranee.org\/wp-content\/uploads\/2024\/07\/PL-98.3.33-eckta-D-214x300.jpg 214w, http:\/\/www.musees-mediterranee.org\/wp-content\/uploads\/2024\/07\/PL-98.3.33-eckta-D-768x1075.jpg 768w, http:\/\/www.musees-mediterranee.org\/wp-content\/uploads\/2024\/07\/PL-98.3.33-eckta-D.jpg 987w\" sizes=\"(max-width: 700px) 100vw, 700px\" \/>\t\t\t\t\t\t\t\t<\/a>\n\t\t\t\t\t\t\t\t\t\t\t<figcaption class=\"widget-image-caption wp-caption-text\"><i>La route de Villeneuve et la tour de Philippe-le-Bel,<\/i> 1928<br \/> Huile sur contreplaqu\u00e9, 46 x 55,5 cm<br \/> Mus\u00e9e Pierre-de-Luxembourg<\/figcaption>\n\t\t\t\t\t\t\t\t\t\t<\/figure>\n\t\t\t\t\t\t\t\t\t<\/div>\n\t\t\t\t<\/div>\n\t\t\t\t\t<\/div>\n\t\t<\/div>\n\t\t\t\t<div class=\"elementor-column elementor-col-50 elementor-top-column elementor-element elementor-element-12e42bb exad-glass-effect-no exad-sticky-section-no\" data-id=\"12e42bb\" data-element_type=\"column\" data-e-type=\"column\">\n\t\t\t<div class=\"elementor-widget-wrap elementor-element-populated\">\n\t\t\t\t\t\t<div class=\"elementor-element elementor-element-b772ce6 elementor-widget__width-initial exad-sticky-section-no exad-glass-effect-no elementor-widget elementor-widget-text-editor\" data-id=\"b772ce6\" data-element_type=\"widget\" data-e-type=\"widget\" data-widget_type=\"text-editor.default\">\n\t\t\t\t<div class=\"elementor-widget-container\">\n\t\t\t\t\t\t\t\t\t<p>Dans les ann\u00e9es 1900, Meissonnier est au sommet de son art mais conna\u00eet des difficult\u00e9s financi\u00e8res. Le poste d\u2019enseignant qu\u2019il accepte \u00e0 l\u2019institution Grimaud-Meissonnier de 1901 \u00e0 1918, va lui permettre de b\u00e9n\u00e9ficier d\u2019un revenu stable tout en continuant \u00e0 se consacrer \u00e0 son art.<\/p><p>En 1925, le groupe des Treize d\u00e9cide de fonder le Nouveau groupe des artistes r\u00e9gionaux afin de reprendre le cycle d\u2019expositions interrompu par la Premi\u00e8re Guerre Mondiale. <br \/>Les expositions que lui consacrent la Galerie des P\u00e9nitents noirs d\u2019Avignon en 1925 puis, en 1929, la Galerie Georges Petit \u00e0 Paris, finissent d\u2019asseoir sa notori\u00e9t\u00e9.<\/p>\t\t\t\t\t\t\t\t<\/div>\n\t\t\t\t<\/div>\n\t\t\t\t\t<\/div>\n\t\t<\/div>\n\t\t\t\t\t<\/div>\n\t\t<\/section>\n\t\t\t\t<section class=\"elementor-section elementor-top-section elementor-element elementor-element-dc0e030 elementor-section-boxed elementor-section-height-default elementor-section-height-default exad-glass-effect-no exad-sticky-section-no\" data-id=\"dc0e030\" data-element_type=\"section\" data-e-type=\"section\">\n\t\t\t\t\t\t<div class=\"elementor-container elementor-column-gap-default\">\n\t\t\t\t\t<div class=\"elementor-column elementor-col-100 elementor-top-column elementor-element elementor-element-96d4b96 exad-glass-effect-no exad-sticky-section-no\" data-id=\"96d4b96\" data-element_type=\"column\" data-e-type=\"column\">\n\t\t\t<div class=\"elementor-widget-wrap elementor-element-populated\">\n\t\t\t\t\t\t<div class=\"elementor-element elementor-element-6278152 exad-sticky-section-no exad-glass-effect-no elementor-widget elementor-widget-text-editor\" data-id=\"6278152\" data-element_type=\"widget\" data-e-type=\"widget\" data-widget_type=\"text-editor.default\">\n\t\t\t\t<div class=\"elementor-widget-container\">\n\t\t\t\t\t\t\t\t\t<p>Si Meissonnier peint des paysages et des marines, il lui arrive \u00e9galement de repr\u00e9senter des sc\u00e8nes de genre qui l\u2019apparentent \u00e0 l\u2019\u00e9cole r\u00e9aliste. Sa palette, claire, et son int\u00e9r\u00eat pour les variations lumineuses le rapprochent des Impressionnistes dont il se d\u00e9marque toutefois par le souci de traduire la p\u00e9rennit\u00e9 de la forme.<\/p><p>Sur les 62 peintures offertes \u00e0 la ville, seules une dizaine sont dat\u00e9es entre 1925 et 1928. Il est alors install\u00e9 \u00e0 Villeneuve lez Avignon o\u00f9 il d\u00e9c\u00e8de quelques ann\u00e9es plus tard.<\/p>\t\t\t\t\t\t\t\t<\/div>\n\t\t\t\t<\/div>\n\t\t\t\t\t<\/div>\n\t\t<\/div>\n\t\t\t\t\t<\/div>\n\t\t<\/section>\n\t\t\t\t<section class=\"elementor-section elementor-top-section elementor-element elementor-element-18b7e03 elementor-section-boxed elementor-section-height-default elementor-section-height-default exad-glass-effect-no exad-sticky-section-no\" data-id=\"18b7e03\" data-element_type=\"section\" data-e-type=\"section\">\n\t\t\t\t\t\t<div class=\"elementor-container elementor-column-gap-default\">\n\t\t\t\t\t<div class=\"elementor-column elementor-col-100 elementor-top-column elementor-element elementor-element-30161ae exad-glass-effect-no exad-sticky-section-no\" data-id=\"30161ae\" data-element_type=\"column\" data-e-type=\"column\">\n\t\t\t<div class=\"elementor-widget-wrap elementor-element-populated\">\n\t\t\t\t\t\t<div class=\"elementor-element elementor-element-4a32864 exad-sticky-section-no exad-glass-effect-no elementor-widget elementor-widget-image\" data-id=\"4a32864\" data-element_type=\"widget\" data-e-type=\"widget\" data-widget_type=\"image.default\">\n\t\t\t\t<div class=\"elementor-widget-container\">\n\t\t\t\t\t\t\t\t\t\t\t\t<figure class=\"wp-caption\">\n\t\t\t\t\t\t\t\t\t\t\t<a href=\"http:\/\/www.musees-mediterranee.org\/wp-content\/uploads\/2024\/07\/PL-98.1.15-eckta-D.jpg\" data-elementor-open-lightbox=\"yes\" data-e-action-hash=\"#elementor-action%3Aaction%3Dlightbox%26settings%3DeyJpZCI6MTIzOTQsInVybCI6Imh0dHA6XC9cL3d3dy5tdXNlZXMtbWVkaXRlcnJhbmVlLm9yZ1wvd3AtY29udGVudFwvdXBsb2Fkc1wvMjAyNFwvMDdcL1BMLTk4LjEuMTUtZWNrdGEtRC5qcGcifQ%3D%3D\">\n\t\t\t\t\t\t\t<img decoding=\"async\" width=\"1200\" height=\"844\" src=\"http:\/\/www.musees-mediterranee.org\/wp-content\/uploads\/2024\/07\/PL-98.1.15-eckta-D.jpg\" class=\"attachment-full size-full wp-image-12394\" alt=\"\" srcset=\"http:\/\/www.musees-mediterranee.org\/wp-content\/uploads\/2024\/07\/PL-98.1.15-eckta-D.jpg 1200w, http:\/\/www.musees-mediterranee.org\/wp-content\/uploads\/2024\/07\/PL-98.1.15-eckta-D-300x211.jpg 300w, http:\/\/www.musees-mediterranee.org\/wp-content\/uploads\/2024\/07\/PL-98.1.15-eckta-D-1024x720.jpg 1024w, http:\/\/www.musees-mediterranee.org\/wp-content\/uploads\/2024\/07\/PL-98.1.15-eckta-D-768x540.jpg 768w\" sizes=\"(max-width: 1200px) 100vw, 1200px\" \/>\t\t\t\t\t\t\t\t<\/a>\n\t\t\t\t\t\t\t\t\t\t\t<figcaption class=\"widget-image-caption wp-caption-text\"><i>Le mur rose,<\/i> 1928<br \/> Huile sur toile, 46,5 x 61,5 cm<br \/> Mus\u00e9e Pierre-de-Luxembourg<\/figcaption>\n\t\t\t\t\t\t\t\t\t\t<\/figure>\n\t\t\t\t\t\t\t\t\t<\/div>\n\t\t\t\t<\/div>\n\t\t\t\t\t<\/div>\n\t\t<\/div>\n\t\t\t\t\t<\/div>\n\t\t<\/section>\n\t\t\t\t<section class=\"elementor-section elementor-top-section elementor-element elementor-element-5554dc5 elementor-section-boxed elementor-section-height-default elementor-section-height-default exad-glass-effect-no exad-sticky-section-no\" data-id=\"5554dc5\" data-element_type=\"section\" data-e-type=\"section\">\n\t\t\t\t\t\t<div class=\"elementor-container elementor-column-gap-default\">\n\t\t\t\t\t<div class=\"elementor-column elementor-col-50 elementor-top-column elementor-element elementor-element-8b2044c exad-glass-effect-no exad-sticky-section-no\" data-id=\"8b2044c\" data-element_type=\"column\" data-e-type=\"column\">\n\t\t\t<div class=\"elementor-widget-wrap elementor-element-populated\">\n\t\t\t\t\t\t<div class=\"elementor-element elementor-element-569d756 exad-sticky-section-no exad-glass-effect-no elementor-widget elementor-widget-text-editor\" data-id=\"569d756\" data-element_type=\"widget\" data-e-type=\"widget\" data-widget_type=\"text-editor.default\">\n\t\t\t\t<div class=\"elementor-widget-container\">\n\t\t\t\t\t\t\t\t\t<p>Le legs Hortense-Bourgues comprend treize peintures repr\u00e9sentant Villeneuve ou ses environs. Elles permettent de d\u00e9couvrir le pittoresque de la petite cit\u00e9 mais aussi ses jardins luxuriants, la beaut\u00e9 de ses monuments ou le charme de ses ruelles \u00e9cras\u00e9es de soleil dans lesquelles apparaissent de fr\u00eales silhouettes.<\/p><p>Visions po\u00e9tiques et sereines, elles sont avant tout une explosion de couleurs et de lumi\u00e8re. Les emp\u00e2tements servent ici une repr\u00e9sentation exalt\u00e9e de la nature qui conserve toute sa grandeur et toute sa pl\u00e9nitude.<\/p>\t\t\t\t\t\t\t\t<\/div>\n\t\t\t\t<\/div>\n\t\t\t\t\t<\/div>\n\t\t<\/div>\n\t\t\t\t<div class=\"elementor-column elementor-col-50 elementor-top-column elementor-element elementor-element-0e6620b exad-glass-effect-no exad-sticky-section-no\" data-id=\"0e6620b\" data-element_type=\"column\" data-e-type=\"column\">\n\t\t\t<div class=\"elementor-widget-wrap elementor-element-populated\">\n\t\t\t\t\t\t<div class=\"elementor-element elementor-element-3464732 exad-sticky-section-no exad-glass-effect-no elementor-widget elementor-widget-image\" data-id=\"3464732\" data-element_type=\"widget\" data-e-type=\"widget\" data-widget_type=\"image.default\">\n\t\t\t\t<div class=\"elementor-widget-container\">\n\t\t\t\t\t\t\t\t\t\t\t\t<figure class=\"wp-caption\">\n\t\t\t\t\t\t\t\t\t\t\t<a href=\"http:\/\/www.musees-mediterranee.org\/wp-content\/uploads\/2024\/07\/PL-98.1.1-eckta-D.jpg\" data-elementor-open-lightbox=\"yes\" data-e-action-hash=\"#elementor-action%3Aaction%3Dlightbox%26settings%3DeyJpZCI6MTIzOTMsInVybCI6Imh0dHA6XC9cL3d3dy5tdXNlZXMtbWVkaXRlcnJhbmVlLm9yZ1wvd3AtY29udGVudFwvdXBsb2Fkc1wvMjAyNFwvMDdcL1BMLTk4LjEuMS1lY2t0YS1ELmpwZyJ9\">\n\t\t\t\t\t\t\t<img loading=\"lazy\" decoding=\"async\" width=\"386\" height=\"501\" src=\"http:\/\/www.musees-mediterranee.org\/wp-content\/uploads\/2024\/07\/PL-98.1.1-eckta-D.jpg\" class=\"attachment-full size-full wp-image-12393\" alt=\"\" srcset=\"http:\/\/www.musees-mediterranee.org\/wp-content\/uploads\/2024\/07\/PL-98.1.1-eckta-D.jpg 386w, http:\/\/www.musees-mediterranee.org\/wp-content\/uploads\/2024\/07\/PL-98.1.1-eckta-D-231x300.jpg 231w\" sizes=\"(max-width: 386px) 100vw, 386px\" \/>\t\t\t\t\t\t\t\t<\/a>\n\t\t\t\t\t\t\t\t\t\t\t<figcaption class=\"widget-image-caption wp-caption-text\"><i>Les jardins de l\u2019abbaye Saint-Andr\u00e9<br \/>de Villeneuve lez Avignon,<\/i> 1926<br \/> Huile sur toile, 81 x 65 cm<br \/> Mus\u00e9e Pierre-de-Luxembourg<\/figcaption>\n\t\t\t\t\t\t\t\t\t\t<\/figure>\n\t\t\t\t\t\t\t\t\t<\/div>\n\t\t\t\t<\/div>\n\t\t\t\t\t<\/div>\n\t\t<\/div>\n\t\t\t\t\t<\/div>\n\t\t<\/section>\n\t\t\t\t<\/div>\n\t\t","protected":false},"excerpt":{"rendered":"<p>En 1998, la municipalit\u00e9 de Villeneuve lez Avignon recevait, de Mme Hortense Bourgue, un legs compos\u00e9 de 62 peintures de Joseph Meissonnier.<\/p>\n","protected":false},"author":1,"featured_media":12247,"comment_status":"closed","ping_status":"closed","sticky":false,"template":"","format":"standard","meta":{"_acf_changed":false,"_bbp_topic_count":0,"_bbp_reply_count":0,"_bbp_total_topic_count":0,"_bbp_total_reply_count":0,"_bbp_voice_count":0,"_bbp_anonymous_reply_count":0,"_bbp_topic_count_hidden":0,"_bbp_reply_count_hidden":0,"_bbp_forum_subforum_count":0,"iawp_total_views":157,"footnotes":""},"categories":[32,25],"tags":[125],"class_list":["post-12246","post","type-post","status-publish","format-standard","has-post-thumbnail","hentry","category-exposition","category-journal","tag-septembre-2024"],"acf":[],"_links":{"self":[{"href":"http:\/\/www.musees-mediterranee.org\/index.php\/wp-json\/wp\/v2\/posts\/12246","targetHints":{"allow":["GET"]}}],"collection":[{"href":"http:\/\/www.musees-mediterranee.org\/index.php\/wp-json\/wp\/v2\/posts"}],"about":[{"href":"http:\/\/www.musees-mediterranee.org\/index.php\/wp-json\/wp\/v2\/types\/post"}],"author":[{"embeddable":true,"href":"http:\/\/www.musees-mediterranee.org\/index.php\/wp-json\/wp\/v2\/users\/1"}],"replies":[{"embeddable":true,"href":"http:\/\/www.musees-mediterranee.org\/index.php\/wp-json\/wp\/v2\/comments?post=12246"}],"version-history":[{"count":0,"href":"http:\/\/www.musees-mediterranee.org\/index.php\/wp-json\/wp\/v2\/posts\/12246\/revisions"}],"wp:featuredmedia":[{"embeddable":true,"href":"http:\/\/www.musees-mediterranee.org\/index.php\/wp-json\/wp\/v2\/media\/12247"}],"wp:attachment":[{"href":"http:\/\/www.musees-mediterranee.org\/index.php\/wp-json\/wp\/v2\/media?parent=12246"}],"wp:term":[{"taxonomy":"category","embeddable":true,"href":"http:\/\/www.musees-mediterranee.org\/index.php\/wp-json\/wp\/v2\/categories?post=12246"},{"taxonomy":"post_tag","embeddable":true,"href":"http:\/\/www.musees-mediterranee.org\/index.php\/wp-json\/wp\/v2\/tags?post=12246"}],"curies":[{"name":"wp","href":"https:\/\/api.w.org\/{rel}","templated":true}]}}