{"id":11646,"date":"2024-06-04T10:55:07","date_gmt":"2024-06-04T08:55:07","guid":{"rendered":"http:\/\/www.musees-mediterranee.org\/?p=11646"},"modified":"2024-06-19T09:32:25","modified_gmt":"2024-06-19T07:32:25","slug":"toile-libre","status":"publish","type":"post","link":"http:\/\/www.musees-mediterranee.org\/index.php\/2024\/06\/04\/toile-libre\/","title":{"rendered":"Toile libre"},"content":{"rendered":"\t\t<div data-elementor-type=\"wp-post\" data-elementor-id=\"11646\" class=\"elementor elementor-11646\" data-elementor-post-type=\"post\">\n\t\t\t\t\t\t<section class=\"elementor-section elementor-top-section elementor-element elementor-element-7dbe0a1 elementor-section-boxed elementor-section-height-default elementor-section-height-default exad-glass-effect-no exad-sticky-section-no\" data-id=\"7dbe0a1\" data-element_type=\"section\" data-e-type=\"section\">\n\t\t\t\t\t\t<div class=\"elementor-container elementor-column-gap-default\">\n\t\t\t\t\t<div class=\"elementor-column elementor-col-100 elementor-top-column elementor-element elementor-element-fbed6d0 exad-glass-effect-no exad-sticky-section-no\" data-id=\"fbed6d0\" data-element_type=\"column\" data-e-type=\"column\">\n\t\t\t<div class=\"elementor-widget-wrap elementor-element-populated\">\n\t\t\t\t\t\t<div class=\"elementor-element elementor-element-e39df09 exad-sticky-section-no exad-glass-effect-no elementor-widget elementor-widget-heading\" data-id=\"e39df09\" data-element_type=\"widget\" data-e-type=\"widget\" data-widget_type=\"heading.default\">\n\t\t\t\t<div class=\"elementor-widget-container\">\n\t\t\t\t\t<h4 class=\"elementor-heading-title elementor-size-default\">Toile libre<\/h4>\t\t\t\t<\/div>\n\t\t\t\t<\/div>\n\t\t\t\t\t<\/div>\n\t\t<\/div>\n\t\t\t\t\t<\/div>\n\t\t<\/section>\n\t\t\t\t<section class=\"elementor-section elementor-top-section elementor-element elementor-element-91d5a60 elementor-section-boxed elementor-section-height-default elementor-section-height-default exad-glass-effect-no exad-sticky-section-no\" data-id=\"91d5a60\" data-element_type=\"section\" data-e-type=\"section\">\n\t\t\t\t\t\t<div class=\"elementor-container elementor-column-gap-default\">\n\t\t\t\t\t<div class=\"elementor-column elementor-col-100 elementor-top-column elementor-element elementor-element-c27448a exad-glass-effect-no exad-sticky-section-no\" data-id=\"c27448a\" data-element_type=\"column\" data-e-type=\"column\">\n\t\t\t<div class=\"elementor-widget-wrap elementor-element-populated\">\n\t\t\t\t\t\t<div class=\"elementor-element elementor-element-d348aee exad-sticky-section-no exad-glass-effect-no elementor-widget elementor-widget-text-editor\" data-id=\"d348aee\" data-element_type=\"widget\" data-e-type=\"widget\" data-widget_type=\"text-editor.default\">\n\t\t\t\t<div class=\"elementor-widget-container\">\n\t\t\t\t\t\t\t\t\t<p>Andr\u00e9-Pierre Arnal vit et travaille \u00e0 Montpellier. A la fois th\u00e9oricien et peintre, repr\u00e9sentant de l&#8217;art informel, Arnal envisage la probl\u00e9matique de la mat\u00e9rialit\u00e9 de la peinture. Son travail consiste \u00e0 ex\u00e9cuter des toiles flottantes, libres de tout support, peintes \u00e0 plusieurs reprises apr\u00e8s pliages et d\u00e9pliages. Il consid\u00e8re la mobilit\u00e9 de la toile \u00e0 travers les relations entre texture, couleurs, pliures. D\u00e8s 1972, Arnal oppose des surfaces monochromes, dilu\u00e9es au centre par de l&#8217;essence, fait r\u00e9-intervenir le pinceau, l&#8217;eau et l&#8217;huile.<\/p>\t\t\t\t\t\t\t\t<\/div>\n\t\t\t\t<\/div>\n\t\t\t\t\t<\/div>\n\t\t<\/div>\n\t\t\t\t\t<\/div>\n\t\t<\/section>\n\t\t\t\t<section class=\"elementor-section elementor-top-section elementor-element elementor-element-2f1ef6e elementor-section-boxed elementor-section-height-default elementor-section-height-default exad-glass-effect-no exad-sticky-section-no\" data-id=\"2f1ef6e\" data-element_type=\"section\" data-e-type=\"section\">\n\t\t\t\t\t\t<div class=\"elementor-container elementor-column-gap-default\">\n\t\t\t\t\t<div class=\"elementor-column elementor-col-100 elementor-top-column elementor-element elementor-element-cebd068 exad-glass-effect-no exad-sticky-section-no\" data-id=\"cebd068\" data-element_type=\"column\" data-e-type=\"column\">\n\t\t\t<div class=\"elementor-widget-wrap elementor-element-populated\">\n\t\t\t\t\t\t<div class=\"elementor-element elementor-element-bc3f99f exad-sticky-section-no exad-glass-effect-no elementor-widget elementor-widget-text-editor\" data-id=\"bc3f99f\" data-element_type=\"widget\" data-e-type=\"widget\" data-widget_type=\"text-editor.default\">\n\t\t\t\t<div class=\"elementor-widget-container\">\n\t\t\t\t\t\t\t\t\t<p><strong><u>Informations d\u00e9taill\u00e9es<\/u> :<\/strong><br \/><br \/><\/p><div class=\"lignecode\"><strong>Nom de l&#8217;artiste : <\/strong>ARNAL Andr\u00e9-Pierre<\/div><div class=\"lignecode\"><strong>Genre : <\/strong>Photographie<br \/><strong> Domaine 1 : <\/strong>Artistique <br \/><strong> Domaine 2 : <\/strong>Autre Philosiphique<\/div><div class=\"lignecode\"><strong>Datation :<\/strong> 1973 \/ 0 \/ 0 <br \/><strong>P\u00e9riode : <\/strong>P\u00e9riode contemporaine (1789 \u00e0 nos jours) <br \/><strong>Provenance : <\/strong>Vente Charbonneaux Drouot <\/div><div class=\"lignecode\"><strong>Dimensions :<\/strong> Hauteur : 2,14 m ; largeur : 2,16 m <br \/><strong>Mati\u00e8re : <\/strong>Peinture \u00e0 l&#8217;eau et glyc\u00e9rophtalique sur toile <br \/><strong> Technique : <\/strong>Peinture<\/div><div class=\"lignecode\"><strong>Commission : <\/strong>1991 <br \/><strong>N\u00b0 inventaire : <\/strong>990.13.3<\/div><p>\u00a0<\/p><div class=\"lignecode\"><strong>Bibliographie expositions : <\/strong>Andr\u00e9-Pierre ARNAL &#8211; Chemins dans la couleur.- Arles, Actes Sud, 1999, 72 p.<br \/>Andr\u00e9 Pierre ARNAL &#8211; Le champ travers\u00e9.- Arles, Actes Sud, 1996 n.p.<br \/>Exposition &#8220;Chemins dans la couleur&#8221;, Martigues, Mus\u00e9e Ziem, 02.07.1999 &#8211; 10.10.1999<\/div>\t\t\t\t\t\t\t\t<\/div>\n\t\t\t\t<\/div>\n\t\t\t\t\t<\/div>\n\t\t<\/div>\n\t\t\t\t\t<\/div>\n\t\t<\/section>\n\t\t\t\t<\/div>\n\t\t","protected":false},"excerpt":{"rendered":"<p>Toile libre Andr\u00e9-Pierre Arnal vit et travaille \u00e0 Montpellier. A la fois th\u00e9oricien et peintre, repr\u00e9sentant de l&#8217;art informel, Arnal envisage la probl\u00e9matique de la mat\u00e9rialit\u00e9 de la peinture. Son&hellip; <\/p>\n","protected":false},"author":1,"featured_media":11649,"comment_status":"closed","ping_status":"closed","sticky":false,"template":"","format":"standard","meta":{"_acf_changed":false,"_bbp_topic_count":0,"_bbp_reply_count":0,"_bbp_total_topic_count":0,"_bbp_total_reply_count":0,"_bbp_voice_count":0,"_bbp_anonymous_reply_count":0,"_bbp_topic_count_hidden":0,"_bbp_reply_count_hidden":0,"_bbp_forum_subforum_count":0,"iawp_total_views":3,"footnotes":""},"categories":[89],"tags":[90],"class_list":["post-11646","post","type-post","status-publish","format-standard","has-post-thumbnail","hentry","category-fram","tag-90"],"acf":[],"_links":{"self":[{"href":"http:\/\/www.musees-mediterranee.org\/index.php\/wp-json\/wp\/v2\/posts\/11646","targetHints":{"allow":["GET"]}}],"collection":[{"href":"http:\/\/www.musees-mediterranee.org\/index.php\/wp-json\/wp\/v2\/posts"}],"about":[{"href":"http:\/\/www.musees-mediterranee.org\/index.php\/wp-json\/wp\/v2\/types\/post"}],"author":[{"embeddable":true,"href":"http:\/\/www.musees-mediterranee.org\/index.php\/wp-json\/wp\/v2\/users\/1"}],"replies":[{"embeddable":true,"href":"http:\/\/www.musees-mediterranee.org\/index.php\/wp-json\/wp\/v2\/comments?post=11646"}],"version-history":[{"count":0,"href":"http:\/\/www.musees-mediterranee.org\/index.php\/wp-json\/wp\/v2\/posts\/11646\/revisions"}],"wp:featuredmedia":[{"embeddable":true,"href":"http:\/\/www.musees-mediterranee.org\/index.php\/wp-json\/wp\/v2\/media\/11649"}],"wp:attachment":[{"href":"http:\/\/www.musees-mediterranee.org\/index.php\/wp-json\/wp\/v2\/media?parent=11646"}],"wp:term":[{"taxonomy":"category","embeddable":true,"href":"http:\/\/www.musees-mediterranee.org\/index.php\/wp-json\/wp\/v2\/categories?post=11646"},{"taxonomy":"post_tag","embeddable":true,"href":"http:\/\/www.musees-mediterranee.org\/index.php\/wp-json\/wp\/v2\/tags?post=11646"}],"curies":[{"name":"wp","href":"https:\/\/api.w.org\/{rel}","templated":true}]}}