{"id":1143,"date":"2019-11-18T10:20:26","date_gmt":"2019-11-18T09:20:26","guid":{"rendered":"http:\/\/www.musees-mediterranee.org\/?p=1143"},"modified":"2026-02-03T11:45:57","modified_gmt":"2026-02-03T10:45:57","slug":"route-des-voconces","status":"publish","type":"post","link":"http:\/\/www.musees-mediterranee.org\/index.php\/2019\/11\/18\/route-des-voconces\/","title":{"rendered":"Route des Voconces"},"content":{"rendered":"\t\t<div data-elementor-type=\"wp-post\" data-elementor-id=\"1143\" class=\"elementor elementor-1143\" data-elementor-post-type=\"post\">\n\t\t\t\t\t\t<section class=\"elementor-section elementor-top-section elementor-element elementor-element-3ddde96 elementor-section-boxed elementor-section-height-default elementor-section-height-default exad-glass-effect-no exad-sticky-section-no\" data-id=\"3ddde96\" data-element_type=\"section\" data-e-type=\"section\" data-settings=\"{&quot;background_background&quot;:&quot;classic&quot;}\">\n\t\t\t\t\t\t\t<div class=\"elementor-background-overlay\"><\/div>\n\t\t\t\t\t\t\t<div class=\"elementor-container elementor-column-gap-default\">\n\t\t\t\t\t<div class=\"elementor-column elementor-col-100 elementor-top-column elementor-element elementor-element-51e2f18 exad-glass-effect-no exad-sticky-section-no\" data-id=\"51e2f18\" data-element_type=\"column\" data-e-type=\"column\">\n\t\t\t<div class=\"elementor-widget-wrap elementor-element-populated\">\n\t\t\t\t\t\t<div class=\"elementor-element elementor-element-022e224 exad-sticky-section-no exad-glass-effect-no elementor-widget elementor-widget-heading\" data-id=\"022e224\" data-element_type=\"widget\" data-e-type=\"widget\" data-widget_type=\"heading.default\">\n\t\t\t\t<div class=\"elementor-widget-container\">\n\t\t\t\t\t<h2 class=\"elementor-heading-title elementor-size-default\">Autour des Voconces\n<\/h2>\t\t\t\t<\/div>\n\t\t\t\t<\/div>\n\t\t\t\t<div class=\"elementor-element elementor-element-870b37c exad-sticky-section-no exad-glass-effect-no elementor-widget elementor-widget-heading\" data-id=\"870b37c\" data-element_type=\"widget\" data-e-type=\"widget\" data-widget_type=\"heading.default\">\n\t\t\t\t<div class=\"elementor-widget-container\">\n\t\t\t\t\t<h2 class=\"elementor-heading-title elementor-size-default\">Objets de Cultes Gaulois et Romains entre Rh\u00f4ne et Alpes<\/h2>\t\t\t\t<\/div>\n\t\t\t\t<\/div>\n\t\t\t\t\t<\/div>\n\t\t<\/div>\n\t\t\t\t\t<\/div>\n\t\t<\/section>\n\t\t\t\t<section class=\"elementor-section elementor-top-section elementor-element elementor-element-5d6d3fe elementor-section-boxed elementor-section-height-default elementor-section-height-default exad-glass-effect-no exad-sticky-section-no\" data-id=\"5d6d3fe\" data-element_type=\"section\" data-e-type=\"section\">\n\t\t\t\t\t\t<div class=\"elementor-container elementor-column-gap-default\">\n\t\t\t\t\t<div class=\"elementor-column elementor-col-100 elementor-top-column elementor-element elementor-element-63f3df3 exad-glass-effect-no exad-sticky-section-no\" data-id=\"63f3df3\" data-element_type=\"column\" data-e-type=\"column\">\n\t\t\t<div class=\"elementor-widget-wrap elementor-element-populated\">\n\t\t\t\t\t\t<div class=\"elementor-element elementor-element-89f9618 exad-sticky-section-no exad-glass-effect-no elementor-widget elementor-widget-text-editor\" data-id=\"89f9618\" data-element_type=\"widget\" data-e-type=\"widget\" data-widget_type=\"text-editor.default\">\n\t\t\t\t<div class=\"elementor-widget-container\">\n\t\t\t\t\t\t\t\t\tLa route th\u00e9matique \u00ab <span style=\"color: #008080;\"><strong>Autour des Voconces \u2013 Rites Gaulois et Romains entre Rh\u00f4ne et Alpes<\/strong><\/span> \u00bb est un projet collectif de recherche et l\u2019inventaire de milliers d\u2019objets conserv\u00e9s dans des r\u00e9serves, accompagn\u00e9 d\u2019\u00e9tudes r\u00e9alis\u00e9es par des arch\u00e9ologues et des conservateurs, et de plus de 10 000 photographies.\t\t\t\t\t\t\t\t<\/div>\n\t\t\t\t<\/div>\n\t\t\t\t\t<\/div>\n\t\t<\/div>\n\t\t\t\t\t<\/div>\n\t\t<\/section>\n\t\t\t\t<section class=\"elementor-section elementor-top-section elementor-element elementor-element-46a678a elementor-section-boxed elementor-section-height-default elementor-section-height-default exad-glass-effect-no exad-sticky-section-no\" data-id=\"46a678a\" data-element_type=\"section\" data-e-type=\"section\">\n\t\t\t\t\t\t<div class=\"elementor-container elementor-column-gap-default\">\n\t\t\t\t\t<div class=\"elementor-column elementor-col-100 elementor-top-column elementor-element elementor-element-6315537 exad-glass-effect-no exad-sticky-section-no\" data-id=\"6315537\" data-element_type=\"column\" data-e-type=\"column\">\n\t\t\t<div class=\"elementor-widget-wrap elementor-element-populated\">\n\t\t\t\t\t\t<div class=\"elementor-element elementor-element-06e4c31 exad-sticky-section-no exad-glass-effect-no elementor-widget elementor-widget-text-editor\" data-id=\"06e4c31\" data-element_type=\"widget\" data-e-type=\"widget\" data-widget_type=\"text-editor.default\">\n\t\t\t\t<div class=\"elementor-widget-container\">\n\t\t\t\t\t\t\t\t\t<p>Ces objets proviennent d\u2019une vingtaine de sites o\u00f9 ont \u00e9t\u00e9 identifi\u00e9s des sanctuaires, la plupart \u00e9tant localis\u00e9s sur le territoire du peuple <strong><span style=\"color: #008080;\">Voconce<\/span><\/strong>, quelques sites \u00e9tant sur les territoires des <span style=\"color: #008080;\"><strong>Albici<\/strong><\/span> et des <strong><span style=\"color: #008080;\">Salyens<\/span><\/strong>. Comme les sites du <strong><span style=\"color: #008080;\">Chastelard de Lardier<\/span><\/strong>, La <strong><span style=\"color: #008080;\">B\u00e2tie-Monsal\u00e9on, Lioux, Lachau, L\u2019Oppidum de La Cloche<\/span><\/strong>\u2026 Ces objets illustrent les pratiques rituelles au cours du second \u00e2ge du Fer (Ve-Ie si\u00e8cles avant notre \u00e8re) et \u00e0 l\u2019\u00e9poque romaine.<\/p><p>Jusqu\u2019alors m\u00e9connus du public, amateurs comme scientifiques, ces objets n\u2019ont jamais \u00e9t\u00e9 expos\u00e9s ni photographi\u00e9s pour leur grande majorit\u00e9.<\/p><p>C\u2019est pourquoi une route arch\u00e9ologique a \u00e9t\u00e9 trac\u00e9e pour d\u00e9couvrir les collections d\u2019un mus\u00e9e \u00e0 l\u2019autre autour du th\u00e8me \u00ab <em>Objets de cultes gaulois et romains entre Rh\u00f4ne et Alpes<\/em> \u00bb. Cet itin\u00e9raire est programm\u00e9 tout au long de 2016 et 2017 pour des d\u00e9couvertes successives.<\/p><p>Ces expositions mettent en lumi\u00e8re les liens entre les enclos sacr\u00e9s et les aires rituelles gallo romaines gr\u00e2ce \u00e0 la comparaison d\u2019assemblage d\u2019objets et offrandes caract\u00e9ristiques.<\/p>\t\t\t\t\t\t\t\t<\/div>\n\t\t\t\t<\/div>\n\t\t\t\t\t<\/div>\n\t\t<\/div>\n\t\t\t\t\t<\/div>\n\t\t<\/section>\n\t\t\t\t<section class=\"elementor-section elementor-top-section elementor-element elementor-element-8a65d88 elementor-section-boxed elementor-section-height-default elementor-section-height-default exad-glass-effect-no exad-sticky-section-no\" data-id=\"8a65d88\" data-element_type=\"section\" data-e-type=\"section\" data-settings=\"{&quot;background_background&quot;:&quot;classic&quot;}\">\n\t\t\t\t\t\t\t<div class=\"elementor-background-overlay\"><\/div>\n\t\t\t\t\t\t\t<div class=\"elementor-container elementor-column-gap-default\">\n\t\t\t\t\t<div class=\"elementor-column elementor-col-100 elementor-top-column elementor-element elementor-element-712a3a8 exad-glass-effect-no exad-sticky-section-no\" data-id=\"712a3a8\" data-element_type=\"column\" data-e-type=\"column\">\n\t\t\t<div class=\"elementor-widget-wrap elementor-element-populated\">\n\t\t\t\t\t\t<div class=\"elementor-element elementor-element-6e5e950 exad-sticky-section-no exad-glass-effect-no elementor-widget elementor-widget-heading\" data-id=\"6e5e950\" data-element_type=\"widget\" data-e-type=\"widget\" data-widget_type=\"heading.default\">\n\t\t\t\t<div class=\"elementor-widget-container\">\n\t\t\t\t\t<h2 class=\"elementor-heading-title elementor-size-default\">Le Calendrier des Expositions\n<\/h2>\t\t\t\t<\/div>\n\t\t\t\t<\/div>\n\t\t\t\t\t<\/div>\n\t\t<\/div>\n\t\t\t\t\t<\/div>\n\t\t<\/section>\n\t\t\t\t<section class=\"elementor-section elementor-top-section elementor-element elementor-element-d43f72f elementor-section-boxed elementor-section-height-default elementor-section-height-default exad-glass-effect-no exad-sticky-section-no\" data-id=\"d43f72f\" data-element_type=\"section\" data-e-type=\"section\">\n\t\t\t\t\t\t<div class=\"elementor-container elementor-column-gap-default\">\n\t\t\t\t\t<div class=\"elementor-column elementor-col-50 elementor-top-column elementor-element elementor-element-c8d833c exad-glass-effect-no exad-sticky-section-no\" data-id=\"c8d833c\" data-element_type=\"column\" data-e-type=\"column\">\n\t\t\t<div class=\"elementor-widget-wrap elementor-element-populated\">\n\t\t\t\t\t\t<div class=\"elementor-element elementor-element-1e62537 exad-sticky-section-no exad-glass-effect-no elementor-widget elementor-widget-image\" data-id=\"1e62537\" data-element_type=\"widget\" data-e-type=\"widget\" data-widget_type=\"image.default\">\n\t\t\t\t<div class=\"elementor-widget-container\">\n\t\t\t\t\t\t\t\t\t\t\t\t\t\t\t<img fetchpriority=\"high\" decoding=\"async\" width=\"700\" height=\"525\" src=\"http:\/\/www.musees-mediterranee.org\/wp-content\/uploads\/2019\/11\/Vaison.jpg\" class=\"attachment-large size-large wp-image-1159\" alt=\"\" srcset=\"http:\/\/www.musees-mediterranee.org\/wp-content\/uploads\/2019\/11\/Vaison.jpg 1000w, http:\/\/www.musees-mediterranee.org\/wp-content\/uploads\/2019\/11\/Vaison-300x225.jpg 300w, http:\/\/www.musees-mediterranee.org\/wp-content\/uploads\/2019\/11\/Vaison-768x576.jpg 768w\" sizes=\"(max-width: 700px) 100vw, 700px\" \/>\t\t\t\t\t\t\t\t\t\t\t\t\t\t\t<\/div>\n\t\t\t\t<\/div>\n\t\t\t\t\t<\/div>\n\t\t<\/div>\n\t\t\t\t<div class=\"elementor-column elementor-col-50 elementor-top-column elementor-element elementor-element-787a008 exad-glass-effect-no exad-sticky-section-no\" data-id=\"787a008\" data-element_type=\"column\" data-e-type=\"column\">\n\t\t\t<div class=\"elementor-widget-wrap elementor-element-populated\">\n\t\t\t\t\t\t<div class=\"elementor-element elementor-element-637491b exad-sticky-section-no exad-glass-effect-no elementor-widget elementor-widget-text-editor\" data-id=\"637491b\" data-element_type=\"widget\" data-e-type=\"widget\" data-widget_type=\"text-editor.default\">\n\t\t\t\t<div class=\"elementor-widget-container\">\n\t\t\t\t\t\t\t\t\t<h5>Mus\u00e9e Th\u00e9o-Desplans \u2013 Site antique de Puymin, Vaison la Romaine dans le Vaucluse<\/h5><p>Rites gaulois et romains entre Rh\u00f4ne et Alpes. Ces dieux qui intriguent.<br \/>Du 04 mai au 30 septembre 2016<\/p><p><a href=\"http:\/\/www.vaison-la-romaine.com\/spip.php?rubrique=32\" target=\"_blank\" rel=\"noopener\">Le mus\u00e9e Th\u00e9o Desplans<\/a> accueille cette exposition qui compl\u00e8te les objets et les vestiges des espaces religieux de Vasio Julia Vocontiorum, ancienne capitale sud de la grande conf\u00e9d\u00e9ration voconce. Elle permet de faire le point sur les derni\u00e8res d\u00e9couvertes arch\u00e9ologiques et la r\u00e9interpr\u00e9tation de fouilles anciennes publi\u00e9es en janvier 2016 dans le catalogue \u00ab Objets de cultes gaulois et romains entre Rh\u00f4ne et Alpes \u00bb, aux \u00e9ditions errance (sous la direction de Nicolas Rouzeau, Ing\u00e9nieur d\u2019\u00e9tudes au service r\u00e9gional de l\u2019arch\u00e9ologie, Drac Paca, et Mich\u00e8le Bois, association Arch\u00e9o-Dr\u00f4me).<\/p>\t\t\t\t\t\t\t\t<\/div>\n\t\t\t\t<\/div>\n\t\t\t\t\t<\/div>\n\t\t<\/div>\n\t\t\t\t\t<\/div>\n\t\t<\/section>\n\t\t\t\t<section class=\"elementor-section elementor-top-section elementor-element elementor-element-b3d21be elementor-section-boxed elementor-section-height-default elementor-section-height-default exad-glass-effect-no exad-sticky-section-no\" data-id=\"b3d21be\" data-element_type=\"section\" data-e-type=\"section\">\n\t\t\t\t\t\t<div class=\"elementor-container elementor-column-gap-default\">\n\t\t\t\t\t<div class=\"elementor-column elementor-col-100 elementor-top-column elementor-element elementor-element-a115d21 exad-glass-effect-no exad-sticky-section-no\" data-id=\"a115d21\" data-element_type=\"column\" data-e-type=\"column\">\n\t\t\t<div class=\"elementor-widget-wrap elementor-element-populated\">\n\t\t\t\t\t\t<div class=\"elementor-element elementor-element-e28d923 elementor-widget-divider--view-line exad-sticky-section-no exad-glass-effect-no elementor-widget elementor-widget-divider\" data-id=\"e28d923\" data-element_type=\"widget\" data-e-type=\"widget\" data-widget_type=\"divider.default\">\n\t\t\t\t<div class=\"elementor-widget-container\">\n\t\t\t\t\t\t\t<div class=\"elementor-divider\">\n\t\t\t<span class=\"elementor-divider-separator\">\n\t\t\t\t\t\t<\/span>\n\t\t<\/div>\n\t\t\t\t\t\t<\/div>\n\t\t\t\t<\/div>\n\t\t\t\t\t<\/div>\n\t\t<\/div>\n\t\t\t\t\t<\/div>\n\t\t<\/section>\n\t\t\t\t<section class=\"elementor-section elementor-top-section elementor-element elementor-element-c40d617 elementor-section-boxed elementor-section-height-default elementor-section-height-default exad-glass-effect-no exad-sticky-section-no\" data-id=\"c40d617\" data-element_type=\"section\" data-e-type=\"section\">\n\t\t\t\t\t\t<div class=\"elementor-container elementor-column-gap-default\">\n\t\t\t\t\t<div class=\"elementor-column elementor-col-50 elementor-top-column elementor-element elementor-element-1129d92 exad-glass-effect-no exad-sticky-section-no\" data-id=\"1129d92\" data-element_type=\"column\" data-e-type=\"column\">\n\t\t\t<div class=\"elementor-widget-wrap elementor-element-populated\">\n\t\t\t\t\t\t<div class=\"elementor-element elementor-element-90f7211 exad-sticky-section-no exad-glass-effect-no elementor-widget elementor-widget-image\" data-id=\"90f7211\" data-element_type=\"widget\" data-e-type=\"widget\" data-widget_type=\"image.default\">\n\t\t\t\t<div class=\"elementor-widget-container\">\n\t\t\t\t\t\t\t\t\t\t\t\t\t\t\t<img decoding=\"async\" width=\"680\" height=\"335\" src=\"http:\/\/www.musees-mediterranee.org\/wp-content\/uploads\/2019\/11\/Apt4.jpg\" class=\"attachment-large size-large wp-image-1161\" alt=\"\" srcset=\"http:\/\/www.musees-mediterranee.org\/wp-content\/uploads\/2019\/11\/Apt4.jpg 680w, http:\/\/www.musees-mediterranee.org\/wp-content\/uploads\/2019\/11\/Apt4-300x148.jpg 300w\" sizes=\"(max-width: 680px) 100vw, 680px\" \/>\t\t\t\t\t\t\t\t\t\t\t\t\t\t\t<\/div>\n\t\t\t\t<\/div>\n\t\t\t\t\t<\/div>\n\t\t<\/div>\n\t\t\t\t<div class=\"elementor-column elementor-col-50 elementor-top-column elementor-element elementor-element-0bd730a exad-glass-effect-no exad-sticky-section-no\" data-id=\"0bd730a\" data-element_type=\"column\" data-e-type=\"column\">\n\t\t\t<div class=\"elementor-widget-wrap elementor-element-populated\">\n\t\t\t\t\t\t<div class=\"elementor-element elementor-element-08b7c09 exad-sticky-section-no exad-glass-effect-no elementor-widget elementor-widget-text-editor\" data-id=\"08b7c09\" data-element_type=\"widget\" data-e-type=\"widget\" data-widget_type=\"text-editor.default\">\n\t\t\t\t<div class=\"elementor-widget-container\">\n\t\t\t\t\t\t\t\t\t<h5>Mus\u00e9e de l\u2019arch\u00e9ologie et de l\u2019Aventure Industrielle \u2013 Apt dans le Vaucluse<\/h5><p>Quoi de neuf en arch\u00e9ologie en pays d\u2019Apt ? Rites gaulois et romains entre Rh\u00f4ne et Alpes<br \/>Du 01 juillet au 03 d\u00e9cembre 2016<\/p><p><a href=\"http:\/\/www.apt.fr\/Le-Musee-de-l-Aventure.html\" target=\"_blank\" rel=\"noopener\">Le mus\u00e9e d\u2019arch\u00e9ologie et de l\u2019aventure industrielle<\/a> pr\u00e9sentera le mobilier du sanctuaire du <span style=\"color: #008080;\"><strong>Chastelard<\/strong><\/span> de Lardiers, o\u00f9 des dizaines de milliers de lampes \u00e0 huile et d\u2019objets sacrifi\u00e9s ont \u00e9t\u00e9 mis au jour. Une exp\u00e9rience d\u2019impression en trois dimensions de la restitution du temple de Lardier sera propos\u00e9e. L\u2019exposition sera compl\u00e9t\u00e9e par une pr\u00e9sentation de l\u2019\u00e9tude anthropologique conduite sur les restes humains contenus dans les urnes cin\u00e9raires provenant des n\u00e9cropoles antiques d\u2019<strong><span style=\"color: #008080;\">Apta Julia<\/span><\/strong>. A cette occasion seront pr\u00e9sent\u00e9s les vestiges provenant des fouilles r\u00e9centes faites \u00e0 <strong><span style=\"color: #008080;\">Apt et \u00e0 Gargas<\/span><\/strong>.<\/p><p>\u00a0<\/p>\t\t\t\t\t\t\t\t<\/div>\n\t\t\t\t<\/div>\n\t\t\t\t\t<\/div>\n\t\t<\/div>\n\t\t\t\t\t<\/div>\n\t\t<\/section>\n\t\t\t\t<section class=\"elementor-section elementor-top-section elementor-element elementor-element-b19a7be elementor-section-boxed elementor-section-height-default elementor-section-height-default exad-glass-effect-no exad-sticky-section-no\" data-id=\"b19a7be\" data-element_type=\"section\" data-e-type=\"section\">\n\t\t\t\t\t\t<div class=\"elementor-container elementor-column-gap-default\">\n\t\t\t\t\t<div class=\"elementor-column elementor-col-100 elementor-top-column elementor-element elementor-element-7c36430 exad-glass-effect-no exad-sticky-section-no\" data-id=\"7c36430\" data-element_type=\"column\" data-e-type=\"column\">\n\t\t\t<div class=\"elementor-widget-wrap elementor-element-populated\">\n\t\t\t\t\t\t<div class=\"elementor-element elementor-element-e1258a8 elementor-widget-divider--view-line exad-sticky-section-no exad-glass-effect-no elementor-widget elementor-widget-divider\" data-id=\"e1258a8\" data-element_type=\"widget\" data-e-type=\"widget\" data-widget_type=\"divider.default\">\n\t\t\t\t<div class=\"elementor-widget-container\">\n\t\t\t\t\t\t\t<div class=\"elementor-divider\">\n\t\t\t<span class=\"elementor-divider-separator\">\n\t\t\t\t\t\t<\/span>\n\t\t<\/div>\n\t\t\t\t\t\t<\/div>\n\t\t\t\t<\/div>\n\t\t\t\t\t<\/div>\n\t\t<\/div>\n\t\t\t\t\t<\/div>\n\t\t<\/section>\n\t\t\t\t<section class=\"elementor-section elementor-top-section elementor-element elementor-element-d07b84d elementor-section-boxed elementor-section-height-default elementor-section-height-default exad-glass-effect-no exad-sticky-section-no\" data-id=\"d07b84d\" data-element_type=\"section\" data-e-type=\"section\">\n\t\t\t\t\t\t<div class=\"elementor-container elementor-column-gap-default\">\n\t\t\t\t\t<div class=\"elementor-column elementor-col-50 elementor-top-column elementor-element elementor-element-cca25ee exad-glass-effect-no exad-sticky-section-no\" data-id=\"cca25ee\" data-element_type=\"column\" data-e-type=\"column\">\n\t\t\t<div class=\"elementor-widget-wrap elementor-element-populated\">\n\t\t\t\t\t\t<div class=\"elementor-element elementor-element-653d995 exad-sticky-section-no exad-glass-effect-no elementor-widget elementor-widget-image\" data-id=\"653d995\" data-element_type=\"widget\" data-e-type=\"widget\" data-widget_type=\"image.default\">\n\t\t\t\t<div class=\"elementor-widget-container\">\n\t\t\t\t\t\t\t\t\t\t\t\t\t\t\t<img decoding=\"async\" width=\"700\" height=\"429\" src=\"http:\/\/www.musees-mediterranee.org\/wp-content\/uploads\/2019\/11\/Gap1.jpg\" class=\"attachment-large size-large wp-image-1164\" alt=\"\" srcset=\"http:\/\/www.musees-mediterranee.org\/wp-content\/uploads\/2019\/11\/Gap1.jpg 1000w, http:\/\/www.musees-mediterranee.org\/wp-content\/uploads\/2019\/11\/Gap1-300x184.jpg 300w, http:\/\/www.musees-mediterranee.org\/wp-content\/uploads\/2019\/11\/Gap1-768x471.jpg 768w\" sizes=\"(max-width: 700px) 100vw, 700px\" \/>\t\t\t\t\t\t\t\t\t\t\t\t\t\t\t<\/div>\n\t\t\t\t<\/div>\n\t\t\t\t\t<\/div>\n\t\t<\/div>\n\t\t\t\t<div class=\"elementor-column elementor-col-50 elementor-top-column elementor-element elementor-element-eaebac5 exad-glass-effect-no exad-sticky-section-no\" data-id=\"eaebac5\" data-element_type=\"column\" data-e-type=\"column\">\n\t\t\t<div class=\"elementor-widget-wrap elementor-element-populated\">\n\t\t\t\t\t\t<div class=\"elementor-element elementor-element-981cea9 exad-sticky-section-no exad-glass-effect-no elementor-widget elementor-widget-text-editor\" data-id=\"981cea9\" data-element_type=\"widget\" data-e-type=\"widget\" data-widget_type=\"text-editor.default\">\n\t\t\t\t<div class=\"elementor-widget-container\">\n\t\t\t\t\t\t\t\t\t<h5>Mus\u00e9e Museum D\u00e9partemental \u2013 Gap dans les Hautes Alpes<\/h5><p>Les sanctuaires de la vall\u00e9e du Bu\u00ebch<br \/>Du 05 novembre 2016 au 30 septembre 2017.<\/p><p>Au <a href=\"https:\/\/museum.hautes-alpes.fr\/\" target=\"_blank\" rel=\"noopener\">mus\u00e9e-mus\u00e9um d\u00e9partemental de Gap<\/a> le th\u00e8me des cultes fera d\u00e9couvrir les sanctuaires du <strong><span style=\"color: #008080;\">Bu\u00ebch<\/span><\/strong>. L\u2019un des plus importants sanctuaires r\u00e9gionaux, celui de <span style=\"color: #008080;\"><strong>La B\u00e2tie-Montsal\u00e9on<\/strong><\/span>, comprend un grand temple imp\u00e9rial dans une enceinte sacr\u00e9e de 80 m\u00e8tres de c\u00f4t\u00e9 ainsi qu\u2019un sanctuaire indig\u00e8ne fouill\u00e9 r\u00e9cemment qui fait face \u00e0 une grande domus. Cet ensemble sera \u00e9voqu\u00e9 par une grande maquette. L\u2019exposition montrera les miniatures d\u2019outils agraires laiss\u00e9e en offrande dans le temple de <strong><span style=\"color: #008080;\">Saint-Cyrice<\/span><\/strong>, les c\u00e9ramiques r\u00e9duites des sanctuaires de <strong><span style=\"color: #008080;\">Peyruis<\/span><\/strong> et d\u2019<strong><span style=\"color: #008080;\">Orpierre<\/span><\/strong>, ainsi que des autels, des verreries et des anath\u00e8mes.<\/p>\t\t\t\t\t\t\t\t<\/div>\n\t\t\t\t<\/div>\n\t\t\t\t\t<\/div>\n\t\t<\/div>\n\t\t\t\t\t<\/div>\n\t\t<\/section>\n\t\t\t\t<section class=\"elementor-section elementor-top-section elementor-element elementor-element-16761e9 elementor-section-boxed elementor-section-height-default elementor-section-height-default exad-glass-effect-no exad-sticky-section-no\" data-id=\"16761e9\" data-element_type=\"section\" data-e-type=\"section\" data-settings=\"{&quot;background_background&quot;:&quot;classic&quot;}\">\n\t\t\t\t\t\t\t<div class=\"elementor-background-overlay\"><\/div>\n\t\t\t\t\t\t\t<div class=\"elementor-container elementor-column-gap-default\">\n\t\t\t\t\t<div class=\"elementor-column elementor-col-100 elementor-top-column elementor-element elementor-element-3248199 exad-glass-effect-no exad-sticky-section-no\" data-id=\"3248199\" data-element_type=\"column\" data-e-type=\"column\">\n\t\t\t<div class=\"elementor-widget-wrap elementor-element-populated\">\n\t\t\t\t\t\t<div class=\"elementor-element elementor-element-e74f533 exad-sticky-section-no exad-glass-effect-no elementor-widget elementor-widget-heading\" data-id=\"e74f533\" data-element_type=\"widget\" data-e-type=\"widget\" data-widget_type=\"heading.default\">\n\t\t\t\t<div class=\"elementor-widget-container\">\n\t\t\t\t\t<h2 class=\"elementor-heading-title elementor-size-default\">Un Objet \u00c9nigmatique\n<\/h2>\t\t\t\t<\/div>\n\t\t\t\t<\/div>\n\t\t\t\t\t<\/div>\n\t\t<\/div>\n\t\t\t\t\t<\/div>\n\t\t<\/section>\n\t\t\t\t<section class=\"elementor-section elementor-top-section elementor-element elementor-element-59ae1ab elementor-section-boxed elementor-section-height-default elementor-section-height-default exad-glass-effect-no exad-sticky-section-no\" data-id=\"59ae1ab\" data-element_type=\"section\" data-e-type=\"section\">\n\t\t\t\t\t\t<div class=\"elementor-container elementor-column-gap-default\">\n\t\t\t\t\t<div class=\"elementor-column elementor-col-50 elementor-top-column elementor-element elementor-element-7e4b7e3 exad-glass-effect-no exad-sticky-section-no\" data-id=\"7e4b7e3\" data-element_type=\"column\" data-e-type=\"column\">\n\t\t\t<div class=\"elementor-widget-wrap elementor-element-populated\">\n\t\t\t\t\t\t<div class=\"elementor-element elementor-element-c0a1ba1 exad-sticky-section-no exad-glass-effect-no elementor-widget elementor-widget-image\" data-id=\"c0a1ba1\" data-element_type=\"widget\" data-e-type=\"widget\" data-widget_type=\"image.default\">\n\t\t\t\t<div class=\"elementor-widget-container\">\n\t\t\t\t\t\t\t\t\t\t\t\t\t\t\t<img loading=\"lazy\" decoding=\"async\" width=\"700\" height=\"1013\" src=\"http:\/\/www.musees-mediterranee.org\/wp-content\/uploads\/2019\/11\/Anatheme.jpg\" class=\"attachment-large size-large wp-image-1166\" alt=\"\" srcset=\"http:\/\/www.musees-mediterranee.org\/wp-content\/uploads\/2019\/11\/Anatheme.jpg 700w, http:\/\/www.musees-mediterranee.org\/wp-content\/uploads\/2019\/11\/Anatheme-207x300.jpg 207w\" sizes=\"(max-width: 700px) 100vw, 700px\" \/>\t\t\t\t\t\t\t\t\t\t\t\t\t\t\t<\/div>\n\t\t\t\t<\/div>\n\t\t\t\t\t<\/div>\n\t\t<\/div>\n\t\t\t\t<div class=\"elementor-column elementor-col-50 elementor-top-column elementor-element elementor-element-a8e37f1 exad-glass-effect-no exad-sticky-section-no\" data-id=\"a8e37f1\" data-element_type=\"column\" data-e-type=\"column\">\n\t\t\t<div class=\"elementor-widget-wrap elementor-element-populated\">\n\t\t\t\t\t\t<div class=\"elementor-element elementor-element-f1d3fa7 exad-sticky-section-no exad-glass-effect-no elementor-widget elementor-widget-text-editor\" data-id=\"f1d3fa7\" data-element_type=\"widget\" data-e-type=\"widget\" data-widget_type=\"text-editor.default\">\n\t\t\t\t<div class=\"elementor-widget-container\">\n\t\t\t\t\t\t\t\t\t<h5>Les Anath\u00e8mess<\/h5><p>Les anath\u00e8mes sont des objets d\u00e9truits ou des victimes immol\u00e9es, offerts en expiation \u00e0 une divinit\u00e9 : le sanctuaire de Lardiers en conserve des milliers, dont des octa\u00e8dres.<\/p><p><strong><span style=\"color: #008080;\">Dimension moyenne<\/span><\/strong> : 1cm. Alliage cuivreux.<\/p><p><strong><span style=\"color: #008080;\">D\u2019o\u00f9 viennent ces objets ?<\/span><\/strong><\/p><p>Les vestiges architecturaux ne sont pas toujours conserv\u00e9s, ou de fa\u00e7on lacunaire. Les photographies et les dessins de fouilles constituent des archives et font partie de l\u2019histoire du site ; elles sont int\u00e9gr\u00e9es dans les expositions.<\/p><p>Mais certains sites sont class\u00e9s au titre de monuments historiques et peuvent \u00eatre visit\u00e9s. Cette route se veut une navette entre les collections et les monuments historiques, les mus\u00e9es et les sites. Le mod\u00e8le r\u00e9duit du temple de Ch\u00e2teau-Bas, \u00e0 Vern\u00e8gues conduit vers le temple lui-m\u00eame (Bouches-du-Rh\u00f4ne).<\/p><p><strong><span style=\"color: #008080;\">Une anecdote : le travail du conservateur.<\/span><\/strong><\/p><p>Les missions d\u2019un conservateur sont d\u2019inventorier et d\u2019\u00e9tudier les collections, dans le respect de la loi. ll est responsable de l\u2019enrichissement, de la conservation, de l\u2019\u00e9tude, de la mise en valeur et de la diffusion des collections dont il a la charge. Les activit\u00e9s de r\u00e9colement des collections permettent de faire des d\u00e9couvertes au sein du mus\u00e9e ; des \u00e9tudes sont alors men\u00e9es, ce qui permet de donner du sens aux objets et de les int\u00e9grer dans un programme de valorisation. Avec comme objectif la transmission du savoir au plus grand nombre.<\/p><p>C\u2019est ainsi que trois fragments de rubans de m\u00e9tal (alliage cuivreux) torsad\u00e9 ont \u00e9t\u00e9 identifi\u00e9s comme faisant partie d\u2019un seul et m\u00eame objet. Au moment de la fouille, dans le niveau inf\u00e9rieur d\u2019un espace d\u00e9di\u00e9 \u00e0 des pratiques rituelles, dans l\u2019oppidum de La Cloche, un des fragments a \u00e9t\u00e9 trouv\u00e9 dissoci\u00e9 des deux autres et laiss\u00e9 pour compte dans des r\u00e9serves. Il s\u2019agit en fait d\u2019un ruban pli\u00e9 en forme d\u2019anneau ; il s\u2019apparente \u00e0 un bracelet ou \u00e0 un petit torque et devait porter un ou plusieurs anneaux ; il s\u2019agit probablement d\u2019offrandes ou de d\u00e9p\u00f4t rituels.<\/p><p>Les objets qui accompagnent les rites cultuels se composent d&#8217;ustensiles et d\u2019accessoires consacr\u00e9s par leur usage. Dans les sanctuaires <strong><span style=\"color: #008080;\">gallo-romains<\/span><\/strong> des <strong><span style=\"color: #008080;\">Alpes du Sud<\/span> <\/strong>existaient de grands p\u00e8lerinages dans lesquels les croyants \u00e9coutaient les d\u00e9clamations dans le th\u00e9\u00e2tre, et d\u00e9ambulaient dans l\u2019aire sacr\u00e9e pour y d\u00e9poser des v\u0153ux, jeter des sorts, r\u00e9aliser des offrandes, des ex-votos et faire des sacrifices. Parmi les milliers d\u2019objets \u00e9tudi\u00e9s chaque mus\u00e9e pr\u00e9sente les particularit\u00e9s diff\u00e9rentes de ces rites.<\/p>\t\t\t\t\t\t\t\t<\/div>\n\t\t\t\t<\/div>\n\t\t\t\t\t<\/div>\n\t\t<\/div>\n\t\t\t\t\t<\/div>\n\t\t<\/section>\n\t\t\t\t<section class=\"elementor-section elementor-top-section elementor-element elementor-element-4f4a187 elementor-section-boxed elementor-section-height-default elementor-section-height-default exad-glass-effect-no exad-sticky-section-no\" data-id=\"4f4a187\" data-element_type=\"section\" data-e-type=\"section\" data-settings=\"{&quot;background_background&quot;:&quot;classic&quot;}\">\n\t\t\t\t\t\t\t<div class=\"elementor-background-overlay\"><\/div>\n\t\t\t\t\t\t\t<div class=\"elementor-container elementor-column-gap-default\">\n\t\t\t\t\t<div class=\"elementor-column elementor-col-100 elementor-top-column elementor-element elementor-element-db2fdb8 exad-glass-effect-no exad-sticky-section-no\" data-id=\"db2fdb8\" data-element_type=\"column\" data-e-type=\"column\">\n\t\t\t<div class=\"elementor-widget-wrap elementor-element-populated\">\n\t\t\t\t\t\t<div class=\"elementor-element elementor-element-6548861 exad-sticky-section-no exad-glass-effect-no elementor-widget elementor-widget-heading\" data-id=\"6548861\" data-element_type=\"widget\" data-e-type=\"widget\" data-widget_type=\"heading.default\">\n\t\t\t\t<div class=\"elementor-widget-container\">\n\t\t\t\t\t<h2 class=\"elementor-heading-title elementor-size-default\">en savoir plus\n<\/h2>\t\t\t\t<\/div>\n\t\t\t\t<\/div>\n\t\t\t\t\t<\/div>\n\t\t<\/div>\n\t\t\t\t\t<\/div>\n\t\t<\/section>\n\t\t\t\t<section class=\"elementor-section elementor-top-section elementor-element elementor-element-5bfa11b elementor-section-boxed elementor-section-height-default elementor-section-height-default exad-glass-effect-no exad-sticky-section-no\" data-id=\"5bfa11b\" data-element_type=\"section\" data-e-type=\"section\">\n\t\t\t\t\t\t<div class=\"elementor-container elementor-column-gap-default\">\n\t\t\t\t\t<div class=\"elementor-column elementor-col-50 elementor-top-column elementor-element elementor-element-becfd9a exad-glass-effect-no exad-sticky-section-no\" data-id=\"becfd9a\" data-element_type=\"column\" data-e-type=\"column\">\n\t\t\t<div class=\"elementor-widget-wrap elementor-element-populated\">\n\t\t\t\t\t\t<div class=\"elementor-element elementor-element-0c85cfa exad-sticky-section-no exad-glass-effect-no elementor-widget elementor-widget-text-editor\" data-id=\"0c85cfa\" data-element_type=\"widget\" data-e-type=\"widget\" data-widget_type=\"text-editor.default\">\n\t\t\t\t<div class=\"elementor-widget-container\">\n\t\t\t\t\t\t\t\t\t<h5>Archeologia &#8211; Hors-S\u00e9rie n\u00b0 17<\/h5><p>Un num\u00e9ro sp\u00e9cial d\u2019<a href=\"https:\/\/www.archeologia-magazine.com\/numero-17\/autour-voconces-rites-gaulois-romains-entre-rhone-alpes.4224.php\" target=\"_blank\" rel=\"noopener\">Arch\u00e9ologia<\/a> est consacr\u00e9 \u00e0 ces mat\u00e9riaux et mus\u00e9e dans le <strong><span style=\"color: #008080;\">Hors-S\u00e9rie n\u00b0 17 du 15 juin 2015<\/span><\/strong>.<\/p>\t\t\t\t\t\t\t\t<\/div>\n\t\t\t\t<\/div>\n\t\t\t\t<div class=\"elementor-element elementor-element-102bf18 exad-sticky-section-no exad-glass-effect-no elementor-widget elementor-widget-text-editor\" data-id=\"102bf18\" data-element_type=\"widget\" data-e-type=\"widget\" data-widget_type=\"text-editor.default\">\n\t\t\t\t<div class=\"elementor-widget-container\">\n\t\t\t\t\t\t\t\t\t<h5>Num\u00e9risation des objets sur Flickr<\/h5><p>D\u00e9couvrez toutes les photos des objets de la collection sur <a href=\"https:\/\/www.flickr.com\/photos\/137021024@N06\/albums\" target=\"_blank\" rel=\"noopener\">Flickr<\/a>.<\/p>\t\t\t\t\t\t\t\t<\/div>\n\t\t\t\t<\/div>\n\t\t\t\t\t<\/div>\n\t\t<\/div>\n\t\t\t\t<div class=\"elementor-column elementor-col-50 elementor-top-column elementor-element elementor-element-7607a64 exad-glass-effect-no exad-sticky-section-no\" data-id=\"7607a64\" data-element_type=\"column\" data-e-type=\"column\">\n\t\t\t<div class=\"elementor-widget-wrap elementor-element-populated\">\n\t\t\t\t\t\t<div class=\"elementor-element elementor-element-092c84b exad-sticky-section-no exad-glass-effect-no elementor-widget elementor-widget-image\" data-id=\"092c84b\" data-element_type=\"widget\" data-e-type=\"widget\" data-widget_type=\"image.default\">\n\t\t\t\t<div class=\"elementor-widget-container\">\n\t\t\t\t\t\t\t\t\t\t\t\t\t\t\t\t<a href=\"https:\/\/www.archeologia-magazine.com\/numero-17\/autour-voconces-rites-gaulois-romains-entre-rhone-alpes.4224.php\" target=\"_blank\">\n\t\t\t\t\t\t\t<img loading=\"lazy\" decoding=\"async\" width=\"220\" height=\"291\" src=\"http:\/\/www.musees-mediterranee.org\/wp-content\/uploads\/2019\/11\/autour-des-voconces.jpg\" class=\"attachment-large size-large wp-image-1169\" alt=\"\" \/>\t\t\t\t\t\t\t\t<\/a>\n\t\t\t\t\t\t\t\t\t\t\t\t\t\t\t<\/div>\n\t\t\t\t<\/div>\n\t\t\t\t\t<\/div>\n\t\t<\/div>\n\t\t\t\t\t<\/div>\n\t\t<\/section>\n\t\t\t\t<section class=\"elementor-section elementor-top-section elementor-element elementor-element-fc36ad9 elementor-section-boxed elementor-section-height-default elementor-section-height-default exad-glass-effect-no exad-sticky-section-no\" data-id=\"fc36ad9\" data-element_type=\"section\" data-e-type=\"section\" data-settings=\"{&quot;background_background&quot;:&quot;classic&quot;}\">\n\t\t\t\t\t\t\t<div class=\"elementor-background-overlay\"><\/div>\n\t\t\t\t\t\t\t<div class=\"elementor-container elementor-column-gap-default\">\n\t\t\t\t\t<div class=\"elementor-column elementor-col-100 elementor-top-column elementor-element elementor-element-a00f198 exad-glass-effect-no exad-sticky-section-no\" data-id=\"a00f198\" data-element_type=\"column\" data-e-type=\"column\">\n\t\t\t<div class=\"elementor-widget-wrap elementor-element-populated\">\n\t\t\t\t\t\t<div class=\"elementor-element elementor-element-9488ce0 exad-sticky-section-no exad-glass-effect-no elementor-widget elementor-widget-heading\" data-id=\"9488ce0\" data-element_type=\"widget\" data-e-type=\"widget\" data-widget_type=\"heading.default\">\n\t\t\t\t<div class=\"elementor-widget-container\">\n\t\t\t\t\t<h2 class=\"elementor-heading-title elementor-size-default\">galerie d'objets\n<\/h2>\t\t\t\t<\/div>\n\t\t\t\t<\/div>\n\t\t\t\t\t<\/div>\n\t\t<\/div>\n\t\t\t\t\t<\/div>\n\t\t<\/section>\n\t\t\t\t<section class=\"elementor-section elementor-top-section elementor-element elementor-element-417d119 elementor-section-boxed elementor-section-height-default elementor-section-height-default exad-glass-effect-no exad-sticky-section-no\" data-id=\"417d119\" data-element_type=\"section\" data-e-type=\"section\">\n\t\t\t\t\t\t<div class=\"elementor-container elementor-column-gap-default\">\n\t\t\t\t\t<div class=\"elementor-column elementor-col-100 elementor-top-column elementor-element elementor-element-c00e9ce exad-glass-effect-no exad-sticky-section-no\" data-id=\"c00e9ce\" data-element_type=\"column\" data-e-type=\"column\">\n\t\t\t<div class=\"elementor-widget-wrap elementor-element-populated\">\n\t\t\t\t\t\t<div class=\"elementor-element elementor-element-5e85468 exad-sticky-section-no exad-glass-effect-no elementor-widget elementor-widget-gallery\" data-id=\"5e85468\" data-element_type=\"widget\" data-e-type=\"widget\" data-settings=\"{&quot;lazyload&quot;:&quot;yes&quot;,&quot;gallery_layout&quot;:&quot;grid&quot;,&quot;columns&quot;:4,&quot;columns_tablet&quot;:2,&quot;columns_mobile&quot;:1,&quot;gap&quot;:{&quot;unit&quot;:&quot;px&quot;,&quot;size&quot;:10,&quot;sizes&quot;:[]},&quot;gap_tablet&quot;:{&quot;unit&quot;:&quot;px&quot;,&quot;size&quot;:10,&quot;sizes&quot;:[]},&quot;gap_mobile&quot;:{&quot;unit&quot;:&quot;px&quot;,&quot;size&quot;:10,&quot;sizes&quot;:[]},&quot;link_to&quot;:&quot;file&quot;,&quot;aspect_ratio&quot;:&quot;3:2&quot;,&quot;overlay_background&quot;:&quot;yes&quot;,&quot;content_hover_animation&quot;:&quot;fade-in&quot;}\" data-widget_type=\"gallery.default\">\n\t\t\t\t<div class=\"elementor-widget-container\">\n\t\t\t\t\t\t\t<div class=\"elementor-gallery__container\">\n\t\t\t\t\t\t\t<a class=\"e-gallery-item elementor-gallery-item elementor-animated-content\" href=\"http:\/\/www.musees-mediterranee.org\/wp-content\/uploads\/2019\/11\/voconces-banner-1600x1024-1030x659-1.jpg\" data-elementor-open-lightbox=\"yes\" data-elementor-lightbox-slideshow=\"5e85468\" data-e-action-hash=\"#elementor-action%3Aaction%3Dlightbox%26settings%3DeyJpZCI6MTE0NiwidXJsIjoiaHR0cDpcL1wvd3d3Lm11c2Vlcy1tZWRpdGVycmFuZWUub3JnXC93cC1jb250ZW50XC91cGxvYWRzXC8yMDE5XC8xMVwvdm9jb25jZXMtYmFubmVyLTE2MDB4MTAyNC0xMDMweDY1OS0xLmpwZyIsInNsaWRlc2hvdyI6IjVlODU0NjgifQ%3D%3D\">\n\t\t\t\t\t<div class=\"e-gallery-image elementor-gallery-item__image\" data-thumbnail=\"http:\/\/www.musees-mediterranee.org\/wp-content\/uploads\/2019\/11\/voconces-banner-1600x1024-1030x659-1-300x192.jpg\" data-width=\"300\" data-height=\"192\" aria-label=\"\" role=\"img\" ><\/div>\n\t\t\t\t\t\t\t\t\t\t\t<div class=\"elementor-gallery-item__overlay\"><\/div>\n\t\t\t\t\t\t\t\t\t\t\t\t\t\t<\/a>\n\t\t\t\t\t\t\t<a class=\"e-gallery-item elementor-gallery-item elementor-animated-content\" href=\"http:\/\/www.musees-mediterranee.org\/wp-content\/uploads\/2019\/11\/Gap4.jpg\" data-elementor-open-lightbox=\"yes\" data-elementor-lightbox-slideshow=\"5e85468\" data-elementor-lightbox-description=\"Buste de faune en marbre blanc incomplet. H : 215 mm\" data-e-action-hash=\"#elementor-action%3Aaction%3Dlightbox%26settings%3DeyJpZCI6MTE3OCwidXJsIjoiaHR0cDpcL1wvd3d3Lm11c2Vlcy1tZWRpdGVycmFuZWUub3JnXC93cC1jb250ZW50XC91cGxvYWRzXC8yMDE5XC8xMVwvR2FwNC5qcGciLCJzbGlkZXNob3ciOiI1ZTg1NDY4In0%3D\">\n\t\t\t\t\t<div class=\"e-gallery-image elementor-gallery-item__image\" data-thumbnail=\"http:\/\/www.musees-mediterranee.org\/wp-content\/uploads\/2019\/11\/Gap4-217x300.jpg\" data-width=\"217\" data-height=\"300\" aria-label=\"\" role=\"img\" ><\/div>\n\t\t\t\t\t\t\t\t\t\t\t<div class=\"elementor-gallery-item__overlay\"><\/div>\n\t\t\t\t\t\t\t\t\t\t\t\t\t\t<\/a>\n\t\t\t\t\t\t\t<a class=\"e-gallery-item elementor-gallery-item elementor-animated-content\" href=\"http:\/\/www.musees-mediterranee.org\/wp-content\/uploads\/2019\/11\/Gap5.jpg\" data-elementor-open-lightbox=\"yes\" data-elementor-lightbox-slideshow=\"5e85468\" data-e-action-hash=\"#elementor-action%3Aaction%3Dlightbox%26settings%3DeyJpZCI6MTE3OSwidXJsIjoiaHR0cDpcL1wvd3d3Lm11c2Vlcy1tZWRpdGVycmFuZWUub3JnXC93cC1jb250ZW50XC91cGxvYWRzXC8yMDE5XC8xMVwvR2FwNS5qcGciLCJzbGlkZXNob3ciOiI1ZTg1NDY4In0%3D\">\n\t\t\t\t\t<div class=\"e-gallery-image elementor-gallery-item__image\" data-thumbnail=\"http:\/\/www.musees-mediterranee.org\/wp-content\/uploads\/2019\/11\/Gap5-300x200.jpg\" data-width=\"300\" data-height=\"200\" aria-label=\"\" role=\"img\" ><\/div>\n\t\t\t\t\t\t\t\t\t\t\t<div class=\"elementor-gallery-item__overlay\"><\/div>\n\t\t\t\t\t\t\t\t\t\t\t\t\t\t<\/a>\n\t\t\t\t\t\t\t<a class=\"e-gallery-item elementor-gallery-item elementor-animated-content\" href=\"http:\/\/www.musees-mediterranee.org\/wp-content\/uploads\/2019\/11\/Bracelet.jpg\" data-elementor-open-lightbox=\"yes\" data-elementor-lightbox-slideshow=\"5e85468\" data-e-action-hash=\"#elementor-action%3Aaction%3Dlightbox%26settings%3DeyJpZCI6MTE3NSwidXJsIjoiaHR0cDpcL1wvd3d3Lm11c2Vlcy1tZWRpdGVycmFuZWUub3JnXC93cC1jb250ZW50XC91cGxvYWRzXC8yMDE5XC8xMVwvQnJhY2VsZXQuanBnIiwic2xpZGVzaG93IjoiNWU4NTQ2OCJ9\">\n\t\t\t\t\t<div class=\"e-gallery-image elementor-gallery-item__image\" data-thumbnail=\"http:\/\/www.musees-mediterranee.org\/wp-content\/uploads\/2019\/11\/Bracelet-255x300.jpg\" data-width=\"255\" data-height=\"300\" aria-label=\"\" role=\"img\" ><\/div>\n\t\t\t\t\t\t\t\t\t\t\t<div class=\"elementor-gallery-item__overlay\"><\/div>\n\t\t\t\t\t\t\t\t\t\t\t\t\t\t<\/a>\n\t\t\t\t\t\t\t<a class=\"e-gallery-item elementor-gallery-item elementor-animated-content\" href=\"http:\/\/www.musees-mediterranee.org\/wp-content\/uploads\/2019\/11\/Animal.jpg\" data-elementor-open-lightbox=\"yes\" data-elementor-lightbox-slideshow=\"5e85468\" data-e-action-hash=\"#elementor-action%3Aaction%3Dlightbox%26settings%3DeyJpZCI6MTE3MywidXJsIjoiaHR0cDpcL1wvd3d3Lm11c2Vlcy1tZWRpdGVycmFuZWUub3JnXC93cC1jb250ZW50XC91cGxvYWRzXC8yMDE5XC8xMVwvQW5pbWFsLmpwZyIsInNsaWRlc2hvdyI6IjVlODU0NjgifQ%3D%3D\">\n\t\t\t\t\t<div class=\"e-gallery-image elementor-gallery-item__image\" data-thumbnail=\"http:\/\/www.musees-mediterranee.org\/wp-content\/uploads\/2019\/11\/Animal-300x279.jpg\" data-width=\"300\" data-height=\"279\" aria-label=\"\" role=\"img\" ><\/div>\n\t\t\t\t\t\t\t\t\t\t\t<div class=\"elementor-gallery-item__overlay\"><\/div>\n\t\t\t\t\t\t\t\t\t\t\t\t\t\t<\/a>\n\t\t\t\t\t\t\t<a class=\"e-gallery-item elementor-gallery-item elementor-animated-content\" href=\"http:\/\/www.musees-mediterranee.org\/wp-content\/uploads\/2019\/11\/Apt.jpg\" data-elementor-open-lightbox=\"yes\" data-elementor-lightbox-slideshow=\"5e85468\" data-e-action-hash=\"#elementor-action%3Aaction%3Dlightbox%26settings%3DeyJpZCI6MTE3NCwidXJsIjoiaHR0cDpcL1wvd3d3Lm11c2Vlcy1tZWRpdGVycmFuZWUub3JnXC93cC1jb250ZW50XC91cGxvYWRzXC8yMDE5XC8xMVwvQXB0LmpwZyIsInNsaWRlc2hvdyI6IjVlODU0NjgifQ%3D%3D\">\n\t\t\t\t\t<div class=\"e-gallery-image elementor-gallery-item__image\" data-thumbnail=\"http:\/\/www.musees-mediterranee.org\/wp-content\/uploads\/2019\/11\/Apt-300x198.jpg\" data-width=\"300\" data-height=\"198\" aria-label=\"\" role=\"img\" ><\/div>\n\t\t\t\t\t\t\t\t\t\t\t<div class=\"elementor-gallery-item__overlay\"><\/div>\n\t\t\t\t\t\t\t\t\t\t\t\t\t\t<\/a>\n\t\t\t\t\t\t\t<a class=\"e-gallery-item elementor-gallery-item elementor-animated-content\" href=\"http:\/\/www.musees-mediterranee.org\/wp-content\/uploads\/2019\/11\/Gap2-1.jpg\" data-elementor-open-lightbox=\"yes\" data-elementor-lightbox-slideshow=\"5e85468\" data-e-action-hash=\"#elementor-action%3Aaction%3Dlightbox%26settings%3DeyJpZCI6MTE3NiwidXJsIjoiaHR0cDpcL1wvd3d3Lm11c2Vlcy1tZWRpdGVycmFuZWUub3JnXC93cC1jb250ZW50XC91cGxvYWRzXC8yMDE5XC8xMVwvR2FwMi0xLmpwZyIsInNsaWRlc2hvdyI6IjVlODU0NjgifQ%3D%3D\">\n\t\t\t\t\t<div class=\"e-gallery-image elementor-gallery-item__image\" data-thumbnail=\"http:\/\/www.musees-mediterranee.org\/wp-content\/uploads\/2019\/11\/Gap2-1-300x241.jpg\" data-width=\"300\" data-height=\"241\" aria-label=\"\" role=\"img\" ><\/div>\n\t\t\t\t\t\t\t\t\t\t\t<div class=\"elementor-gallery-item__overlay\"><\/div>\n\t\t\t\t\t\t\t\t\t\t\t\t\t\t<\/a>\n\t\t\t\t\t\t\t<a class=\"e-gallery-item elementor-gallery-item elementor-animated-content\" href=\"http:\/\/www.musees-mediterranee.org\/wp-content\/uploads\/2019\/11\/Gap-3.jpg\" data-elementor-open-lightbox=\"yes\" data-elementor-lightbox-slideshow=\"5e85468\" data-e-action-hash=\"#elementor-action%3Aaction%3Dlightbox%26settings%3DeyJpZCI6MTE3NywidXJsIjoiaHR0cDpcL1wvd3d3Lm11c2Vlcy1tZWRpdGVycmFuZWUub3JnXC93cC1jb250ZW50XC91cGxvYWRzXC8yMDE5XC8xMVwvR2FwLTMuanBnIiwic2xpZGVzaG93IjoiNWU4NTQ2OCJ9\">\n\t\t\t\t\t<div class=\"e-gallery-image elementor-gallery-item__image\" data-thumbnail=\"http:\/\/www.musees-mediterranee.org\/wp-content\/uploads\/2019\/11\/Gap-3-276x300.jpg\" data-width=\"276\" data-height=\"300\" aria-label=\"\" role=\"img\" ><\/div>\n\t\t\t\t\t\t\t\t\t\t\t<div class=\"elementor-gallery-item__overlay\"><\/div>\n\t\t\t\t\t\t\t\t\t\t\t\t\t\t<\/a>\n\t\t\t\t\t\t\t<a class=\"e-gallery-item elementor-gallery-item elementor-animated-content\" href=\"http:\/\/www.musees-mediterranee.org\/wp-content\/uploads\/2019\/11\/Anatheme.jpg\" data-elementor-open-lightbox=\"yes\" data-elementor-lightbox-slideshow=\"5e85468\" data-e-action-hash=\"#elementor-action%3Aaction%3Dlightbox%26settings%3DeyJpZCI6MTE2NiwidXJsIjoiaHR0cDpcL1wvd3d3Lm11c2Vlcy1tZWRpdGVycmFuZWUub3JnXC93cC1jb250ZW50XC91cGxvYWRzXC8yMDE5XC8xMVwvQW5hdGhlbWUuanBnIiwic2xpZGVzaG93IjoiNWU4NTQ2OCJ9\">\n\t\t\t\t\t<div class=\"e-gallery-image elementor-gallery-item__image\" data-thumbnail=\"http:\/\/www.musees-mediterranee.org\/wp-content\/uploads\/2019\/11\/Anatheme-207x300.jpg\" data-width=\"207\" data-height=\"300\" aria-label=\"\" role=\"img\" ><\/div>\n\t\t\t\t\t\t\t\t\t\t\t<div class=\"elementor-gallery-item__overlay\"><\/div>\n\t\t\t\t\t\t\t\t\t\t\t\t\t\t<\/a>\n\t\t\t\t\t\t\t<a class=\"e-gallery-item elementor-gallery-item elementor-animated-content\" href=\"http:\/\/www.musees-mediterranee.org\/wp-content\/uploads\/2019\/11\/Monnaies-944x1030-1.jpg\" data-elementor-open-lightbox=\"yes\" data-elementor-lightbox-slideshow=\"5e85468\" data-e-action-hash=\"#elementor-action%3Aaction%3Dlightbox%26settings%3DeyJpZCI6MTE4MCwidXJsIjoiaHR0cDpcL1wvd3d3Lm11c2Vlcy1tZWRpdGVycmFuZWUub3JnXC93cC1jb250ZW50XC91cGxvYWRzXC8yMDE5XC8xMVwvTW9ubmFpZXMtOTQ0eDEwMzAtMS5qcGciLCJzbGlkZXNob3ciOiI1ZTg1NDY4In0%3D\">\n\t\t\t\t\t<div class=\"e-gallery-image elementor-gallery-item__image\" data-thumbnail=\"http:\/\/www.musees-mediterranee.org\/wp-content\/uploads\/2019\/11\/Monnaies-944x1030-1-275x300.jpg\" data-width=\"275\" data-height=\"300\" aria-label=\"\" role=\"img\" ><\/div>\n\t\t\t\t\t\t\t\t\t\t\t<div class=\"elementor-gallery-item__overlay\"><\/div>\n\t\t\t\t\t\t\t\t\t\t\t\t\t\t<\/a>\n\t\t\t\t\t\t\t<a class=\"e-gallery-item elementor-gallery-item elementor-animated-content\" href=\"http:\/\/www.musees-mediterranee.org\/wp-content\/uploads\/2019\/11\/Gap1.jpg\" data-elementor-open-lightbox=\"yes\" data-elementor-lightbox-slideshow=\"5e85468\" data-e-action-hash=\"#elementor-action%3Aaction%3Dlightbox%26settings%3DeyJpZCI6MTE2NCwidXJsIjoiaHR0cDpcL1wvd3d3Lm11c2Vlcy1tZWRpdGVycmFuZWUub3JnXC93cC1jb250ZW50XC91cGxvYWRzXC8yMDE5XC8xMVwvR2FwMS5qcGciLCJzbGlkZXNob3ciOiI1ZTg1NDY4In0%3D\">\n\t\t\t\t\t<div class=\"e-gallery-image elementor-gallery-item__image\" data-thumbnail=\"http:\/\/www.musees-mediterranee.org\/wp-content\/uploads\/2019\/11\/Gap1-300x184.jpg\" data-width=\"300\" data-height=\"184\" aria-label=\"\" role=\"img\" ><\/div>\n\t\t\t\t\t\t\t\t\t\t\t<div class=\"elementor-gallery-item__overlay\"><\/div>\n\t\t\t\t\t\t\t\t\t\t\t\t\t\t<\/a>\n\t\t\t\t\t\t\t<a class=\"e-gallery-item elementor-gallery-item elementor-animated-content\" href=\"http:\/\/www.musees-mediterranee.org\/wp-content\/uploads\/2019\/11\/voconces-banner-object-1030x492-1.jpg\" data-elementor-open-lightbox=\"yes\" data-elementor-lightbox-slideshow=\"5e85468\" data-e-action-hash=\"#elementor-action%3Aaction%3Dlightbox%26settings%3DeyJpZCI6MTE4MywidXJsIjoiaHR0cDpcL1wvd3d3Lm11c2Vlcy1tZWRpdGVycmFuZWUub3JnXC93cC1jb250ZW50XC91cGxvYWRzXC8yMDE5XC8xMVwvdm9jb25jZXMtYmFubmVyLW9iamVjdC0xMDMweDQ5Mi0xLmpwZyIsInNsaWRlc2hvdyI6IjVlODU0NjgifQ%3D%3D\">\n\t\t\t\t\t<div class=\"e-gallery-image elementor-gallery-item__image\" data-thumbnail=\"http:\/\/www.musees-mediterranee.org\/wp-content\/uploads\/2019\/11\/voconces-banner-object-1030x492-1-300x143.jpg\" data-width=\"300\" data-height=\"143\" aria-label=\"\" role=\"img\" ><\/div>\n\t\t\t\t\t\t\t\t\t\t\t<div class=\"elementor-gallery-item__overlay\"><\/div>\n\t\t\t\t\t\t\t\t\t\t\t\t\t\t<\/a>\n\t\t\t\t\t\t\t<a class=\"e-gallery-item elementor-gallery-item elementor-animated-content\" href=\"http:\/\/www.musees-mediterranee.org\/wp-content\/uploads\/2019\/11\/Apt4.jpg\" data-elementor-open-lightbox=\"yes\" data-elementor-lightbox-slideshow=\"5e85468\" data-e-action-hash=\"#elementor-action%3Aaction%3Dlightbox%26settings%3DeyJpZCI6MTE2MSwidXJsIjoiaHR0cDpcL1wvd3d3Lm11c2Vlcy1tZWRpdGVycmFuZWUub3JnXC93cC1jb250ZW50XC91cGxvYWRzXC8yMDE5XC8xMVwvQXB0NC5qcGciLCJzbGlkZXNob3ciOiI1ZTg1NDY4In0%3D\">\n\t\t\t\t\t<div class=\"e-gallery-image elementor-gallery-item__image\" data-thumbnail=\"http:\/\/www.musees-mediterranee.org\/wp-content\/uploads\/2019\/11\/Apt4-300x148.jpg\" data-width=\"300\" data-height=\"148\" aria-label=\"\" role=\"img\" ><\/div>\n\t\t\t\t\t\t\t\t\t\t\t<div class=\"elementor-gallery-item__overlay\"><\/div>\n\t\t\t\t\t\t\t\t\t\t\t\t\t\t<\/a>\n\t\t\t\t\t\t\t<a class=\"e-gallery-item elementor-gallery-item elementor-animated-content\" href=\"http:\/\/www.musees-mediterranee.org\/wp-content\/uploads\/2019\/11\/image.jpg\" data-elementor-open-lightbox=\"yes\" data-elementor-lightbox-slideshow=\"5e85468\" data-e-action-hash=\"#elementor-action%3Aaction%3Dlightbox%26settings%3DeyJpZCI6MTE4MiwidXJsIjoiaHR0cDpcL1wvd3d3Lm11c2Vlcy1tZWRpdGVycmFuZWUub3JnXC93cC1jb250ZW50XC91cGxvYWRzXC8yMDE5XC8xMVwvaW1hZ2UuanBnIiwic2xpZGVzaG93IjoiNWU4NTQ2OCJ9\">\n\t\t\t\t\t<div class=\"e-gallery-image elementor-gallery-item__image\" data-thumbnail=\"http:\/\/www.musees-mediterranee.org\/wp-content\/uploads\/2019\/11\/image-300x213.jpg\" data-width=\"300\" data-height=\"213\" aria-label=\"\" role=\"img\" ><\/div>\n\t\t\t\t\t\t\t\t\t\t\t<div class=\"elementor-gallery-item__overlay\"><\/div>\n\t\t\t\t\t\t\t\t\t\t\t\t\t\t<\/a>\n\t\t\t\t\t\t\t<a class=\"e-gallery-item elementor-gallery-item elementor-animated-content\" href=\"http:\/\/www.musees-mediterranee.org\/wp-content\/uploads\/2019\/11\/voconces-banner-1600-03-1030x547-1.jpg\" data-elementor-open-lightbox=\"yes\" data-elementor-lightbox-slideshow=\"5e85468\" data-e-action-hash=\"#elementor-action%3Aaction%3Dlightbox%26settings%3DeyJpZCI6MTE2OCwidXJsIjoiaHR0cDpcL1wvd3d3Lm11c2Vlcy1tZWRpdGVycmFuZWUub3JnXC93cC1jb250ZW50XC91cGxvYWRzXC8yMDE5XC8xMVwvdm9jb25jZXMtYmFubmVyLTE2MDAtMDMtMTAzMHg1NDctMS5qcGciLCJzbGlkZXNob3ciOiI1ZTg1NDY4In0%3D\">\n\t\t\t\t\t<div class=\"e-gallery-image elementor-gallery-item__image\" data-thumbnail=\"http:\/\/www.musees-mediterranee.org\/wp-content\/uploads\/2019\/11\/voconces-banner-1600-03-1030x547-1-300x159.jpg\" data-width=\"300\" data-height=\"159\" aria-label=\"\" role=\"img\" ><\/div>\n\t\t\t\t\t\t\t\t\t\t\t<div class=\"elementor-gallery-item__overlay\"><\/div>\n\t\t\t\t\t\t\t\t\t\t\t\t\t\t<\/a>\n\t\t\t\t\t\t\t<a class=\"e-gallery-item elementor-gallery-item elementor-animated-content\" href=\"http:\/\/www.musees-mediterranee.org\/wp-content\/uploads\/2019\/11\/voconces-banner-1280-01-1030x681-1.jpg\" data-elementor-open-lightbox=\"yes\" data-elementor-lightbox-slideshow=\"5e85468\" data-e-action-hash=\"#elementor-action%3Aaction%3Dlightbox%26settings%3DeyJpZCI6MTE4MSwidXJsIjoiaHR0cDpcL1wvd3d3Lm11c2Vlcy1tZWRpdGVycmFuZWUub3JnXC93cC1jb250ZW50XC91cGxvYWRzXC8yMDE5XC8xMVwvdm9jb25jZXMtYmFubmVyLTEyODAtMDEtMTAzMHg2ODEtMS5qcGciLCJzbGlkZXNob3ciOiI1ZTg1NDY4In0%3D\">\n\t\t\t\t\t<div class=\"e-gallery-image elementor-gallery-item__image\" data-thumbnail=\"http:\/\/www.musees-mediterranee.org\/wp-content\/uploads\/2019\/11\/voconces-banner-1280-01-1030x681-1-300x198.jpg\" data-width=\"300\" data-height=\"198\" aria-label=\"\" role=\"img\" ><\/div>\n\t\t\t\t\t\t\t\t\t\t\t<div class=\"elementor-gallery-item__overlay\"><\/div>\n\t\t\t\t\t\t\t\t\t\t\t\t\t\t<\/a>\n\t\t\t\t\t\t\t<a class=\"e-gallery-item elementor-gallery-item elementor-animated-content\" href=\"http:\/\/www.musees-mediterranee.org\/wp-content\/uploads\/2019\/11\/voconces-banner-1600-02-1030x680-1.jpg\" data-elementor-open-lightbox=\"yes\" data-elementor-lightbox-slideshow=\"5e85468\" data-e-action-hash=\"#elementor-action%3Aaction%3Dlightbox%26settings%3DeyJpZCI6MTE1NSwidXJsIjoiaHR0cDpcL1wvd3d3Lm11c2Vlcy1tZWRpdGVycmFuZWUub3JnXC93cC1jb250ZW50XC91cGxvYWRzXC8yMDE5XC8xMVwvdm9jb25jZXMtYmFubmVyLTE2MDAtMDItMTAzMHg2ODAtMS5qcGciLCJzbGlkZXNob3ciOiI1ZTg1NDY4In0%3D\">\n\t\t\t\t\t<div class=\"e-gallery-image elementor-gallery-item__image\" data-thumbnail=\"http:\/\/www.musees-mediterranee.org\/wp-content\/uploads\/2019\/11\/voconces-banner-1600-02-1030x680-1-300x198.jpg\" data-width=\"300\" data-height=\"198\" aria-label=\"\" role=\"img\" ><\/div>\n\t\t\t\t\t\t\t\t\t\t\t<div class=\"elementor-gallery-item__overlay\"><\/div>\n\t\t\t\t\t\t\t\t\t\t\t\t\t\t<\/a>\n\t\t\t\t\t\t\t<a class=\"e-gallery-item elementor-gallery-item elementor-animated-content\" href=\"http:\/\/www.musees-mediterranee.org\/wp-content\/uploads\/2019\/11\/Vaison.jpg\" data-elementor-open-lightbox=\"yes\" data-elementor-lightbox-slideshow=\"5e85468\" data-e-action-hash=\"#elementor-action%3Aaction%3Dlightbox%26settings%3DeyJpZCI6MTE1OSwidXJsIjoiaHR0cDpcL1wvd3d3Lm11c2Vlcy1tZWRpdGVycmFuZWUub3JnXC93cC1jb250ZW50XC91cGxvYWRzXC8yMDE5XC8xMVwvVmFpc29uLmpwZyIsInNsaWRlc2hvdyI6IjVlODU0NjgifQ%3D%3D\">\n\t\t\t\t\t<div class=\"e-gallery-image elementor-gallery-item__image\" data-thumbnail=\"http:\/\/www.musees-mediterranee.org\/wp-content\/uploads\/2019\/11\/Vaison-300x225.jpg\" data-width=\"300\" data-height=\"225\" aria-label=\"\" role=\"img\" ><\/div>\n\t\t\t\t\t\t\t\t\t\t\t<div class=\"elementor-gallery-item__overlay\"><\/div>\n\t\t\t\t\t\t\t\t\t\t\t\t\t\t<\/a>\n\t\t\t\t\t<\/div>\n\t\t\t\t\t<\/div>\n\t\t\t\t<\/div>\n\t\t\t\t\t<\/div>\n\t\t<\/div>\n\t\t\t\t\t<\/div>\n\t\t<\/section>\n\t\t\t\t<\/div>\n\t\t","protected":false},"excerpt":{"rendered":"<p>La route th\u00e9matique \u00ab Autour des Voconces \u2013 Rites Gaulois et Romains entre Rh\u00f4ne et Alpes \u00bb est un projet collectif de recherche et l\u2019inventaire de milliers d\u2019objets conserv\u00e9s dans des r\u00e9serves, accompagn\u00e9 d\u2019\u00e9tudes r\u00e9alis\u00e9es par des arch\u00e9ologues et des conservateurs, et de plus de 10 000 photographies.<\/p>\n","protected":false},"author":1,"featured_media":1166,"comment_status":"closed","ping_status":"closed","sticky":false,"template":"","format":"standard","meta":{"_acf_changed":false,"_bbp_topic_count":0,"_bbp_reply_count":0,"_bbp_total_topic_count":0,"_bbp_total_reply_count":0,"_bbp_voice_count":0,"_bbp_anonymous_reply_count":0,"_bbp_topic_count_hidden":0,"_bbp_reply_count_hidden":0,"_bbp_forum_subforum_count":0,"iawp_total_views":46,"footnotes":""},"categories":[17],"tags":[78],"class_list":["post-1143","post","type-post","status-publish","format-standard","has-post-thumbnail","hentry","category-projet","tag-route"],"acf":[],"_links":{"self":[{"href":"http:\/\/www.musees-mediterranee.org\/index.php\/wp-json\/wp\/v2\/posts\/1143","targetHints":{"allow":["GET"]}}],"collection":[{"href":"http:\/\/www.musees-mediterranee.org\/index.php\/wp-json\/wp\/v2\/posts"}],"about":[{"href":"http:\/\/www.musees-mediterranee.org\/index.php\/wp-json\/wp\/v2\/types\/post"}],"author":[{"embeddable":true,"href":"http:\/\/www.musees-mediterranee.org\/index.php\/wp-json\/wp\/v2\/users\/1"}],"replies":[{"embeddable":true,"href":"http:\/\/www.musees-mediterranee.org\/index.php\/wp-json\/wp\/v2\/comments?post=1143"}],"version-history":[{"count":0,"href":"http:\/\/www.musees-mediterranee.org\/index.php\/wp-json\/wp\/v2\/posts\/1143\/revisions"}],"wp:featuredmedia":[{"embeddable":true,"href":"http:\/\/www.musees-mediterranee.org\/index.php\/wp-json\/wp\/v2\/media\/1166"}],"wp:attachment":[{"href":"http:\/\/www.musees-mediterranee.org\/index.php\/wp-json\/wp\/v2\/media?parent=1143"}],"wp:term":[{"taxonomy":"category","embeddable":true,"href":"http:\/\/www.musees-mediterranee.org\/index.php\/wp-json\/wp\/v2\/categories?post=1143"},{"taxonomy":"post_tag","embeddable":true,"href":"http:\/\/www.musees-mediterranee.org\/index.php\/wp-json\/wp\/v2\/tags?post=1143"}],"curies":[{"name":"wp","href":"https:\/\/api.w.org\/{rel}","templated":true}]}}