{"id":1128,"date":"2023-06-11T10:06:57","date_gmt":"2023-06-11T08:06:57","guid":{"rendered":"http:\/\/www.musees-mediterranee.org\/?p=1128"},"modified":"2025-06-05T13:30:13","modified_gmt":"2025-06-05T11:30:13","slug":"les-sepultures-de-lage-du-fer-dans-les-alpes-du-sud","status":"publish","type":"post","link":"http:\/\/www.musees-mediterranee.org\/index.php\/2023\/06\/11\/les-sepultures-de-lage-du-fer-dans-les-alpes-du-sud\/","title":{"rendered":"Les s\u00e9pultures de l&#8217;\u00e2ge du Fer dans les Alpes du Sud"},"content":{"rendered":"\t\t<div data-elementor-type=\"wp-post\" data-elementor-id=\"1128\" class=\"elementor elementor-1128\" data-elementor-post-type=\"post\">\n\t\t\t\t\t\t<section class=\"elementor-section elementor-top-section elementor-element elementor-element-7d6445c elementor-section-boxed elementor-section-height-default elementor-section-height-default exad-glass-effect-no exad-sticky-section-no\" data-id=\"7d6445c\" data-element_type=\"section\" data-e-type=\"section\">\n\t\t\t\t\t\t<div class=\"elementor-container elementor-column-gap-default\">\n\t\t\t\t\t<div class=\"elementor-column elementor-col-100 elementor-top-column elementor-element elementor-element-7120ff2 exad-glass-effect-no exad-sticky-section-no\" data-id=\"7120ff2\" data-element_type=\"column\" data-e-type=\"column\">\n\t\t\t<div class=\"elementor-widget-wrap elementor-element-populated\">\n\t\t\t\t\t\t<section class=\"elementor-section elementor-inner-section elementor-element elementor-element-20dae98 elementor-section-boxed elementor-section-height-default elementor-section-height-default exad-glass-effect-no exad-sticky-section-no\" data-id=\"20dae98\" data-element_type=\"section\" data-e-type=\"section\">\n\t\t\t\t\t\t<div class=\"elementor-container elementor-column-gap-default\">\n\t\t\t\t\t<div class=\"elementor-column elementor-col-50 elementor-inner-column elementor-element elementor-element-94a6c30 exad-glass-effect-no exad-sticky-section-no\" data-id=\"94a6c30\" data-element_type=\"column\" data-e-type=\"column\">\n\t\t\t<div class=\"elementor-widget-wrap elementor-element-populated\">\n\t\t\t\t\t\t<div class=\"elementor-element elementor-element-e047660 exad-sticky-section-no exad-glass-effect-no elementor-widget elementor-widget-image\" data-id=\"e047660\" data-element_type=\"widget\" data-e-type=\"widget\" data-widget_type=\"image.default\">\n\t\t\t\t<div class=\"elementor-widget-container\">\n\t\t\t\t\t\t\t\t\t\t\t\t\t\t\t<img fetchpriority=\"high\" decoding=\"async\" width=\"700\" height=\"923\" src=\"http:\/\/www.musees-mediterranee.org\/wp-content\/uploads\/2019\/11\/Necropoles-777x1024.jpg\" class=\"attachment-large size-large wp-image-1216\" alt=\"\" srcset=\"http:\/\/www.musees-mediterranee.org\/wp-content\/uploads\/2019\/11\/Necropoles-777x1024.jpg 777w, http:\/\/www.musees-mediterranee.org\/wp-content\/uploads\/2019\/11\/Necropoles-228x300.jpg 228w, http:\/\/www.musees-mediterranee.org\/wp-content\/uploads\/2019\/11\/Necropoles-768x1012.jpg 768w, http:\/\/www.musees-mediterranee.org\/wp-content\/uploads\/2019\/11\/Necropoles.jpg 924w\" sizes=\"(max-width: 700px) 100vw, 700px\" \/>\t\t\t\t\t\t\t\t\t\t\t\t\t\t\t<\/div>\n\t\t\t\t<\/div>\n\t\t\t\t\t<\/div>\n\t\t<\/div>\n\t\t\t\t<div class=\"elementor-column elementor-col-50 elementor-inner-column elementor-element elementor-element-f3ae238 exad-glass-effect-no exad-sticky-section-no\" data-id=\"f3ae238\" data-element_type=\"column\" data-e-type=\"column\">\n\t\t\t<div class=\"elementor-widget-wrap elementor-element-populated\">\n\t\t\t\t\t\t<div class=\"elementor-element elementor-element-467d040 exad-sticky-section-no exad-glass-effect-no elementor-widget elementor-widget-text-editor\" data-id=\"467d040\" data-element_type=\"widget\" data-e-type=\"widget\" data-widget_type=\"text-editor.default\">\n\t\t\t\t<div class=\"elementor-widget-container\">\n\t\t\t\t\t\t\t\t\t<p>L&#8217;Association Mus\u00e9es M\u00e9diterran\u00e9e est co-signataire d&#8217;une convention de m\u00e9c\u00e9nat, avec la Direction r\u00e9gionale des Affaires culturelles, service r\u00e9gional de l&#8217;Arch\u00e9ologie ; la Soci\u00e9t\u00e9 Sabli\u00e8re du Beynon (SAS-Ventavon), m\u00e9c\u00e8ne ; le Centre Camille Jullian, Maison M\u00e9diterran\u00e9enne des Sciences de l&#8217;Homme ; le laboratoire d&#8217;Anthropologie bio-culturelle, droit, \u00e9thique et sant\u00e9 de la facult\u00e9 de m\u00e9decine de Marseille.<\/p><p>Elle participe au soutien du projet collectif de recherche destin\u00e9 \u00e0 \u00e9tudier et \u00e0 valoriser le patrimoine arch\u00e9ologique de l\u2019\u00e2ge du Fer (VII\u00b0-III\u00b0 s.) d\u00e9couvert dans les Alpes du Sud depuis le d\u00e9but du XIX\u00b0si\u00e8cle, qui constitue des collections publiques conserv\u00e9es dans plusieurs mus\u00e9es de France.<br \/>Ce projet collectif de recherche, dirig\u00e9 par Nicolas Rouzeau, SRA DRAC PACA, chercheur au Centre Camille Jullian, r\u00e9unit des partenaires institutionnels en France, en Belgique et en Su\u00e8de.<\/p>\t\t\t\t\t\t\t\t<\/div>\n\t\t\t\t<\/div>\n\t\t\t\t\t<\/div>\n\t\t<\/div>\n\t\t\t\t\t<\/div>\n\t\t<\/section>\n\t\t\t\t<div class=\"elementor-element elementor-element-d5263e3 exad-sticky-section-no exad-glass-effect-no elementor-widget elementor-widget-text-editor\" data-id=\"d5263e3\" data-element_type=\"widget\" data-e-type=\"widget\" data-widget_type=\"text-editor.default\">\n\t\t\t\t<div class=\"elementor-widget-container\">\n\t\t\t\t\t\t\t\t\t<p>Dans le cadre de ce partenariat, l&#8217;Association a organis\u00e9 des journ\u00e9es d&#8217;\u00e9tude sur la question de la repr\u00e9sentation des collections de la protohistoire dans les mus\u00e9es, qui se sont tenues \u00e0 Gap les 11 et 12 octobre 2018, et dont les <a href=\"http:\/\/www.musees-mediterranee.org\/index.php\/publications#pcol\" rel=\"noopener\">actes ont paru en septembre 2020<\/a>.<\/p><p>Pr\u00e8s de vingt mus\u00e9es de France sont associ\u00e9s dans ces recherches : les mus\u00e9es de Gap, Barcelonnette, Digne-les-Bains, Saint-Germain-en-Laye, Lyon-Confluences, Lyon-Lugdunum, Toulouse-Saint-Raymond, Boulogne-sur-Mer, Chamb\u00e9ry, Annecy, Grenoble, Beaune, Poitiers, Marseille, Grasse et Bastia. Une partie des mobiliers anciennement mis au jour sont conserv\u00e9s dans des mus\u00e9es associatifs et chez des particuliers, qui ont mis ces collections \u00e0 la disposition des chercheurs.<\/p><p>L&#8217;association, qui a pour objectif de contribuer \u00e0 la conservation, l\u2019\u00e9tude et la valorisation des patrimoines territoriaux, est charg\u00e9e de la gestion des fonds du m\u00e9c\u00e9nat destin\u00e9s aux op\u00e9rations de fouilles, effectu\u00e9es en 2017, et \u00e0 l&#8217;\u00e9tude des mobiliers.<\/p><p>Les r\u00e9sultats de ces recherches sont publi\u00e9s dans l\u2019ouvrage <em>N\u00e9cropoles Gauloises dans les Alpes du Sud<\/em>, paru en septembre 2020. Il r\u00e9unit les synth\u00e8ses historiographiques sur la constitution des fonds dans les mus\u00e9es et le contexte arch\u00e9ologique de leurs d\u00e9couvertes, et pr\u00e9sente le catalogue des parures fun\u00e9raires de l&#8217;Ubaye, ainsi que l\u2019apport des analyses m\u00e9tallographiques dans la connaissance des techniques de fabrication.<br \/><a href=\"http:\/\/www.musees-mediterranee.org\/wp-content\/uploads\/2020\/11\/Necropoles-extrait.pdf\" target=\"_blank\" rel=\"noopener\">Extrait de la publication<\/a>.<br \/><a href=\"https:\/\/tautem.fr\/produit\/necropoles-gauloises-des-alpes-du-sud\/\" target=\"_blank\" rel=\"noopener\">Diffus\u00e9 par Tautem<\/a><\/p><p>L\u2019ouvrage \u00ab Gaulois des Alpes. Arch\u00e9ologie fun\u00e9raire et parures \u00bb pr\u00e9sente, \u00e0 travers quatorze articles et 650 illustrations photographiques, un \u00e9tat de l\u2019arch\u00e9ologie de l\u2019\u00e2ge du Fer dans les Alpes \u00e0 partir de fouilles, de recensements et d\u2019analyses d\u2019\u00e9l\u00e9ments de parures qui accompagnent les d\u00e9funts.<br \/><a href=\"http:\/\/www.musees-mediterranee.org\/wp-content\/uploads\/2023\/11\/Gaulois_Alpes_2_extraits.pdf\" target=\"_blank\" rel=\"noopener\">Extrait de la publication<\/a>.<br \/><a href=\"https:\/\/tautem.fr\/produit\/gaulois-des-alpes\/\" target=\"_blank\" rel=\"noopener\">Diffus\u00e9 par Tautem<\/a><\/p>\t\t\t\t\t\t\t\t<\/div>\n\t\t\t\t<\/div>\n\t\t\t\t\t<\/div>\n\t\t<\/div>\n\t\t\t\t\t<\/div>\n\t\t<\/section>\n\t\t\t\t<section class=\"elementor-section elementor-top-section elementor-element elementor-element-3369670 elementor-section-boxed elementor-section-height-default elementor-section-height-default exad-glass-effect-no exad-sticky-section-no\" data-id=\"3369670\" data-element_type=\"section\" data-e-type=\"section\">\n\t\t\t\t\t\t<div class=\"elementor-container elementor-column-gap-default\">\n\t\t\t\t\t<div class=\"elementor-column elementor-col-20 elementor-top-column elementor-element elementor-element-8292192 exad-glass-effect-no exad-sticky-section-no\" data-id=\"8292192\" data-element_type=\"column\" data-e-type=\"column\">\n\t\t\t<div class=\"elementor-widget-wrap\">\n\t\t\t\t\t\t\t<\/div>\n\t\t<\/div>\n\t\t\t\t<div class=\"elementor-column elementor-col-20 elementor-top-column elementor-element elementor-element-50aa16a exad-glass-effect-no exad-sticky-section-no\" data-id=\"50aa16a\" data-element_type=\"column\" data-e-type=\"column\">\n\t\t\t<div class=\"elementor-widget-wrap\">\n\t\t\t\t\t\t\t<\/div>\n\t\t<\/div>\n\t\t\t\t<div class=\"elementor-column elementor-col-20 elementor-top-column elementor-element elementor-element-d1dcdb9 exad-glass-effect-no exad-sticky-section-no\" data-id=\"d1dcdb9\" data-element_type=\"column\" data-e-type=\"column\">\n\t\t\t<div class=\"elementor-widget-wrap elementor-element-populated\">\n\t\t\t\t\t\t<div class=\"elementor-element elementor-element-b515a76 exad-sticky-section-no exad-glass-effect-no elementor-widget elementor-widget-image\" data-id=\"b515a76\" data-element_type=\"widget\" data-e-type=\"widget\" data-widget_type=\"image.default\">\n\t\t\t\t<div class=\"elementor-widget-container\">\n\t\t\t\t\t\t\t\t\t\t\t\t\t\t\t\t<a href=\"http:\/\/sas-sab.fr\/\" target=\"_blank\">\n\t\t\t\t\t\t\t<img decoding=\"async\" width=\"1660\" height=\"1034\" src=\"http:\/\/www.musees-mediterranee.org\/wp-content\/uploads\/2020\/02\/sabli\u00e8re.jpg\" class=\"attachment-full size-full wp-image-481\" alt=\"\" srcset=\"http:\/\/www.musees-mediterranee.org\/wp-content\/uploads\/2020\/02\/sabli\u00e8re.jpg 1660w, http:\/\/www.musees-mediterranee.org\/wp-content\/uploads\/2020\/02\/sabli\u00e8re-300x187.jpg 300w, http:\/\/www.musees-mediterranee.org\/wp-content\/uploads\/2020\/02\/sabli\u00e8re-768x478.jpg 768w, http:\/\/www.musees-mediterranee.org\/wp-content\/uploads\/2020\/02\/sabli\u00e8re-1024x638.jpg 1024w\" sizes=\"(max-width: 1660px) 100vw, 1660px\" \/>\t\t\t\t\t\t\t\t<\/a>\n\t\t\t\t\t\t\t\t\t\t\t\t\t\t\t<\/div>\n\t\t\t\t<\/div>\n\t\t\t\t\t<\/div>\n\t\t<\/div>\n\t\t\t\t<div class=\"elementor-column elementor-col-20 elementor-top-column elementor-element elementor-element-b81c282 exad-glass-effect-no exad-sticky-section-no\" data-id=\"b81c282\" data-element_type=\"column\" data-e-type=\"column\">\n\t\t\t<div class=\"elementor-widget-wrap\">\n\t\t\t\t\t\t\t<\/div>\n\t\t<\/div>\n\t\t\t\t<div class=\"elementor-column elementor-col-20 elementor-top-column elementor-element elementor-element-9482619 exad-glass-effect-no exad-sticky-section-no\" data-id=\"9482619\" data-element_type=\"column\" data-e-type=\"column\">\n\t\t\t<div class=\"elementor-widget-wrap\">\n\t\t\t\t\t\t\t<\/div>\n\t\t<\/div>\n\t\t\t\t\t<\/div>\n\t\t<\/section>\n\t\t\t\t<section class=\"elementor-section elementor-top-section elementor-element elementor-element-efc62bb elementor-section-boxed elementor-section-height-default elementor-section-height-default exad-glass-effect-no exad-sticky-section-no\" data-id=\"efc62bb\" data-element_type=\"section\" data-e-type=\"section\">\n\t\t\t\t\t\t<div class=\"elementor-container elementor-column-gap-default\">\n\t\t\t\t\t<div class=\"elementor-column elementor-col-100 elementor-top-column elementor-element elementor-element-03329b9 exad-glass-effect-no exad-sticky-section-no\" data-id=\"03329b9\" data-element_type=\"column\" data-e-type=\"column\">\n\t\t\t<div class=\"elementor-widget-wrap elementor-element-populated\">\n\t\t\t\t\t\t<div class=\"elementor-element elementor-element-2cdde2d exad-sticky-section-no exad-glass-effect-no elementor-widget elementor-widget-spacer\" data-id=\"2cdde2d\" data-element_type=\"widget\" data-e-type=\"widget\" data-widget_type=\"spacer.default\">\n\t\t\t\t<div class=\"elementor-widget-container\">\n\t\t\t\t\t\t\t<div class=\"elementor-spacer\">\n\t\t\t<div class=\"elementor-spacer-inner\"><\/div>\n\t\t<\/div>\n\t\t\t\t\t\t<\/div>\n\t\t\t\t<\/div>\n\t\t\t\t\t<\/div>\n\t\t<\/div>\n\t\t\t\t\t<\/div>\n\t\t<\/section>\n\t\t\t\t<\/div>\n\t\t","protected":false},"excerpt":{"rendered":"<p>L\u2019Association Mus\u00e9es M\u00e9diterran\u00e9e est co-signataire d\u2019une convention de m\u00e9c\u00e9nat, avec la Direction r\u00e9gionale des Affaires culturelles, service r\u00e9gional de l\u2019Arch\u00e9ologie ; la Soci\u00e9t\u00e9 Sabli\u00e8re du Beynon (SAS-Ventavon), m\u00e9c\u00e8ne ; le Centre Camille Jullian, Maison M\u00e9diterran\u00e9enne des Sciences de l\u2019Homme ; le laboratoire d\u2019Anthropologie bio-culturelle, droit, \u00e9thique et sant\u00e9 de la facult\u00e9 de m\u00e9decine de Marseille.<\/p>\n","protected":false},"author":1,"featured_media":1218,"comment_status":"closed","ping_status":"closed","sticky":false,"template":"","format":"standard","meta":{"_acf_changed":false,"_bbp_topic_count":0,"_bbp_reply_count":0,"_bbp_total_topic_count":0,"_bbp_total_reply_count":0,"_bbp_voice_count":0,"_bbp_anonymous_reply_count":0,"_bbp_topic_count_hidden":0,"_bbp_reply_count_hidden":0,"_bbp_forum_subforum_count":0,"iawp_total_views":38,"footnotes":""},"categories":[17],"tags":[79],"class_list":["post-1128","post","type-post","status-publish","format-standard","has-post-thumbnail","hentry","category-projet","tag-livre"],"acf":[],"_links":{"self":[{"href":"http:\/\/www.musees-mediterranee.org\/index.php\/wp-json\/wp\/v2\/posts\/1128","targetHints":{"allow":["GET"]}}],"collection":[{"href":"http:\/\/www.musees-mediterranee.org\/index.php\/wp-json\/wp\/v2\/posts"}],"about":[{"href":"http:\/\/www.musees-mediterranee.org\/index.php\/wp-json\/wp\/v2\/types\/post"}],"author":[{"embeddable":true,"href":"http:\/\/www.musees-mediterranee.org\/index.php\/wp-json\/wp\/v2\/users\/1"}],"replies":[{"embeddable":true,"href":"http:\/\/www.musees-mediterranee.org\/index.php\/wp-json\/wp\/v2\/comments?post=1128"}],"version-history":[{"count":0,"href":"http:\/\/www.musees-mediterranee.org\/index.php\/wp-json\/wp\/v2\/posts\/1128\/revisions"}],"wp:featuredmedia":[{"embeddable":true,"href":"http:\/\/www.musees-mediterranee.org\/index.php\/wp-json\/wp\/v2\/media\/1218"}],"wp:attachment":[{"href":"http:\/\/www.musees-mediterranee.org\/index.php\/wp-json\/wp\/v2\/media?parent=1128"}],"wp:term":[{"taxonomy":"category","embeddable":true,"href":"http:\/\/www.musees-mediterranee.org\/index.php\/wp-json\/wp\/v2\/categories?post=1128"},{"taxonomy":"post_tag","embeddable":true,"href":"http:\/\/www.musees-mediterranee.org\/index.php\/wp-json\/wp\/v2\/tags?post=1128"}],"curies":[{"name":"wp","href":"https:\/\/api.w.org\/{rel}","templated":true}]}}